{"id":461317,"date":"2015-04-10T21:39:48","date_gmt":"2015-04-11T01:39:48","guid":{"rendered":"http:\/\/diarioelpopular.com\/?p=461317"},"modified":"2015-04-15T12:28:28","modified_gmt":"2015-04-15T16:28:28","slug":"obama-y-castro-dejan-atras-el-conflicto-que-dividio-america","status":"publish","type":"post","link":"https:\/\/diarioelpopular.com\/index.php\/2015\/04\/10\/obama-y-castro-dejan-atras-el-conflicto-que-dividio-america\/","title":{"rendered":"Obama y Castro dejan atr\u00e1s el conflicto que dividi\u00f3 Am\u00e9rica"},"content":{"rendered":"<div id=\"attachment_461318\" style=\"width: 570px\" class=\"wp-caption aligncenter\"><a href=\"https:\/\/diarioelpopular.com\/wp-content\/uploads\/2015\/04\/1428704972_802840_1428715819_noticia_normal.jpg\"><img loading=\"lazy\" decoding=\"async\" aria-describedby=\"caption-attachment-461318\" class=\"size-full wp-image-461318\" src=\"https:\/\/diarioelpopular.com\/wp-content\/uploads\/2015\/04\/1428704972_802840_1428715819_noticia_normal.jpg\" alt=\"Obama y Ra\u00fal Castro, juntos en la inauguraci\u00f3n de la Cumbre. \" width=\"560\" height=\"375\" \/><\/a><p id=\"caption-attachment-461318\" class=\"wp-caption-text\">Obama y Ra\u00fal Castro, juntos en la inauguraci\u00f3n de la Cumbre.<\/p><\/div>\n<p style=\"color: #333333\"><strong><em>PANAMA.-<\/em><\/strong> La reconciliaci\u00f3n entre\u00a0<a style=\"color: #016ca2\" href=\"http:\/\/elpais.com\/tag\/estados_unidos\/a\/\">Estados Unidos<\/a>\u00a0y\u00a0<a style=\"color: #016ca2\" href=\"http:\/\/elpais.com\/tag\/cuba\/a\/\">Cuba<\/a>\u00a0vivir\u00e1 este s\u00e1bado un momento clave, la imagen con la que ambos Gobiernos intentar\u00e1n certificar que el deshielo entre ambos pa\u00edses, adversarios desde hace m\u00e1s de medio siglo, es irreversible.<\/p>\n<p style=\"color: #333333\"><a style=\"color: #016ca2\" href=\"http:\/\/internacional.elpais.com\/internacional\/2015\/04\/10\/actualidad\/1428676177_585506.html\">El presidente de Estados Unidos, Barack Obama<\/a>, y su hom\u00f3logo cubano,\u00a0<a style=\"color: #016ca2\" href=\"http:\/\/elpais.com\/tag\/raul_castro\/a\/\">Ra\u00fal Castro<\/a>, se reunir\u00e1n en los m\u00e1rgenes de la VII Cumbre de las Am\u00e9ricas, que ha comenzado este viernes y terminar\u00e1 el s\u00e1bado en Panam\u00e1. La reuni\u00f3n, precedida de una cuidada coreograf\u00eda destinada a preparar la foto de la reconciliaci\u00f3n, es la primera entre dos mandatorios de Cuba y EE UU desde que en 1956 Dwight Eisenhower y Fulgencio Batista se reunieron, tambi\u00e9n en Panam\u00e1.<\/p>\n<p style=\"color: #333333\">Despu\u00e9s llegaron la revoluci\u00f3n castrista, la invasi\u00f3n fallida de exiliados cubanos, la crisis de los misiles y d\u00e9cadas de confrontaci\u00f3n y resentimientos entre el r\u00e9gimen castrista y la superpotencia mundial. El Muro de Berl\u00edn cay\u00f3 en 1989, pero la Guerra Fr\u00eda en\u00a0<a style=\"color: #016ca2\" href=\"http:\/\/elpais.com\/tag\/caribe\/a\/\">el Caribe<\/a>\u00a0ha perdurado un cuarto de siglo m\u00e1s, hasta que el 17 de diciembre pasado Obama y Castro anunciaron el fin de la enemistad con vistas al restablecimiento de las relaciones diplom\u00e1ticas y, en \u00faltima instancia, del levantamiento del embargo a la isla.<\/p>\n<p style=\"color: #333333\">No hay pol\u00edtica ni diplomacia sin gestos. La Cumbre de las Am\u00e9ricas, la primera en la que Cuba participa desde que este foro empez\u00f3 a celebrarse en 1994, es la ocasi\u00f3n para que Obama y Castro hablen con tiempo y para que los fot\u00f3grafos y camar\u00f3grafos fijen para los libros de historia un proceso en el que ambos l\u00edderes se juegan el legado.<\/p>\n<div id=\"sumario_1|foto\" class=\"izquierda\" style=\"color: #333333\"><a style=\"color: #016ca2\" name=\"sumario_1\"><\/a><\/p>\n<div class=\"media\">\n<div class=\"foto figure\"><img loading=\"lazy\" decoding=\"async\" title=\"\" src=\"http:\/\/ep01.epimg.net\/internacional\/imagenes\/2015\/04\/11\/actualidad\/1428704972_802840_1428709432_sumario_normal.jpg\" alt=\"\" width=\"300\" height=\"162\" \/><\/p>\n<p class=\"figcaption estirar\" style=\"color: #888888\">Castro y Obama se estrechan la mano en Sud\u00e1frica. \/ CH. S. (GETTY)<\/p>\n<p class=\"figcaption estirar\" style=\"color: #888888\">\n<\/div>\n<\/div>\n<\/div>\n<p style=\"color: #333333\">\u201cEntramos en un nuevo territorio\u201d, dijo\u00a0<a style=\"color: #016ca2\" href=\"https:\/\/twitter.com\/rhodes44\">Ben Rhodes<\/a>, consejero de seguridad nacional adjunto en la Casa Blanca. \u201cEl motivo por el que hemos llegado aqu\u00ed es que el presidente cree que el enfoque basado en el aislamiento (&#8230;) ha fracasado\u201d. Fidel Castro y su hermano, Ra\u00fal, han sobrevivido a 10 presidentes de EE UU; d\u00e9cadas de medidas punitivas no han logrado cambiar a una de las \u00faltimas dictaduras comunistas del mundo.<\/p>\n<p style=\"color: #333333\">Las horas previas al inicio de la cumbre fueron un intenso sprint de mensajes, reuniones y gestos destinados a evitar que se estropease la escenificaci\u00f3n del deshielo.<\/p>\n<p style=\"color: #333333\">El mi\u00e9rcoles, antes de volar a\u00a0<a style=\"color: #016ca2\" href=\"http:\/\/internacional.elpais.com\/internacional\/2015\/04\/10\/actualidad\/1428633542_405038.html\">Panam\u00e1<\/a>, Obama y Castro hablaron por tel\u00e9fono. Era su segunda conversaci\u00f3n: la primera, m\u00e1s extensa, se desarroll\u00f3 el 16 de diciembre pasado, horas antes del anuncio de la nueva pol\u00edtica.<\/p>\n<p style=\"color: #333333\">El jueves por la noche, ya en\u00a0<a style=\"color: #016ca2\" href=\"http:\/\/internacional.elpais.com\/internacional\/2014\/12\/06\/actualidad\/1417825415_808259.html\">Panam\u00e1<\/a>, el secretario de Estado John Kerry se reuni\u00f3 con su hom\u00f3logo cubano, Bruno Rodr\u00edguez. Era la primera reuni\u00f3n oficial entre los jefes de las diplomacias estadounidense y cubana desde la que mantuvieron, en 1958, John Foster Dulles y Gonzalo G\u00fcell.<\/p>\n<p style=\"color: #333333\">Todas las comparaciones, en cada paso de la normalizaci\u00f3n entre Washington y La Habana, remiten a antecedentes de hace d\u00e9cadas. Cuando, en un encuentro con la prensa, un periodista pregunt\u00f3 a Rhodes si la reuni\u00f3n de Panam\u00e1 era equiparable a reuniones anteriores, como la de Eisenhower y Batista o la del entonces vicepresidente Richard Nixon con Fidel Castro, en 1959, el asesor de Obama respondi\u00f3: \u201cMe parece una comparaci\u00f3n adecuada\u201d.<\/p>\n<p style=\"color: #333333\">La de Panam\u00e1 es la primera reuni\u00f3n, pero no la primera vez que dos l\u00edderes estadounidense y cubano se saludan desde el encuentro de Eisenhower y Batista, cuando Obama no hab\u00eda nacido y Ra\u00fal Castro era un joven revolucionario a la sombra de su hermano Fidel. Bill Clinton y Fidel Castro se vieron brevemente durante una reuni\u00f3n de la ONU en Nueva York, en el a\u00f1o 2000. Y los propios Obama y Castro se saludaron durante unos segundos\u00a0<a style=\"color: #016ca2\" href=\"http:\/\/internacional.elpais.com\/internacional\/2013\/12\/11\/actualidad\/1386716621_319301.html\">en Johannesburgo en 2013, durante los funerales de Nelson Mandela<\/a>, el h\u00e9roe de la reconciliaci\u00f3n sudafricana.<\/p>\n<p style=\"color: #333333\">La Casa Blanca no descartaba este viernes que, antes de la reuni\u00f3n del s\u00e1bado, Obama y Castro se saludasen durante los actos inaugurales de la cumbre.<\/p>\n<p style=\"color: #333333\">Una de las inc\u00f3gnitas en v\u00edsperas de la cumbre era si\u00a0<a style=\"color: #016ca2\" href=\"http:\/\/internacional.elpais.com\/internacional\/2015\/04\/10\/actualidad\/1428676177_585506.html\">Obama anunciar\u00eda la retirada de Cuba de la lista de Estados que patrocinan el terrorismo.<\/a>\u00a0EE UU la incluy\u00f3 en la lista en 1982, durante la presidencia de Ronald Reagan. La Administraci\u00f3n Obama ha concluido que ya existen pocos motivos para mantener esta pol\u00edtica. Todo est\u00e1 a punto para que Obama proponga la retirada de la lista, un gesto con un enorme potencial simb\u00f3lico .\u00a0<a style=\"color: #016ca2\" href=\"http:\/\/internacional.elpais.com\/internacional\/2014\/12\/18\/actualidad\/1418860602_810014.html\">El embargo, cuyo levantamiento definitivo depende del Congreso de EE UU, sigue en pie.<\/a><\/p>\n<p style=\"color: #333333\">Toda cumbre internacional tiene mucho de teatro y dramatizaci\u00f3n, y una de las tramas paralelas es el anuncio de la retirada de la lista. Podr\u00eda aprovechar para hacerlo en la reuni\u00f3n con Castro o esperar unos d\u00edas. El siguiente paso, tambi\u00e9n cargado de simbolismo, ser\u00e1 la reapertura de las embajadas. Las relaciones diplom\u00e1ticas se interrumpieron en 1961.<\/p>\n<p style=\"color: #333333\">En la coreograf\u00eda de Panam\u00e1 han sonado notas discordantes. EE UU ha desplegado sus esfuerzos, con una visita a Caracas de un emisario de Obama, para evitar que Venezuela arruinase la armon\u00eda. Y el acoso, durante actos previos a la cumbre, de disidentes cubanos por parte de activistas adscritos al r\u00e9gimen, ha revelado que para Cuba una cosa es el di\u00e1logo con EE UU y otra el di\u00e1logo con su oposici\u00f3n interna.<\/p>\n<p style=\"color: #333333\"><a style=\"color: #016ca2\" href=\"https:\/\/www.whitehouse.gov\/\">La Casa Blanca<\/a>\u00a0y el Departamento de Estado condenaron el viernes los actos violentos contra la oposici\u00f3n. Y en Panam\u00e1 Obama ha coincidido con miembros de la disidencia en un acto de la sociedad civil latinoamericana.<\/p>\n<p style=\"color: #333333\">La democratizaci\u00f3n de Cuba puede ser la consecuencia final de su apertura a EE UU, pero no figura entre los objetivos inmediatos de Obama, como tampoco figuraba entre los objetivos de Nixon cuando viaj\u00f3 a Pek\u00edn para reunirse con Mao Zedong en 1972, otra comparaci\u00f3n que se escucha estos d\u00edas.<\/p>\n<p style=\"color: #333333\">\u201cEstamos comprometidos con el establecimiento de relaciones diplom\u00e1ticas, no con el cambio de r\u00e9gimen\u201d, dijo Rhodes. \u201cEstados Unidos no est\u00e1 en el negocio de derrocar gobiernos en Am\u00e9rica Latina\u201d. Para Washington, el giro en la pol\u00edtica cubana tambi\u00e9n es un giro en la pol\u00edtica latinoamericana.<\/p>\n","protected":false},"excerpt":{"rendered":"<p>Washington y La Habana preparan para el s\u00e1bado la primera reuni\u00f3n de presidentes desde antes de la revoluci\u00f3n<\/p>\n","protected":false},"author":5842,"featured_media":0,"comment_status":"open","ping_status":"open","sticky":false,"template":"","format":"standard","meta":{"footnotes":""},"categories":[23],"tags":[],"class_list":["post-461317","post","type-post","status-publish","format-standard","hentry","category-latinoamerica"],"_links":{"self":[{"href":"https:\/\/diarioelpopular.com\/index.php\/wp-json\/wp\/v2\/posts\/461317","targetHints":{"allow":["GET"]}}],"collection":[{"href":"https:\/\/diarioelpopular.com\/index.php\/wp-json\/wp\/v2\/posts"}],"about":[{"href":"https:\/\/diarioelpopular.com\/index.php\/wp-json\/wp\/v2\/types\/post"}],"author":[{"embeddable":true,"href":"https:\/\/diarioelpopular.com\/index.php\/wp-json\/wp\/v2\/users\/5842"}],"replies":[{"embeddable":true,"href":"https:\/\/diarioelpopular.com\/index.php\/wp-json\/wp\/v2\/comments?post=461317"}],"version-history":[{"count":1,"href":"https:\/\/diarioelpopular.com\/index.php\/wp-json\/wp\/v2\/posts\/461317\/revisions"}],"predecessor-version":[{"id":461319,"href":"https:\/\/diarioelpopular.com\/index.php\/wp-json\/wp\/v2\/posts\/461317\/revisions\/461319"}],"wp:attachment":[{"href":"https:\/\/diarioelpopular.com\/index.php\/wp-json\/wp\/v2\/media?parent=461317"}],"wp:term":[{"taxonomy":"category","embeddable":true,"href":"https:\/\/diarioelpopular.com\/index.php\/wp-json\/wp\/v2\/categories?post=461317"},{"taxonomy":"post_tag","embeddable":true,"href":"https:\/\/diarioelpopular.com\/index.php\/wp-json\/wp\/v2\/tags?post=461317"}],"curies":[{"name":"wp","href":"https:\/\/api.w.org\/{rel}","templated":true}]}}