{"id":461334,"date":"2015-04-10T22:03:04","date_gmt":"2015-04-11T02:03:04","guid":{"rendered":"http:\/\/diarioelpopular.com\/?p=461334"},"modified":"2015-04-10T22:03:11","modified_gmt":"2015-04-11T02:03:11","slug":"un-juez-argentino-ordena-la-detencion-de-justin-bieber","status":"publish","type":"post","link":"https:\/\/diarioelpopular.com\/index.php\/2015\/04\/10\/un-juez-argentino-ordena-la-detencion-de-justin-bieber\/","title":{"rendered":"Un juez argentino ordena la detenci\u00f3n de Justin Bieber"},"content":{"rendered":"<div id=\"attachment_461335\" style=\"width: 310px\" class=\"wp-caption aligncenter\"><a href=\"https:\/\/diarioelpopular.com\/wp-content\/uploads\/2015\/04\/1428706399_895774_1428708689_noticia_normal.jpg\"><img loading=\"lazy\" decoding=\"async\" aria-describedby=\"caption-attachment-461335\" class=\"size-full wp-image-461335\" src=\"https:\/\/diarioelpopular.com\/wp-content\/uploads\/2015\/04\/1428706399_895774_1428708689_noticia_normal.jpg\" alt=\"El cantante Justin Bieber.\" width=\"300\" height=\"212\" \/><\/a><p id=\"caption-attachment-461335\" class=\"wp-caption-text\">El cantante Justin Bieber.<\/p><\/div>\n<p style=\"color: #333333\">BUENOS AIRES.- M\u00e1s vale que\u00a0<a style=\"color: #016ca2\" href=\"http:\/\/www.justinbiebermusic.com\/\">Justin Bieber<\/a>\u00a0no pise territorio argentino. Un juez de Buenos Aires, Alberto Ba\u00f1os, orden\u00f3 este viernes la detenci\u00f3n del cantante pop canadiense \u00eddolo de adolescentes por todo el mundo por presunta agresi\u00f3n a un fot\u00f3grafo y un c\u00e1mara en su visita de 2013 a la capital argentina.<\/p>\n<p style=\"color: #333333\">Bieber, de 21 a\u00f1os, ten\u00eda 19 cuando vino a Buenos Aires a ofrecer dos conciertos en el estadio Monumental del River Plate. Despu\u00e9s del primero de ellos, sali\u00f3 a la discoteca Ink, en el barrio de Palermo Viejo, y fue all\u00ed donde los reporteros del sitio\u00a0<a style=\"color: #016ca2\" href=\"http:\/\/www.farandulashow.com\/\">Far\u00e1ndulaShow<\/a>intentaron capturar su imagen. Un guardaespaldas contratado aqu\u00ed, Hugo Hesny, y el entonces asistente de Bieber, Terrence Smalls, presuntamente agredieron a ambos y les quitaron el material fotogr\u00e1fico y de v\u00eddeo. Al d\u00eda siguiente, Bieber desilusion\u00f3 a las adolescentes que hab\u00edan acampado horas y horas para verle en su segundo concierto: se descompuso en medio del espect\u00e1culo y entonces lo dio por terminado. No era la primera vez que algo as\u00ed le suced\u00eda a este escandaloso cantante de canciones como\u00a0<em>One time<\/em>\u00a0o<em>Baby<\/em>.<\/p>\n<p style=\"color: #333333\">Bieber ya fue arrestado varias veces. Primero en 2012 por conducci\u00f3n temeraria en Canad\u00e1 y al a\u00f1o siguiente por vandalismo en Brasil.<a style=\"color: #016ca2\" href=\"http:\/\/elpais.com\/elpais\/2014\/01\/23\/gente\/1390483612_414841.html\">En 2014 volvi\u00f3 a ser detenido pero en EE UU por conducir bajo los efectos de la marihuana y el alcohol<\/a>. Tambi\u00e9n fue acusado por un vecino suyo en California por arrojarle huevos y por eso fue condenado a dos a\u00f1os de libertad condicional. Adem\u00e1s, el a\u00f1o pasado fue arrestado otras dos veces en Canad\u00e1 por peleas con otros conductores en la calle.<\/p>\n","protected":false},"excerpt":{"rendered":"<p>La justicia de Buenos Aires acusa al cantante canadiense de agredir a un fot\u00f3grafo y un c\u00e1mara<\/p>\n","protected":false},"author":5842,"featured_media":0,"comment_status":"open","ping_status":"open","sticky":false,"template":"","format":"standard","meta":{"footnotes":""},"categories":[23],"tags":[],"class_list":["post-461334","post","type-post","status-publish","format-standard","hentry","category-latinoamerica"],"_links":{"self":[{"href":"https:\/\/diarioelpopular.com\/index.php\/wp-json\/wp\/v2\/posts\/461334","targetHints":{"allow":["GET"]}}],"collection":[{"href":"https:\/\/diarioelpopular.com\/index.php\/wp-json\/wp\/v2\/posts"}],"about":[{"href":"https:\/\/diarioelpopular.com\/index.php\/wp-json\/wp\/v2\/types\/post"}],"author":[{"embeddable":true,"href":"https:\/\/diarioelpopular.com\/index.php\/wp-json\/wp\/v2\/users\/5842"}],"replies":[{"embeddable":true,"href":"https:\/\/diarioelpopular.com\/index.php\/wp-json\/wp\/v2\/comments?post=461334"}],"version-history":[{"count":1,"href":"https:\/\/diarioelpopular.com\/index.php\/wp-json\/wp\/v2\/posts\/461334\/revisions"}],"predecessor-version":[{"id":461336,"href":"https:\/\/diarioelpopular.com\/index.php\/wp-json\/wp\/v2\/posts\/461334\/revisions\/461336"}],"wp:attachment":[{"href":"https:\/\/diarioelpopular.com\/index.php\/wp-json\/wp\/v2\/media?parent=461334"}],"wp:term":[{"taxonomy":"category","embeddable":true,"href":"https:\/\/diarioelpopular.com\/index.php\/wp-json\/wp\/v2\/categories?post=461334"},{"taxonomy":"post_tag","embeddable":true,"href":"https:\/\/diarioelpopular.com\/index.php\/wp-json\/wp\/v2\/tags?post=461334"}],"curies":[{"name":"wp","href":"https:\/\/api.w.org\/{rel}","templated":true}]}}