{"id":461339,"date":"2015-04-13T12:23:27","date_gmt":"2015-04-13T16:23:27","guid":{"rendered":"http:\/\/diarioelpopular.com\/?p=461339"},"modified":"2015-04-13T12:23:44","modified_gmt":"2015-04-13T16:23:44","slug":"obama-logra-una-reconciliacion-con-america-latina-llena-de-desafios","status":"publish","type":"post","link":"https:\/\/diarioelpopular.com\/index.php\/2015\/04\/13\/obama-logra-una-reconciliacion-con-america-latina-llena-de-desafios\/","title":{"rendered":"Obama logra una reconciliaci\u00f3n con Am\u00e9rica Latina llena de desaf\u00edos"},"content":{"rendered":"<div id=\"attachment_461340\" style=\"width: 570px\" class=\"wp-caption aligncenter\"><a href=\"https:\/\/diarioelpopular.com\/wp-content\/uploads\/2015\/04\/1428884369_392742_1428914613_noticia_fotograma.jpg\"><img loading=\"lazy\" decoding=\"async\" aria-describedby=\"caption-attachment-461340\" class=\"size-large wp-image-461340\" src=\"https:\/\/diarioelpopular.com\/wp-content\/uploads\/2015\/04\/1428884369_392742_1428914613_noticia_fotograma-560x308.jpg\" alt=\"Encuentro entre Ra\u00fal Castro y Barack Obama en Panam\u00e1.\" width=\"560\" height=\"308\" \/><\/a><p id=\"caption-attachment-461340\" class=\"wp-caption-text\">Encuentro entre Ra\u00fal Castro y Barack Obama en Panam\u00e1.<\/p><\/div>\n<p style=\"color: #333333\">PANAMA.-\u00a0<a style=\"color: #016ca2\" href=\"http:\/\/internacional.elpais.com\/internacional\/2015\/04\/11\/actualidad\/1428776025_872280.html\" target=\"_blank\">El puente que el presidente de Estados Unidos, Barack Obama, ha tendido con Cuba<\/a>\u00a0no termina en La Habana. Llega a todas o casi todas las capitales de una Am\u00e9rica Latina que durante m\u00e1s de medio siglo clam\u00f3 contra la pol\u00edtica agresiva del gigante estadounidense hacia la peque\u00f1a isla.<\/p>\n<p style=\"color: #333333\">La regi\u00f3n, tras\u00a0<a style=\"color: #016ca2\" href=\"http:\/\/elpais.com\/tag\/cumbre_americas\/a\/\" target=\"_blank\">la Cumbre de las Am\u00e9ricas en Panam\u00e1<\/a>\u00a0de este fin de semana, empieza a constatar que\u00a0<a style=\"color: #016ca2\" href=\"http:\/\/internacional.elpais.com\/internacional\/2015\/04\/11\/actualidad\/1428776025_872280.html\" target=\"_blank\">ha comenzado una nueva era en las relaciones del vecino del norte con el sur<\/a>. Con muchas imperfecciones y a\u00fan grandes desconfianzas, pero diferente. Y todos reconocen \u2014algunos muy a rega\u00f1adientes a\u00fan\u2014 que el art\u00edfice de este cambio tan reclamado durante d\u00e9cadas tiene un nombre:\u00a0<a style=\"color: #016ca2\" href=\"http:\/\/elpais.com\/tag\/barack_obama\/a\/\" target=\"_blank\">Barack Obama.<\/a><\/p>\n<p style=\"color: #333333\">El cambio de actitud ha tenido ya resultados concretos, como la deseada\u00a0<a style=\"color: #016ca2\" href=\"http:\/\/internacional.elpais.com\/internacional\/2015\/04\/12\/actualidad\/1428793637_867205.html\" target=\"_blank\">reconciliaci\u00f3n de Dilma Rousseff con EE UU<\/a>. Tras una reuni\u00f3n con la presidenta brasile\u00f1a, Obama anunci\u00f3 que \u00e9sta viajar\u00e1 a Washington el 30 de junio. Cumplir\u00e1 as\u00ed, por fin, la visita pendiente desde octubre de 2013, suspendida por el enfado de la mandataria tras conocer el espionaje al que fue sometida por la NSA.<\/p>\n<p style=\"color: #333333\">Pero el camino del reencuentro estadounidense con Cuba especialmente, y por extensi\u00f3n de la regi\u00f3n, es a\u00fan largo y tortuoso. A Obama adem\u00e1s le va a costar venderlo en casa.<\/p>\n<p style=\"color: #333333\">Tras las sonrisas,\u00a0<a style=\"color: #016ca2\" href=\"http:\/\/elpais.com\/elpais\/2015\/04\/11\/videos\/1428747204_661666.html\" target=\"_blank\">apretones de manos y grandes palabras que intercambiaron en p\u00fablico Obama y Castro<\/a>, faltan todav\u00eda muchos gestos concretos. Pese a tener ya todos los elementos solicitados y hasta una decisi\u00f3n tomada, Obama se resiste a anunciar si saca a Cuba de la lista de Estados patrocinadores del terrorismo. La Habana y Washington no han conseguido tampoco fijar una fecha para reabrir embajadas.<\/p>\n<p style=\"color: #333333\">Despu\u00e9s queda la eliminaci\u00f3n del embargo comercial a la isla, que requerir\u00e1 una dura negociaci\u00f3n con un Congreso estadounidense que debe derogarlo y donde no todos ven con buenos ojos el acercamiento al enemigo hist\u00f3rico. Cuba tambi\u00e9n reclama la devoluci\u00f3n del territorio donde se erige\u00a0<a style=\"color: #016ca2\" href=\"http:\/\/elpais.com\/tag\/base_guantanamo\/a\/\" target=\"_blank\">la base naval estadounidense de Guant\u00e1namo<\/a>, cuya prisi\u00f3n Obama tampoco ha logrado cerrar.<\/p>\n<p style=\"color: #333333\">Persiste adem\u00e1s el diferendo venezolano tras la decisi\u00f3n de imponer sanciones a siete altos funcionarios del Gobierno de Nicol\u00e1s Maduro. Obama aprovech\u00f3 la cita paname\u00f1a para mantener\u00a0<a style=\"color: #016ca2\" href=\"http:\/\/internacional.elpais.com\/internacional\/2015\/04\/11\/actualidad\/1428783788_886770.html\" target=\"_blank\">un encuentro informal con Maduro<\/a>\u00a0en el que volvi\u00f3 a reiterar, cara a cara, que \u201cEE UU no tiene inter\u00e9s en amenazar a Venezuela sino en apoyar la democracia, la estabilidad y prosperidad en Venezuela y la regi\u00f3n\u201d, seg\u00fan la Casa Blanca. Las cr\u00edticas a la acci\u00f3n norteamericana escuchadas en Panam\u00e1 dejaron claro que Obama tiene todav\u00eda mucho por hacer para vencer una desconfianza muy arraigada en la regi\u00f3n. \u201cSuperar un pasado en el que EE UU consider\u00f3 a Am\u00e9rica Latina su patio trasero va a llevar a\u00f1os de acci\u00f3n diplom\u00e1tica\u201d, dice Joy Olson, directora de la Oficina en Washington para Asuntos Latinoamericanos.<\/p>\n<p style=\"color: #333333\">Pero tiempo es lo que le empieza a faltar a Obama. Con la entrada de la dem\u00f3crata\u00a0<a style=\"color: #016ca2\" href=\"http:\/\/internacional.elpais.com\/internacional\/2015\/04\/12\/actualidad\/1428855057_094287.html\" target=\"_blank\">Hillary Clinton en la batalla por llegar a la Casa Blanca en 2016<\/a>, y la del republicano Marco Rubio \u2014enemigo ac\u00e9rrimo de un acercamiento a Cuba\u2014 EE UU se zambulle hoy en una larga campa\u00f1a electoral. El tiempo de descuento del mandato de Obama se acelera. Y a\u00fan tiene que resolver otros grandes frentes internacionales, como concluir la negociaci\u00f3n con Ir\u00e1n, que tantas suspicacias crea incluso entre los dem\u00f3cratas.<\/p>\n<div id=\"sumario_2|despiece\" class=\"centro\" style=\"color: #333333\"><a style=\"color: #016ca2\" name=\"sumario_2\"><\/a><\/p>\n<div class=\"aside estirar\">\n<h2 style=\"color: #30302b\">Aferrados a la ret\u00f3rica contra el imperio<\/h2>\n<p style=\"color: #30302b\">Ni siquiera el acercamiento entre los presidentes Ra\u00fal Castro y Barack Obama logr\u00f3 que mandatarios como el ecuatoriano Rafael Correa o el boliviano Evo Morales bajaran en la cumbre el tono de su dial\u00e9ctica frente al &#8220;imperialismo&#8221; estadounidense.<\/p>\n<p style=\"color: #30302b\">&#8220;El discurso de Castro, notablemente conciliatorio, hizo que los de Maduro, Correa, Morales y Cristina Fern\u00e1ndez sonaran muy anacr\u00f3nicos&#8221;, se\u00f1ala Michael Shifter, del Di\u00e1logo Interamericano. &#8220;Esos presidentes no est\u00e1n en sinton\u00eda con el discurso dominante de la regi\u00f3n, que es m\u00e1s pragm\u00e1tico y menos beligerante&#8221;.<\/p>\n<p style=\"color: #30302b\">&#8220;Varios pa\u00edses, liderados por Venezuela, quieren aferrarse al argumento de que EE UU es una amenaza existencial a su independencia&#8221;, coincide Peter Kornbluh. Para el autor del libro sobre medio siglo de negociaciones secretas entre La Habana y Washington, Back Channel to Cuba , se trata de &#8220;pura pol\u00edtica&#8221;. &#8220;Parte de su identidad, de ser l\u00edderes populistas y permanecer en el poder se basa en criticar a EE UU e einsinuar que existe una amenaza donde no la hay&#8221;.<\/p>\n<p style=\"color: #30302b\">&#8220;Acusar a EE UU de los males es pr\u00e1ctico y funciona para distraer la atenci\u00f3n de la responsabilidad propia ante los problemas&#8221;, recuerda Joy Olson, directora de la Oficina en Washington para Asuntos Latinoamericanos.<\/p>\n<\/div>\n<\/div>\n","protected":false},"excerpt":{"rendered":"<p>El presidente tendr\u00e1 que lidiar con un Congreso hostil a su pol\u00edtica exterior.<\/p>\n","protected":false},"author":5842,"featured_media":0,"comment_status":"open","ping_status":"open","sticky":false,"template":"","format":"standard","meta":{"footnotes":""},"categories":[23],"tags":[],"class_list":["post-461339","post","type-post","status-publish","format-standard","hentry","category-latinoamerica"],"_links":{"self":[{"href":"https:\/\/diarioelpopular.com\/index.php\/wp-json\/wp\/v2\/posts\/461339","targetHints":{"allow":["GET"]}}],"collection":[{"href":"https:\/\/diarioelpopular.com\/index.php\/wp-json\/wp\/v2\/posts"}],"about":[{"href":"https:\/\/diarioelpopular.com\/index.php\/wp-json\/wp\/v2\/types\/post"}],"author":[{"embeddable":true,"href":"https:\/\/diarioelpopular.com\/index.php\/wp-json\/wp\/v2\/users\/5842"}],"replies":[{"embeddable":true,"href":"https:\/\/diarioelpopular.com\/index.php\/wp-json\/wp\/v2\/comments?post=461339"}],"version-history":[{"count":1,"href":"https:\/\/diarioelpopular.com\/index.php\/wp-json\/wp\/v2\/posts\/461339\/revisions"}],"predecessor-version":[{"id":461341,"href":"https:\/\/diarioelpopular.com\/index.php\/wp-json\/wp\/v2\/posts\/461339\/revisions\/461341"}],"wp:attachment":[{"href":"https:\/\/diarioelpopular.com\/index.php\/wp-json\/wp\/v2\/media?parent=461339"}],"wp:term":[{"taxonomy":"category","embeddable":true,"href":"https:\/\/diarioelpopular.com\/index.php\/wp-json\/wp\/v2\/categories?post=461339"},{"taxonomy":"post_tag","embeddable":true,"href":"https:\/\/diarioelpopular.com\/index.php\/wp-json\/wp\/v2\/tags?post=461339"}],"curies":[{"name":"wp","href":"https:\/\/api.w.org\/{rel}","templated":true}]}}