{"id":461384,"date":"2015-04-14T18:31:32","date_gmt":"2015-04-14T22:31:32","guid":{"rendered":"http:\/\/diarioelpopular.com\/?p=461384"},"modified":"2015-04-14T18:31:39","modified_gmt":"2015-04-14T22:31:39","slug":"la-infancia-victima-de-boko-haram","status":"publish","type":"post","link":"https:\/\/diarioelpopular.com\/index.php\/2015\/04\/14\/la-infancia-victima-de-boko-haram\/","title":{"rendered":"La infancia, v\u00edctima de Boko Haram"},"content":{"rendered":"<div id=\"cuerpo_noticia\" class=\"cuerpo_noticia\">\n<div id=\"attachment_461385\" style=\"width: 570px\" class=\"wp-caption aligncenter\"><a href=\"https:\/\/diarioelpopular.com\/wp-content\/uploads\/2015\/04\/1428948527_026008_1428951092_noticia_normal.jpg\"><img loading=\"lazy\" decoding=\"async\" aria-describedby=\"caption-attachment-461385\" class=\"size-full wp-image-461385\" src=\"https:\/\/diarioelpopular.com\/wp-content\/uploads\/2015\/04\/1428948527_026008_1428951092_noticia_normal.jpg\" alt=\"Aisha, de 13 a\u00f1os, vive en un campo de refugiados desde que miembros de Boko Haram atacaron su ciudad, mataron su padre y secuestraran a su madre.\" width=\"560\" height=\"373\" \/><\/a><p id=\"caption-attachment-461385\" class=\"wp-caption-text\">Aisha, de 13 a\u00f1os, vive en un campo de refugiados desde que miembros de Boko Haram atacaron su ciudad, mataron su padre y secuestraran a su madre.<\/p><\/div>\n<p>Nada se sabe de las <a href=\"http:\/\/internacional.elpais.com\/internacional\/2014\/04\/15\/actualidad\/1397576564_628164.html\" target=\"_blank\">m\u00e1s de 200 alumnas secuestradas<\/a> en Chibok (Nigeria) por <a href=\"http:\/\/elpais.com\/tag\/boko_haram\/a\/\" target=\"_blank\">Boko Haram<\/a> hace justo un a\u00f1o. <a href=\"http:\/\/elpais.com\/elpais\/2015\/04\/13\/planeta_futuro\/internacional.elpais.com\/internacional\/2015\/04\/11\/actualidad\/1428755747_974302.html\" target=\"_blank\">Se teme lo peor<\/a>, pues la ONU sospecha que muchas de ellas podr\u00edan haber sido asesinadas. Su ausencia se ha convertido en s\u00edmbolo de las m\u00e1s 2.000 mujeres de todas las edades que, seg\u00fan estimaciones del organismo internacional, han sido raptadas por el grupo terrorista en los \u00faltimos a\u00f1os.<\/p>\n<p>Su historia es el ejemplo del sufrimiento de la infancia en esta guerra entre los islamistas radicales, las fuerzas militares y los grupos de autodefensa civil en el noreste del pa\u00eds africano. Alrededor de 800.000 ni\u00f1os se han visto obligados a huir de la violencia a Chad, N\u00edger y Camer\u00fan. As\u00ed lo revela el informe <a href=\"http:\/\/www.unicef.es\/actualidad-documentacion\/publicaciones\/missing-childhoods-impact-armed-conflict-children-nigeria-and\" target=\"_blank\"><em>Missing Childhoods<\/em><\/a> (Infancias perdidas) publicado por Unicef.<\/p>\n<p>\u201cEl secuestro de m\u00e1s de 200 ni\u00f1as en Chibok es solo una de las tragedias sin fin que se repiten en una escala \u00e9pica a lo largo de Nigeria y de la regi\u00f3n\u201d, dice Manuel Fontaine, director regional de Unicef para \u00c1frica Occidental y Central, en un comunicado publicado por la organizaci\u00f3n.<\/p>\n<p>\u201cDecenas de ni\u00f1os y ni\u00f1as han desaparecido en Nigeria secuestrados, reclutados por los grupos armados, atacados, utilizados como arma de guerra, u obligados a huir de la violencia. Estos ni\u00f1os tienen derecho a que se les devuelva su infancia\u201d, a\u00f1ade.<\/p>\n<p>Para amplificar la alerta sobre el &#8220;impacto devastador&#8221; que supone el conflicto para los ni\u00f1os de la regi\u00f3n, el organismo lanza su mensaje y advertencia con <a href=\"http:\/\/bringbackourchildhood.tumblr.com\/\" target=\"_blank\">una campa\u00f1a<\/a> en redes sociales usando el <em>hashtag<\/em> <a href=\"https:\/\/twitter.com\/search?f=realtime&amp;q=%23BringBackOurChildhood&amp;src=tyah\" target=\"_blank\">#bringbackourchildhood<\/a> (devu\u00e9lvannos la infancia). El lema hace referencia al <a href=\"https:\/\/twitter.com\/hashtag\/bringbackourgirls\" target=\"_blank\">#Bringbackourgirls<\/a> que hace un a\u00f1o <a href=\"http:\/\/elpais.com\/elpais\/2014\/05\/13\/planeta_futuro\/1399988511_367696.html\" target=\"_blank\">inund\u00f3 Twitter despu\u00e9s de que personajes famosos<\/a>, incluso la primera dama estadounidense Michele Obama, lo usaran para exigir la liberaci\u00f3n de las estudiantes retenidas.<\/p>\n<p>El objetivo hoy es muy distinto: solicitar m\u00e1s ayuda internacional para dar respuesta a la crisis humanitaria. Tambi\u00e9n se invita a la gente a que comparta lo que echar\u00edan m\u00e1s de menos si les obligaran a abandonar sus casas utilizando el mencionado #bringbackourchildhood.<\/p>\n<p>La huida, sus causas y lo que dejan atr\u00e1s es precisamente lo que les pidieron que dibujaran a los peque\u00f1os nigerianos asistidos en los campos de refugiados. Las escenas de las ilustraciones, que la organizaci\u00f3n ha compartido como parte de la campa\u00f1a, est\u00e1n plagadas de disparos, decapitaciones, familiares desaparecidos y hogares destruidos.<\/p>\n<p>A\u00f1oran a sus padres, poder ir al hospital cuando caen enfermos o acudir a la escuela. Echan de menos los l\u00e1pices, un pescado, a un amigo.<\/p>\n<p>Y eso los que han conseguido escapar. <em>Missing Childhoods<\/em> describe c\u00f3mo el conflicto es una carga cada vez m\u00e1s pesada para los ni\u00f1os de Nigeria y de toda la regi\u00f3n. Seg\u00fan el documento, los menores est\u00e1n siendo utilizados en las filas de Boko Haram como combatientes, cocineros, porteadores y vig\u00edas. Las mujeres j\u00f3venes y las ni\u00f1as est\u00e1n siendo sometidas a matrimonios forzados, a trabajos en condiciones de esclavitud y son v\u00edctimas de violaciones. Y los estudiantes y maestros se han convertido de forma deliberada en objetivos de la violencia: m\u00e1s de 300 escuelas han sufrido da\u00f1os o han sido destruidas y al menos 196 profesores y 314 alumnos hab\u00edan muerto hasta finales de 2014.<\/p>\n<div id=\"sumario_3|foto\" class=\"centro\"><a name=\"sumario_3\"><\/a><\/p>\n<div class=\"media\">\n<div class=\"foto figure\"><a class=\"posicionador\" title=\"ver fotogaler\u00eda\" href=\"http:\/\/elpais.com\/elpais\/2015\/04\/13\/album\/1428939022_769102.html#1428939022_769102_1428940096\"> <img loading=\"lazy\" decoding=\"async\" title=\"Dibujo de Mamoudou, refugiado nigeriano atendido por Unicef en un campo en Camer\u00fan.\" src=\"http:\/\/ep01.epimg.net\/elpais\/imagenes\/2015\/04\/13\/planeta_futuro\/1428948527_026008_1428951411_sumario_normal.jpg\" alt=\"Dibujo de Mamoudou, refugiado nigeriano atendido por Unicef en un campo en Camer\u00fan.\" width=\"560\" height=\"398\" \/> <span id=\"capaAmpliarFotoReposo_p5\" class=\"ver_fotogaleria reposo\"><\/span> <\/a><\/p>\n<p class=\"figcaption estirar\">Dibujo de Mamoudou, refugiado nigeriano atendido por Unicef en un campo en Camer\u00fan.<\/p>\n<p class=\"figcaption estirar\">\n<\/div>\n<\/div>\n<\/div>\n<p>Esta realidad que revela el informe ha obligado a Unicef a intensificar su respuesta sobre el terreno en Chad, N\u00edger y Camer\u00fan, pa\u00edses a los que han llegado miles de familias nigerianas huyendo de la violencia. La organizaci\u00f3n afirma que en los \u00faltimos seis meses ha tenido que atender y dar apoyo psicosocial a m\u00e1s de 60.000 peque\u00f1os refugiados.&#8221;Para ayudar a aliviar el dolor que les producen los recuerdos, reducir el estr\u00e9s y hacer frente a la angustia emocional&#8221;, explica en una nota.<\/p>\n<p>Pero hay d\u00e9ficit de financiaci\u00f3n para continuar esta labor. Por eso, Unicef insta a los donantes internacionales a incrementar su apoyo econ\u00f3mico a las actividades de socorro en Nigeria y los pa\u00edses vecinos. La Agencia de la ONU para la Infancia asegura que ha recibido solo el 15% de los 26,5 millones de d\u00f3lares necesarios para asistir a las v\u00edctimas en Nigeria en 2015, y menos del 17% del llamamiento general de fondos para Camer\u00fan, el 2% para N\u00edger y el 1% en el caso de Chad.<\/p>\n<\/div>\n","protected":false},"excerpt":{"rendered":"<p>800.000 ni\u00f1os se han visto obligados a huir de Nigeria por la creciente violencia<br \/>\nUnicef advierte del impacto &#8220;devastador&#8221; del conflicto sobre los m\u00e1s peque\u00f1os y lanza el hashtag #bringbackourchildhood (devu\u00e9lvenos la infancia)<\/p>\n","protected":false},"author":5842,"featured_media":0,"comment_status":"open","ping_status":"open","sticky":false,"template":"","format":"standard","meta":{"footnotes":""},"categories":[24],"tags":[],"class_list":["post-461384","post","type-post","status-publish","format-standard","hentry","category-mundo"],"_links":{"self":[{"href":"https:\/\/diarioelpopular.com\/index.php\/wp-json\/wp\/v2\/posts\/461384","targetHints":{"allow":["GET"]}}],"collection":[{"href":"https:\/\/diarioelpopular.com\/index.php\/wp-json\/wp\/v2\/posts"}],"about":[{"href":"https:\/\/diarioelpopular.com\/index.php\/wp-json\/wp\/v2\/types\/post"}],"author":[{"embeddable":true,"href":"https:\/\/diarioelpopular.com\/index.php\/wp-json\/wp\/v2\/users\/5842"}],"replies":[{"embeddable":true,"href":"https:\/\/diarioelpopular.com\/index.php\/wp-json\/wp\/v2\/comments?post=461384"}],"version-history":[{"count":1,"href":"https:\/\/diarioelpopular.com\/index.php\/wp-json\/wp\/v2\/posts\/461384\/revisions"}],"predecessor-version":[{"id":461386,"href":"https:\/\/diarioelpopular.com\/index.php\/wp-json\/wp\/v2\/posts\/461384\/revisions\/461386"}],"wp:attachment":[{"href":"https:\/\/diarioelpopular.com\/index.php\/wp-json\/wp\/v2\/media?parent=461384"}],"wp:term":[{"taxonomy":"category","embeddable":true,"href":"https:\/\/diarioelpopular.com\/index.php\/wp-json\/wp\/v2\/categories?post=461384"},{"taxonomy":"post_tag","embeddable":true,"href":"https:\/\/diarioelpopular.com\/index.php\/wp-json\/wp\/v2\/tags?post=461384"}],"curies":[{"name":"wp","href":"https:\/\/api.w.org\/{rel}","templated":true}]}}