{"id":461409,"date":"2015-04-16T16:27:41","date_gmt":"2015-04-16T20:27:41","guid":{"rendered":"http:\/\/diarioelpopular.com\/?p=461409"},"modified":"2015-04-16T16:27:49","modified_gmt":"2015-04-16T20:27:49","slug":"rodrigo-rato-detenido","status":"publish","type":"post","link":"https:\/\/diarioelpopular.com\/index.php\/2015\/04\/16\/rodrigo-rato-detenido\/","title":{"rendered":"Rodrigo Rato, detenido"},"content":{"rendered":"<div id=\"attachment_461410\" style=\"width: 570px\" class=\"wp-caption aligncenter\"><a href=\"https:\/\/diarioelpopular.com\/wp-content\/uploads\/2015\/04\/1429202807_685875_1429209564_noticia_fotograma.jpg\"><img loading=\"lazy\" decoding=\"async\" aria-describedby=\"caption-attachment-461410\" class=\"size-large wp-image-461410\" src=\"https:\/\/diarioelpopular.com\/wp-content\/uploads\/2015\/04\/1429202807_685875_1429209564_noticia_fotograma-560x308.jpg\" alt=\"Momento de la detenci\u00f3n de Rato.\" width=\"560\" height=\"308\" \/><\/a><p id=\"caption-attachment-461410\" class=\"wp-caption-text\">Momento de la detenci\u00f3n de Rato.<\/p><\/div>\n<p style=\"color: #333333\"><strong><em>MADRID.-<\/em><\/strong> El exvicepresidente del Gobierno y exdirector gerente del Fondo Monetario Internacional,\u00a0<a style=\"color: #016ca2\" href=\"http:\/\/elpais.com\/tag\/rodrigo_rato\/a\/\">Rodrigo Rato<\/a>, ha sido detenido esta tarde tras el registro de su domicilio, practicado por agentes de la Agencia Tributaria a instancias de la Fiscal\u00eda de Madrid. Rato ha salido acompa\u00f1ado por varios agentes del Servicio de Vigilancia Aduanera que lo han metido en un coche policial que esperaba a la puerta de su casa, en una c\u00e9ntrica calle del madrile\u00f1o barrio de Salamanca.\u00a0<a style=\"color: #016ca2\" href=\"http:\/\/politica.elpais.com\/politica\/2015\/04\/16\/actualidad\/1429195780_456210.html\">La fiscal\u00eda investiga al exministro por fraude, alzamiento de bienes y blanqueo de capitales.<\/a><\/p>\n<p style=\"color: #333333\">A la salida de su domicilio, no iba esposado pero uno de los agentes, lo ha introducido en un Opel Insignia negro, sujet\u00e1ndole la nuca.Dos mujeres, que se presentaron como votantes del Partido Popular, lo insultaron varias veces llam\u00e1ndole &#8220;sinverg\u00fcenza&#8221; y le desearon que acabe en la c\u00e1rcel.Una docena de agentes de polic\u00eda de la Unidad de Intervenci\u00f3n R\u00e1pida establecieron un cord\u00f3n de seguridad para evitar incidentes.<\/p>\n<p style=\"color: #333333\">A continuaci\u00f3n, los efectivos del Servicio de Vigilancia Aduanera que han llevado a cabo el registro en esa vivienda del barrio de Salamanca, durante m\u00e1s de tres horas, han metido en la maleta de un coche camuflado al menos cuatro cajas con documentaci\u00f3n.<\/p>\n<p style=\"color: #333333\">Otro turismo traslad\u00f3 al ex director gerente del FMI durante 200 metros a un despacho cercano, donde los agentes policiales siguen practicando otro registro en presencia de Rato. Las ventajas del bajo est\u00e1n tapadas con cartones para evitar que los medios de comunicaci\u00f3n puedan tomar im\u00e1genes.<\/p>\n<p style=\"color: #333333\">Seg\u00fan han informado fuentes de la investigaci\u00f3n, el juez ha tenido que firmar una orden de detenci\u00f3n para que Rato pudiera abandonar su domicilio en un coche policial y continuar la investigaci\u00f3n.<\/p>\n<p style=\"color: #333333\">Vigilancia Aduanera tambi\u00e9n ha registrado un bufete de abogados de Sotogrande, en San Roque (C\u00e1diz), en el marco de la investigaci\u00f3n al exvicepresidente del Gobierno Rodrigo Rato por presunto fraude, alzamiento de bienes y blanqueo. Fuentes conocedoras de la investigaci\u00f3n han confirmado a Europa Press que varios funcionarios han inspeccionado en la tarde de este jueves el bufete de abogados Plaza, en el que han requisado &#8220;documentos y ordenadores&#8221;. Su objetivo es averiguar si las relaciones entre el mencionado bufete y Rodrigo Rato &#8220;tienen que ver o no&#8221; con la investigaci\u00f3n que se est\u00e1 desarrollando sobre \u00e9ste por supuestos delitos de fraude, alzamiento de bienes y blanqueo de capitales.<\/p>\n<div id=\"sumario_3|video\" class=\"centro\" style=\"color: #333333\"><a style=\"color: #016ca2\" name=\"sumario_3\"><\/a><\/p>\n<div class=\"media\">\n<div class=\"foto figure\">\n<div id=\"VideoPlayer_646626433\" class=\"video_MPEP\">\n<div id=\"divimg_1429202807_685875_1429212880ep-2\" class=\"img_MPEP\"><a id=\"posicionador_1429202807_685875_1429212880ep-2\" class=\"posicionador\" style=\"color: #016ca2\" title=\"Ver v\u00eddeo\"><\/a><img loading=\"lazy\" decoding=\"async\" id=\"caratula_1429202807_685875_1429212880ep-2\" src=\"http:\/\/ep02.epimg.net\/politica\/videos\/2015\/04\/16\/actualidad\/1429202807_685875_88496000_fotograma_3.jpg\" alt=\"\" width=\"460\" height=\"253\" border=\"0\" \/><\/div>\n<\/div>\n<\/div>\n<\/div>\n<\/div>\n<p style=\"color: #333333\">El arresto se produce despu\u00e9s de conocerse que\u00a0<a style=\"color: #016ca2\" href=\"http:\/\/elpais.com\/tag\/rodrigo_rato\/a\/\">Rato<\/a>, del PP, se acogi\u00f3 a la denominada\u00a0<a style=\"color: #016ca2\" href=\"http:\/\/economia.elpais.com\/economia\/2012\/03\/30\/actualidad\/1333111096_251883.html\">amnist\u00eda fiscal aprobada por el ejecutivo de Mariano Rajoy en 2012<\/a>. El tambi\u00e9n expresidente de Bankia pas\u00f3, entonces, a formar parte, seg\u00fan varios medios, de\u00a0<a style=\"color: #016ca2\" href=\"http:\/\/economia.elpais.com\/economia\/2015\/02\/17\/actualidad\/1424175506_415337.html\">los 705 investigados por la posible comisi\u00f3n de un delito de blanqueo de capitales,<\/a>\u00a0a trav\u00e9s del Servicio Ejecutivo de Prevenci\u00f3n y Blanqueo de Capitales (Sepblac). Antes de ser detenido Rato no ha querido confirmar ni desmentir esta informaci\u00f3n. \u201cEste es un tema personal y creo que no tengo obligaci\u00f3n de hacer declaraciones sobre el asunto\u201d, declar\u00f3 a EL PA\u00cdS.<\/p>\n<p style=\"color: #333333\">Los agentes del Servicio de Vigilancia Aduanera (SVA), que dependen de la Agencia Tributaria, llegaron al domicilio de Rato alrededor de las cuatro y media de la tarde. La actuaci\u00f3n se ha realizado por orden del juzgado n\u00famero 35 de Madrid, tras recibir una denuncia de la Fiscal\u00eda de Madrid contra Rato, seg\u00fan fuentes jur\u00eddicas. Seg\u00fan las mismas fuentes, la denuncia no se dirige exclusivamente contra Rodrigo Rato y en ella se requer\u00eda la &#8220;inmediata entrada y registro&#8221; en su domicilio.<\/p>\n<p style=\"color: #333333\">Fuentes de la fiscal\u00eda han informado de que el caso se encuentra bajo secreto de sumario. Los agentes han permanecido en el interior de la vivienda acompa\u00f1ados por un agente judicial y el propio exministro.<\/p>\n<p style=\"color: #333333\">El juez instructor del caso del supuesto fraude fiscal de Rodrigo Rato es Enrique de la Hoz Garc\u00eda. Este magistrado es el titular del Juzgado de Instrucci\u00f3n n\u00famero 40 de Madrid capital, pero se encarga tambi\u00e9n del Juzgado de Instrucci\u00f3n n\u00famero 35, en el que ha reca\u00eddo la causa sobre el exministro de Econom\u00eda, despu\u00e9s de que la anterior titular, Gemma Gallego, cesara tras obtener una nueva plaza en el \u00faltimo concurso de traslados de magistrados convocado por el Poder Judicial.<\/p>\n<p style=\"color: #333333\">Rodrigo Rato se encuentra inmerso en otro proceso judicial del que han surgido varias investigaciones: por la salida a bolsa de Bankia, por el uso de las tarjetas black de Caja Madrid, por el cobro de un sueldo de\u00a0<a style=\"color: #016ca2\" href=\"http:\/\/politica.elpais.com\/politica\/2014\/12\/01\/actualidad\/1417443727_287826.html\">seis millones de euros de la banca de inversiones Lazard<\/a>, en la que trabaj\u00f3 como asesor y que luego hizo el informe de salida a bolsa de Bankia cuando Rato ya era presidente. Sin embargo, seg\u00fan fuentes de la Audiencia Nacional, la orden de registro no ha surgido del juzgado del magistrado Fernando Andreu, que es el que instruye el\u00a0<a style=\"color: #016ca2\" href=\"http:\/\/elpais.com\/tag\/caso_bankia\/a\/\"><em>caso Bankia<\/em><\/a>.<\/p>\n<p style=\"color: #333333\"><a style=\"color: #016ca2\" href=\"http:\/\/elpais.com\/tag\/rafael_catala_polo\/a\/\">El ministro de Justicia,<\/a>\u00a0Rafael Catal\u00e1, considera que\u00a0<a style=\"color: #016ca2\" href=\"http:\/\/politica.elpais.com\/politica\/2015\/04\/16\/actualidad\/1429195780_456210.html\">el registro en el domicilio del exvicepresidente del Gobierno Rodrigo Rato<\/a>\u00a0en el marco de una investigaci\u00f3n de la Agencia Tributaria demuestra que la ley es &#8220;igual para todos&#8221;. En los pasillos del Congreso de los Diputados, Catal\u00e1 ha asegurado no tener m\u00e1s informaci\u00f3n que la aportada por los medios de comunicaci\u00f3n aunque s\u00ed cree que e<a style=\"color: #016ca2\" href=\"http:\/\/politica.elpais.com\/politica\/2015\/04\/16\/actualidad\/1429201822_629530.html\">sta actuaci\u00f3n es la prueba de que el Estado de derecho funciona<\/a>\u00a0y que los jueces y fiscales investigan. En el mismo sentido, el secretario de Estado de Relaciones con las Cortes, Jos\u00e9 Luis Ayll\u00f3n<strong>,<\/strong>\u00a0ha insistido en que el Ejecutivo es &#8220;implacable&#8221; e &#8220;imparcial&#8221; en la lucha contra el fraude y que, por lo tanto, &#8220;la cuesti\u00f3n no es qui\u00e9n, sino qu\u00e9&#8221;. Seg\u00fan ha abundado, se act\u00faa ante &#8220;cualquier il\u00edcito&#8221; o &#8220;indicio de incumplimiento de la norma&#8221; y eso es lo que tiene que &#8220;tranquilizar&#8221; a los ciudadanos.<\/p>\n","protected":false},"excerpt":{"rendered":"<p>La polic\u00eda se lleva al exvicepresidente del Gobierno arrestado tras el registro de su domicilio<\/p>\n","protected":false},"author":5842,"featured_media":0,"comment_status":"open","ping_status":"open","sticky":false,"template":"","format":"standard","meta":{"footnotes":""},"categories":[24],"tags":[],"class_list":["post-461409","post","type-post","status-publish","format-standard","hentry","category-mundo"],"_links":{"self":[{"href":"https:\/\/diarioelpopular.com\/index.php\/wp-json\/wp\/v2\/posts\/461409","targetHints":{"allow":["GET"]}}],"collection":[{"href":"https:\/\/diarioelpopular.com\/index.php\/wp-json\/wp\/v2\/posts"}],"about":[{"href":"https:\/\/diarioelpopular.com\/index.php\/wp-json\/wp\/v2\/types\/post"}],"author":[{"embeddable":true,"href":"https:\/\/diarioelpopular.com\/index.php\/wp-json\/wp\/v2\/users\/5842"}],"replies":[{"embeddable":true,"href":"https:\/\/diarioelpopular.com\/index.php\/wp-json\/wp\/v2\/comments?post=461409"}],"version-history":[{"count":1,"href":"https:\/\/diarioelpopular.com\/index.php\/wp-json\/wp\/v2\/posts\/461409\/revisions"}],"predecessor-version":[{"id":461411,"href":"https:\/\/diarioelpopular.com\/index.php\/wp-json\/wp\/v2\/posts\/461409\/revisions\/461411"}],"wp:attachment":[{"href":"https:\/\/diarioelpopular.com\/index.php\/wp-json\/wp\/v2\/media?parent=461409"}],"wp:term":[{"taxonomy":"category","embeddable":true,"href":"https:\/\/diarioelpopular.com\/index.php\/wp-json\/wp\/v2\/categories?post=461409"},{"taxonomy":"post_tag","embeddable":true,"href":"https:\/\/diarioelpopular.com\/index.php\/wp-json\/wp\/v2\/tags?post=461409"}],"curies":[{"name":"wp","href":"https:\/\/api.w.org\/{rel}","templated":true}]}}