{"id":461513,"date":"2015-04-20T17:37:06","date_gmt":"2015-04-20T21:37:06","guid":{"rendered":"http:\/\/diarioelpopular.com\/?p=461513"},"modified":"2015-04-20T17:37:20","modified_gmt":"2015-04-20T21:37:20","slug":"la-oms-admite-que-reacciono-tarde-y-mal-frente-al-ebola","status":"publish","type":"post","link":"https:\/\/diarioelpopular.com\/index.php\/2015\/04\/20\/la-oms-admite-que-reacciono-tarde-y-mal-frente-al-ebola\/","title":{"rendered":"La OMS admite que reaccion\u00f3 tarde y mal frente al \u00e9bola"},"content":{"rendered":"<div id=\"cuerpo_noticia\" class=\"cuerpo_noticia\">\n<div id=\"attachment_461514\" style=\"width: 570px\" class=\"wp-caption aligncenter\"><a href=\"https:\/\/diarioelpopular.com\/wp-content\/uploads\/2015\/04\/1429553654_019412_1429556150_noticia_normal.jpg\"><img loading=\"lazy\" decoding=\"async\" aria-describedby=\"caption-attachment-461514\" class=\"size-full wp-image-461514\" src=\"https:\/\/diarioelpopular.com\/wp-content\/uploads\/2015\/04\/1429553654_019412_1429556150_noticia_normal.jpg\" alt=\"Una mujer llora tras la muerte de su marido en 2014 en Liberia.\" width=\"560\" height=\"255\" \/><\/a><p id=\"caption-attachment-461514\" class=\"wp-caption-text\">Una mujer llora tras la muerte de su marido en 2014 en Liberia.<\/p><\/div>\n<p>La Organizaci\u00f3n Mundial de la Salud (OMS) ofreci\u00f3 <a href=\"http:\/\/sociedad.elpais.com\/sociedad\/2014\/08\/08\/actualidad\/1407523056_432292.html\" target=\"_blank\">una respuesta inicial lenta e insuficiente, no fue lo bastante agresiva a la hora de alertar al mundo<\/a>, su capacidad de reacci\u00f3n fue limitada, no fue eficaz en la coordinaci\u00f3n con otros organismos, hubo deficiencias en la comunicaci\u00f3n de riesgos y confusi\u00f3n de papeles y de responsabilidades dentro de la propia organizaci\u00f3n. As\u00ed lo reconoci\u00f3 la propia directora general de la OMS, Margaret Chan, en una declaraci\u00f3n hecha p\u00fablica el pasado jueves en lo que supone un ejercicio in\u00e9dito de autocr\u00edtica y prop\u00f3sito de enmienda de este organismo internacional <a href=\"http:\/\/sociedad.elpais.com\/sociedad\/2014\/08\/08\/actualidad\/1407482139_509227.html\" target=\"_blank\">respecto a la gesti\u00f3n llevada a cabo durante la epidemia de \u00e9bola<\/a> en \u00c1frica occidental, que en casi 17 meses de desarrollo desde el primer caso en diciembre de 2013 <a href=\"http:\/\/sociedad.elpais.com\/sociedad\/2014\/09\/02\/actualidad\/1409687238_106794.html\" target=\"_blank\">ha provocado 25.826 contagios y 10.704 muertes hasta la fecha<\/a>.<\/p>\n<p>\u201cEste brote de \u00e9bola nos ha demostrado que el mundo, incluida la OMS, est\u00e1 mal preparado para una epidemia de larga duraci\u00f3n\u201d. Esta es una de las frases que abren la declaraci\u00f3n de Chan y de los m\u00e1ximos responsables de este organismo internacional, en la que detallan los errores que cometieron para finalmente poner el acento en la necesidad de reformar esta agencia de la ONU, concluyendo con un llamamiento a los l\u00edderes mundiales: \u201c<a href=\"http:\/\/sociedad.elpais.com\/sociedad\/2014\/09\/25\/actualidad\/1411668983_854974.html\" target=\"_blank\">P\u00eddannos responsabilidades. Nos comprometemos a asegurar que la OMS se reformar\u00e1<\/a> y estar\u00e1 bien situada para desempe\u00f1ar el leg\u00edtimo papel que le corresponde en epidemias y en seguridad sanitaria global en general. Algunos han dicho que el mundo necesita que se cree un nuevo organismo. Estamos de acuerdo y queremos que la OMS sea ese nuevo organismo\u201d.<\/p>\n<p>La OMS habla de \u201clecciones aprendidas\u201d. En primer lugar, una lecci\u00f3n de humildad. \u201cHemos visto que viejas enfermedades en contextos nuevos generan nuevas sorpresas. Y tomamos seria nota de las cr\u00edticas recibidas\u201d, en referencia a la reacci\u00f3n de la OMS ante el brote de \u00e9bola, que se declar\u00f3 oficialmente el 21 de marzo de 2014 en Guinea y que hasta el 8 de agosto, cuatro meses y medio despu\u00e9s, no fue declarado emergencia sanitaria internacional por Naciones Unidas. <a href=\"http:\/\/internacional.elpais.com\/internacional\/2015\/03\/22\/actualidad\/1427030515_601641.html\" target=\"_blank\">Para ese entonces los muertos ya hab\u00edan superado el millar<\/a>. Este organismo internacional admite que puede \u201cdar una respuesta muy eficaz a epidemias peque\u00f1as o de mediano tama\u00f1o\u201d, pero ante \u201cuna emergencia de este nivel\u201d los \u201cactuales sistemas, tanto los nacionales como el internacional, sencillamente no funcionaron\u201d, afirma.<\/p>\n<p>Una parte de la autocr\u00edtica de la OMS est\u00e1 centrada en su relaci\u00f3n con <a href=\"http:\/\/elpais.com\/elpais\/2014\/11\/10\/planeta_futuro\/1415621460_864914.html\" target=\"_blank\">las comunidades afectadas, uno de los factores que han favorecido una mayor transmisi\u00f3n<\/a> cuando, por ejemplo, la poblaci\u00f3n se ha resistido a cambiar sus pr\u00e1cticas funerarias. \u201cTenemos que aprender a escuchar si queremos ser escuchados. Hemos aprendido la importancia del respeto por la cultura (\u2026), dar poder a las comunidades debe ser una acci\u00f3n, no un clich\u00e9\u201d. Otra ense\u00f1anza que la OMS dice haber recibido es la de la solidaridad. \u201cEn una epidemia estamos todos en peligro. Hemos aprendido que el sistema global de vigilancia y respuesta es tan fuerte como su eslab\u00f3n m\u00e1s d\u00e9bil y que en un mundo cada vez m\u00e1s globalizado una enfermedad que amenaza a un pa\u00eds es una amenaza para todos\u201d.<\/p>\n<p>Para hacer frente mejor a futuras grandes epidemias \u2014que \u201cno sabemos cu\u00e1ndo ni cu\u00e1l ser\u00e1 la causa, pero la historia nos dice que la habr\u00e1\u201d, dice la OMS\u2014, la organizaci\u00f3n se ha comprometido a ampliar su personal especializado en hasta 2.000 personas y a crear una Unidad de Emergencia de Salud Global capaz de responder de manera inmediata a un reto como el \u00e9bola.<\/p>\n<div id=\"sumario_1|despiece\" class=\"centro\"><a name=\"sumario_1\"><\/a><\/p>\n<div class=\"aside estirar\">\n<h2>Menos casos y m\u00e1s concentrados<\/h2>\n<p>Cada vez se habla menos de ella, pero la epidemia de \u00e9bola que ha golpeado con fuerza a Liberia, Guinea y Sierra Leona sigue activa en estos dos \u00faltimos pa\u00edses. Eso s\u00ed, cada vez hay menos casos. En la \u00faltima semana se han producido 37 nuevos contagios frente a los 2.000 que lleg\u00f3 a haber en el pico de la epidemia el pasado verano, y hay una tendencia a la concentraci\u00f3n en la misma zona geogr\u00e1fica: las dos capitales, Conakry y Freetown, y una zona fronteriza entre ambos pa\u00edses. En Liberia, en cambio, llevan casi un mes sin nuevos casos.<\/p>\n<p>Pese a ello, la OMS ha alertado del peligro que representa la existencia de una sola persona enferma y ha pedido al mundo que se mantenga vigilante. \u201cEste brote est\u00e1 lejos de haberse terminado. Y frente a la creciente complacencia y fatiga, debemos seguir apoyando a los pa\u00edses afectados hasta que acabe. El \u00e9bola ha demostrado su capacidad de propagaci\u00f3n y puede hacerlo de nuevo\u201d, dice el documento que public\u00f3 el jueves este organismo.<\/p>\n<p>Una cuesti\u00f3n que preocupa mucho en la actualidad es el descubrimiento de trazas del virus en el semen de pacientes seis meses despu\u00e9s de su curaci\u00f3n, cuando hasta ahora se pensaba que el \u00e9bola solo pod\u00eda resistir tres meses en este fluido corporal. Ello puede causar contagios a sus parejas.<\/p>\n<p>Los presidentes de los tres pa\u00edses se reunieron la semana pasada en Washington con representantes del Fondo Monetario Internacional y el Banco Mundial para solicitar un Plan Marshall de 8.000 millones de d\u00f3lares (7.500 millones de euros) que les ayude a salir de la crisis econ\u00f3mica en que les ha sumido la epidemia.<\/p>\n<h2>De crisis en crisis<\/h2>\n<ul class=\"en_contenido\">\n<li><strong>2002.<\/strong>Neumon\u00eda asi\u00e1tica. Fue la primera gran crisis sanitaria del siglo XXI. La OMS fue acusada de minimizar el problema para no enfadar a China.<\/li>\n<\/ul>\n<ul class=\"en_contenido\">\n<li><strong>2005.<\/strong> Gripe aviar. La enfermedad a\u00fan no ha sido controlada, pero no es tan peligrosa en humanos como se tem\u00eda.<\/li>\n<\/ul>\n<ul class=\"en_contenido\">\n<li><strong>2009.<\/strong> Gripe A. La OMS declar\u00f3 la pandemia por seguir un protocolo que no evaluaba la gravedad de la infecci\u00f3n, sino su extensi\u00f3n. Tuvo que rectificar.<\/li>\n<\/ul>\n<ul class=\"en_contenido\">\n<li><strong>2014.<\/strong> \u00c9bola. Se tard\u00f3 cuatro meses en declarar el brote y otros cuatro en decretar la emergencia.<\/li>\n<\/ul>\n<\/div>\n<\/div>\n<\/div>\n","protected":false},"excerpt":{"rendered":"<p>&#8220;Tomamos seria nota de las cr\u00edticas recibidas&#8221;, dice la directora del organismo<\/p>\n","protected":false},"author":5842,"featured_media":0,"comment_status":"open","ping_status":"open","sticky":false,"template":"","format":"standard","meta":{"footnotes":""},"categories":[24],"tags":[],"class_list":["post-461513","post","type-post","status-publish","format-standard","hentry","category-mundo"],"_links":{"self":[{"href":"https:\/\/diarioelpopular.com\/index.php\/wp-json\/wp\/v2\/posts\/461513","targetHints":{"allow":["GET"]}}],"collection":[{"href":"https:\/\/diarioelpopular.com\/index.php\/wp-json\/wp\/v2\/posts"}],"about":[{"href":"https:\/\/diarioelpopular.com\/index.php\/wp-json\/wp\/v2\/types\/post"}],"author":[{"embeddable":true,"href":"https:\/\/diarioelpopular.com\/index.php\/wp-json\/wp\/v2\/users\/5842"}],"replies":[{"embeddable":true,"href":"https:\/\/diarioelpopular.com\/index.php\/wp-json\/wp\/v2\/comments?post=461513"}],"version-history":[{"count":1,"href":"https:\/\/diarioelpopular.com\/index.php\/wp-json\/wp\/v2\/posts\/461513\/revisions"}],"predecessor-version":[{"id":461515,"href":"https:\/\/diarioelpopular.com\/index.php\/wp-json\/wp\/v2\/posts\/461513\/revisions\/461515"}],"wp:attachment":[{"href":"https:\/\/diarioelpopular.com\/index.php\/wp-json\/wp\/v2\/media?parent=461513"}],"wp:term":[{"taxonomy":"category","embeddable":true,"href":"https:\/\/diarioelpopular.com\/index.php\/wp-json\/wp\/v2\/categories?post=461513"},{"taxonomy":"post_tag","embeddable":true,"href":"https:\/\/diarioelpopular.com\/index.php\/wp-json\/wp\/v2\/tags?post=461513"}],"curies":[{"name":"wp","href":"https:\/\/api.w.org\/{rel}","templated":true}]}}