{"id":461608,"date":"2015-04-23T18:06:38","date_gmt":"2015-04-23T22:06:38","guid":{"rendered":"http:\/\/diarioelpopular.com\/?p=461608"},"modified":"2015-04-23T18:06:44","modified_gmt":"2015-04-23T22:06:44","slug":"aznar-se-solidariza-con-felipe-gonzalez-por-los-ataques-de-venezuela","status":"publish","type":"post","link":"https:\/\/diarioelpopular.com\/index.php\/2015\/04\/23\/aznar-se-solidariza-con-felipe-gonzalez-por-los-ataques-de-venezuela\/","title":{"rendered":"Aznar se solidariza con Felipe Gonz\u00e1lez por los ataques de Venezuela"},"content":{"rendered":"<div id=\"attachment_461609\" style=\"width: 570px\" class=\"wp-caption aligncenter\"><a href=\"https:\/\/diarioelpopular.com\/wp-content\/uploads\/2015\/04\/1429811656_744727_1429812222_noticia_normal.jpg\"><img loading=\"lazy\" decoding=\"async\" aria-describedby=\"caption-attachment-461609\" class=\"size-full wp-image-461609\" src=\"https:\/\/diarioelpopular.com\/wp-content\/uploads\/2015\/04\/1429811656_744727_1429812222_noticia_normal.jpg\" alt=\"Jos\u00e9 Mar\u00eda Aznar.\" width=\"560\" height=\"330\" \/><\/a><p id=\"caption-attachment-461609\" class=\"wp-caption-text\">Jos\u00e9 Mar\u00eda Aznar.<\/p><\/div>\n<p style=\"color: #333333\">La solidaridad entre expresidentes existe. El exmandatario espa\u00f1ol Jos\u00e9 Mar\u00eda Aznar, del Partido Popular, ha mostrado esta ma\u00f1ana en M\u00e9xico su apoyo a su antecesor en el cargo, el socialista Felipe Gonz\u00e1lez, tras haber sido\u00a0<a style=\"color: #016ca2\" href=\"http:\/\/internacional.elpais.com\/internacional\/2015\/04\/23\/actualidad\/1429745435_081907.html\" target=\"_blank\">declarado persona\u00a0<em>non grata<\/em>\u00a0por el Parlamento<\/a>\u00a0venezolano. El chavismo impuso este calificativo a Gonz\u00e1lez, que se mantiene firme en su proyecto, despu\u00e9s de que este diese a conocer su intenci\u00f3n de participar como asesor en la defensa de los dirigentes opositores\u00a0<a style=\"color: #016ca2\" href=\"http:\/\/elpais.com\/tag\/leopoldo_lopez_mendoza\/a\/\" target=\"_blank\">Leopoldo L\u00f3pez<\/a>\u00a0y\u00a0<a style=\"color: #016ca2\" href=\"http:\/\/elpais.com\/tag\/antonio_ledezma\/a\/\" target=\"_blank\">Antonio Ledezma<\/a>, recluidos en el penal militar de Ramo Verde. La decisi\u00f3n de la Asamblea venezolana llega tras una intensa campa\u00f1a contra las autoridades espa\u00f1olas y que incluye al actual presidente, Mariano Rajoy. El r\u00e9gimen venezolano ha llegado a afirmar que desde Espa\u00f1a se financia y apoya el \u201cterrorismo contra Venezuela\u201d.<\/p>\n<p style=\"color: #333333\">\u201cMe solidarizo con las personas que lo est\u00e1n pasando mal en Venezuela y que est\u00e1n siendo atacados, incluyendo a mi predecesor\u201d, afirm\u00f3 Aznar, para, acto seguido, recordar que, junto a 30 expresidentes iberoamericanos, entre ellos Gonz\u00e1lez, ha denunciado la \u201cfalta de garant\u00edas democr\u00e1ticas de Venezuela en un escrito que exige la puesta en libertad de los presos pol\u00edticos y la celebraci\u00f3n de elecciones \u201clibres y justas\u201d. Este\u00a0<a style=\"color: #016ca2\" href=\"http:\/\/internacional.elpais.com\/internacional\/2015\/04\/09\/actualidad\/1428603563_314397.html\" target=\"_blank\">texto fue presentado el pasado 9 de abril<\/a>\u00a0aprovechando la apertura de la Cumbre de las Am\u00e9ricas en Panam\u00e1. \u201cEn Venezuela es manifiesta la ausencia de independencia de la justicia, la persecuci\u00f3n de quienes se manifiestan y se expresan pol\u00edticamente disidentes frente al gobierno, la presencia reiterada de actos de tortura por funcionarios del Estado, la existencia de grupos paraestatales armados y de apoyo al mismo Gobierno y el ambiente de impunidad\u201d, indicaba el escrito.<\/p>\n<p style=\"color: #333333\">Aznar, que no quiso explayarse sobre Venezuela y se remiti\u00f3 al citado texto como base de su postura, efectu\u00f3 sus declaraciones durante la presentaci\u00f3n en M\u00e9xico de la alianza entre el despacho internacional de abogados\u00a0<a style=\"color: #016ca2\" href=\"https:\/\/www.dlapiper.com\/en\/mexico\/\" target=\"_blank\">DLA Piper<\/a>, un gigante global con m\u00e1s de 4.200 letrados, con el bufete local Gallastegui y Lozano, especializado en la consultor\u00eda jur\u00eddica a empresas.<\/p>\n<p style=\"color: #333333\">El exmandatario, en calidad de socio de DLA Piper, dio rienda suelta a su \u201cpasi\u00f3n mexicana\u201d y alab\u00f3 el proceso reformista emprendido por el presidente Enrique Pe\u00f1a Nieto y sus \u201cextraordinarias potencialidades\u201d. \u201cCuanto m\u00e1s profundos sean los cambios, m\u00e1s competitivo ser\u00e1 el pa\u00eds\u201d, indic\u00f3 Aznar, quien puso sus ocho a\u00f1os de Gobierno (1996-2004) como ejemplo de despegue econ\u00f3mico. \u201cAquellas reformas catapultaron a Espa\u00f1a a los diez a\u00f1os de mayor crecimiento de su historia, fue una prosperidad sin precedentes. Por eso respaldo las reformas en M\u00e9xico y animo a que se profundicen\u201d, dijo.<\/p>\n<p style=\"color: #333333\">El desembarco de la multinacional jur\u00eddica en M\u00e9xico est\u00e1 vinculada a las oportunidades de negocio abiertas gracias a la liberalizaci\u00f3n del sector energ\u00e9tico, donde se ha puesto fin al monopolio del petr\u00f3leo. La apertura de este mercado y las posibilidades que ofrecen los yacimientos de gas de esquisto son vistas por los analistas como uno de las grandes polos de atracci\u00f3n de capital de Latinoam\u00e9rica.<\/p>\n<p style=\"color: #333333\">Junto a Aznar, particip\u00f3 en calidad de socio de DLA Piper, el ex embajador de Estados Unidos en M\u00e9xico Jeffrey Davidow, quien tambi\u00e9n apoy\u00f3 las reformas y destac\u00f3 la buena posici\u00f3n de M\u00e9xico para atraer inversiones. En la presentaci\u00f3n participaron los directivos de las dos firmas jur\u00eddicas aliadas.<\/p>\n","protected":false},"excerpt":{"rendered":"<p>El expresidente participa en el desembarco de una multinacional jur\u00eddica en M\u00e9xico<\/p>\n","protected":false},"author":5842,"featured_media":0,"comment_status":"open","ping_status":"open","sticky":false,"template":"","format":"standard","meta":{"footnotes":""},"categories":[23],"tags":[],"class_list":["post-461608","post","type-post","status-publish","format-standard","hentry","category-latinoamerica"],"_links":{"self":[{"href":"https:\/\/diarioelpopular.com\/index.php\/wp-json\/wp\/v2\/posts\/461608","targetHints":{"allow":["GET"]}}],"collection":[{"href":"https:\/\/diarioelpopular.com\/index.php\/wp-json\/wp\/v2\/posts"}],"about":[{"href":"https:\/\/diarioelpopular.com\/index.php\/wp-json\/wp\/v2\/types\/post"}],"author":[{"embeddable":true,"href":"https:\/\/diarioelpopular.com\/index.php\/wp-json\/wp\/v2\/users\/5842"}],"replies":[{"embeddable":true,"href":"https:\/\/diarioelpopular.com\/index.php\/wp-json\/wp\/v2\/comments?post=461608"}],"version-history":[{"count":1,"href":"https:\/\/diarioelpopular.com\/index.php\/wp-json\/wp\/v2\/posts\/461608\/revisions"}],"predecessor-version":[{"id":461610,"href":"https:\/\/diarioelpopular.com\/index.php\/wp-json\/wp\/v2\/posts\/461608\/revisions\/461610"}],"wp:attachment":[{"href":"https:\/\/diarioelpopular.com\/index.php\/wp-json\/wp\/v2\/media?parent=461608"}],"wp:term":[{"taxonomy":"category","embeddable":true,"href":"https:\/\/diarioelpopular.com\/index.php\/wp-json\/wp\/v2\/categories?post=461608"},{"taxonomy":"post_tag","embeddable":true,"href":"https:\/\/diarioelpopular.com\/index.php\/wp-json\/wp\/v2\/tags?post=461608"}],"curies":[{"name":"wp","href":"https:\/\/api.w.org\/{rel}","templated":true}]}}