{"id":461611,"date":"2015-04-23T18:09:22","date_gmt":"2015-04-23T22:09:22","guid":{"rendered":"http:\/\/diarioelpopular.com\/?p=461611"},"modified":"2015-04-23T18:09:29","modified_gmt":"2015-04-23T22:09:29","slug":"obama-admite-que-ee-uu-mato-por-error-a-dos-rehenes-occidentales","status":"publish","type":"post","link":"https:\/\/diarioelpopular.com\/index.php\/2015\/04\/23\/obama-admite-que-ee-uu-mato-por-error-a-dos-rehenes-occidentales\/","title":{"rendered":"Obama admite que EE UU mat\u00f3 por error a dos rehenes occidentales"},"content":{"rendered":"<p style=\"color: #333333\"><a href=\"https:\/\/diarioelpopular.com\/wp-content\/uploads\/2015\/04\/1429797444_412059_66486100_fotograma_4.jpg\"><img loading=\"lazy\" decoding=\"async\" class=\"aligncenter size-large wp-image-461612\" src=\"https:\/\/diarioelpopular.com\/wp-content\/uploads\/2015\/04\/1429797444_412059_66486100_fotograma_4-560x315.jpg\" alt=\"1429797444_412059_66486100_fotograma_4\" width=\"560\" height=\"315\" \/><\/a>En una declaraci\u00f3n absolutamente fuera de la norma con la que el presidente de Estados Unidos busc\u00f3 hacer de la necesidad virtud, Barack Obama compareci\u00f3 esta ma\u00f1ana en la Casa Blanca para admitir que dos rehenes en manos de Al Qaeda murieron el pasado enero en una operaci\u00f3n contraterrorista en la regi\u00f3n fronteriza entre Pakist\u00e1n y Afganist\u00e1n. Las v\u00edctimas son el estadounidense Warren Weinstein, 73 a\u00f1os, secuestrado en 2011, y el italiano Giovanni Lo Porto, 40, en manos de los terroristas desde 2012.<\/p>\n<p style=\"color: #333333\">Apesadumbrado, Obama pidi\u00f3 disculpas a las familias por haber matado de \u201cforma accidental\u201d a ambos hombres. \u201cComo presidente y comandante en jefe asumo toda la responsabilidad&#8221;. \u201cComo marido y padre no puedo ni imaginar la angustia que las familias de Weinstein y Lo Porto est\u00e1n viviendo hoy\u201d, dijo el presidente emitiendo un profundo suspiro. La Casa Blanca ha anunciado que compesar\u00e1 a las familias de los inocentes fallecidos.<\/p>\n<p style=\"color: #333333\">Con su declaraci\u00f3n, Obama buscaba adjudicarse la etiqueta de la transparencia ante tama\u00f1a tragedia. Y sin embargo omiti\u00f3 dos importantes datos durante su breve alocuci\u00f3n. Que el ataque en el que murieron los rehenes fue un ataque perpetrado con drones y que en una operaci\u00f3n posterior en esa zona fallecieron\u00a0<a style=\"color: #016ca2\" href=\"http:\/\/internacional.elpais.com\/internacional\/2015\/04\/23\/actualidad\/1429799832_150729.html\" target=\"_blank\">dos miembros de Al Qaeda que ten\u00edan pasaporte estadounidense.<\/a><\/p>\n<p style=\"color: #333333\">El portavoz de la Casa Blanca, Josh Earnest, en su habitual rueda de prensa diaria, ofreci\u00f3 m\u00e1s informaci\u00f3n. Las fechas en las que ocurrieron los ataques fueron el pasado 17 y 19 de enero, respectivamente. Earnest insisti\u00f3 en la palabra \u201caccidental\u201d para definir la muerte de Weinstein y Lo Porto y relat\u00f3 que el campamento atacado en primer lugar, y en el que se encontraban estos \u00faltimos, fue vigilado durante \u201cmuchas horas\u201d y no exist\u00eda constancia de que ambos hombres estuvieran ah\u00ed.<\/p>\n<p style=\"color: #333333\">Para salir al paso del debate que se avecina sobre\u00a0<a style=\"color: #016ca2\" href=\"http:\/\/internacional.elpais.com\/internacional\/2013\/03\/07\/actualidad\/1362687002_916428.html\" target=\"_blank\">el pol\u00e9mico uso de drones,<\/a>\u00a0la Casa Blanca inform\u00f3 en un comunicado que la operaci\u00f3n que cost\u00f3 la vida a Weinstein y Lo Porto &#8220;era legal y estaba dentro de las pol\u00edticas antiterroristas&#8221; ejercidas por el Gobierno de EE UU. A\u00fan as\u00ed, la Administraci\u00f3n est\u00e1 llevando a cabo &#8220;una revisi\u00f3n independiente&#8221; para determinar qu\u00e9 pas\u00f3 y evitar que algo semejante vuelva a pasar en el futuro. &#8220;Haremos lo posible para evitar que se repita&#8221;, subray\u00f3 Obama.<\/p>\n<p style=\"color: #333333\">Entonces, Obama recurri\u00f3 de nuevo a utilizar un error para resaltar una cualidad de Estados Unidos. \u201cUna de las cosas&#8221; que hacen de esta naci\u00f3n \u201cun pa\u00eds excepcional&#8221; es &#8220;nuestra disposici\u00f3n a enfrentar de lleno nuestras imperfecciones y aprender de nuestros errores&#8221;, declar\u00f3 Obama. &#8220;He ordenado una revisi\u00f3n completa de lo ocurrido. Vamos a identificar las lecciones que se pueden aprender de esta tragedia&#8221;, prometi\u00f3.<\/p>\n<p style=\"color: #333333\">Lo sucedido representa un duro golpe para la Agencia Central de Inteligencia (CIA, siglas en ingl\u00e9s) y su programa secreto de ataques con drones en Pakist\u00e1n, que el presidente Obama hered\u00f3 al llegar al poder en 2009 y posteriormente extendi\u00f3. Dos d\u00edas despu\u00e9s de la operaci\u00f3n que cost\u00f3 la vida a los dos rehenes occidentales, un ataque contra un campamento de Al Qaeda mataba a Ahmed Farouq, ciudadano norteamericano y l\u00edder de la organizaci\u00f3n terrorista en Pakist\u00e1n, y a Adam Gadahn,, tambi\u00e9n estadounidense cuyo nombre de guerra era Azzam El Americano, propagandista de Al Qaeda y quien durante la Administraci\u00f3n de George W. Bush fue acusado de traici\u00f3n y proveer apoyo militar al terrorismo.<\/p>\n<p style=\"color: #333333\">Normalmente, la Casa Blanca debe obtener una autorizaci\u00f3n especial para atacar a un norteamericano sospechoso de querer atentar contra EE UU. Pero supuestamente este no era el caso ya que ni Farouq ni Gadahn eran los objetivos de la operaci\u00f3n, seg\u00fan el portavoz de la Casa Blanca, que no quiso especificar qui\u00e9n lo era entonces.<\/p>\n<p style=\"color: #333333\">El concepto de\u00a0<em>guerra quir\u00fargica<\/em>\u00a0trajo consigo el de v\u00edctimas y da\u00f1os colaterales, porque no existen guerras as\u00e9pticas. Obama hoy ha recreado un escenario en el que habl\u00f3 de la \u201cconfusi\u00f3n de la batalla\u201d\u00a0<a style=\"color: #016ca2\" href=\"http:\/\/internacional.elpais.com\/internacional\/2011\/09\/30\/actualidad\/1317401034_480630.html\" target=\"_blank\">para tratar de justificar la muerte de dos inocentes.<\/a>\u00a0&#8220;Es una verdad amarga y cruel que en la confusi\u00f3n de la guerra en general, y en nuestra lucha contra los terroristas en particular, esos errores, algunas veces errores mortales, pueden suceder&#8221;, concedi\u00f3 el mandatario, que tras concluir su exposici\u00f3n abandon\u00f3 la sala de prensa, cabizbajo, sin aceptar preguntas, que por otra parte ning\u00fan reportero intent\u00f3 pronunciar.<\/p>\n","protected":false},"excerpt":{"rendered":"<p>La operaci\u00f3n ocurri\u00f3 en enero en la frontera entre Pakist\u00e1n y Afganist\u00e1n<\/p>\n","protected":false},"author":5842,"featured_media":0,"comment_status":"open","ping_status":"open","sticky":false,"template":"","format":"standard","meta":{"footnotes":""},"categories":[24],"tags":[],"class_list":["post-461611","post","type-post","status-publish","format-standard","hentry","category-mundo"],"_links":{"self":[{"href":"https:\/\/diarioelpopular.com\/index.php\/wp-json\/wp\/v2\/posts\/461611","targetHints":{"allow":["GET"]}}],"collection":[{"href":"https:\/\/diarioelpopular.com\/index.php\/wp-json\/wp\/v2\/posts"}],"about":[{"href":"https:\/\/diarioelpopular.com\/index.php\/wp-json\/wp\/v2\/types\/post"}],"author":[{"embeddable":true,"href":"https:\/\/diarioelpopular.com\/index.php\/wp-json\/wp\/v2\/users\/5842"}],"replies":[{"embeddable":true,"href":"https:\/\/diarioelpopular.com\/index.php\/wp-json\/wp\/v2\/comments?post=461611"}],"version-history":[{"count":1,"href":"https:\/\/diarioelpopular.com\/index.php\/wp-json\/wp\/v2\/posts\/461611\/revisions"}],"predecessor-version":[{"id":461613,"href":"https:\/\/diarioelpopular.com\/index.php\/wp-json\/wp\/v2\/posts\/461611\/revisions\/461613"}],"wp:attachment":[{"href":"https:\/\/diarioelpopular.com\/index.php\/wp-json\/wp\/v2\/media?parent=461611"}],"wp:term":[{"taxonomy":"category","embeddable":true,"href":"https:\/\/diarioelpopular.com\/index.php\/wp-json\/wp\/v2\/categories?post=461611"},{"taxonomy":"post_tag","embeddable":true,"href":"https:\/\/diarioelpopular.com\/index.php\/wp-json\/wp\/v2\/tags?post=461611"}],"curies":[{"name":"wp","href":"https:\/\/api.w.org\/{rel}","templated":true}]}}