{"id":461659,"date":"2015-04-28T21:38:47","date_gmt":"2015-04-29T01:38:47","guid":{"rendered":"http:\/\/diarioelpopular.com\/?p=461659"},"modified":"2015-04-28T21:38:55","modified_gmt":"2015-04-29T01:38:55","slug":"obama-dice-que-lo-sucedido-en-baltimore-no-es-una-crisis-nueva","status":"publish","type":"post","link":"https:\/\/diarioelpopular.com\/index.php\/2015\/04\/28\/obama-dice-que-lo-sucedido-en-baltimore-no-es-una-crisis-nueva\/","title":{"rendered":"Obama dice que lo sucedido en Baltimore no es una crisis nueva"},"content":{"rendered":"<div id=\"attachment_461660\" style=\"width: 570px\" class=\"wp-caption aligncenter\"><a href=\"https:\/\/diarioelpopular.com\/wp-content\/uploads\/2015\/04\/1430248539_287809_93531900_fotograma_1.jpg\"><img loading=\"lazy\" decoding=\"async\" aria-describedby=\"caption-attachment-461660\" class=\"size-large wp-image-461660\" src=\"https:\/\/diarioelpopular.com\/wp-content\/uploads\/2015\/04\/1430248539_287809_93531900_fotograma_1-560x315.jpg\" alt=\"Barack Obama, en su comparecencia este martes. \" width=\"560\" height=\"315\" \/><\/a><p id=\"caption-attachment-461660\" class=\"wp-caption-text\">Barack Obama, en su comparecencia este martes.<\/p><\/div>\n<p style=\"color: #333333\"><strong><em>WASHINGTON.-<\/em><\/strong> La Casa Blanca guard\u00f3 un sonoro silencio mientras\u00a0<a style=\"color: #016ca2\" href=\"http:\/\/elpais.com\/tag\/disturbios_baltimore_2015\/a\/\" target=\"_blank\">Baltimore se sum\u00eda el lunes en el caos<\/a>\u00a0y el fuego era la imagen de la \u00faltima protesta iniciada tras el entierro del \u00faltimo joven afroamericano a manos de polic\u00edas blancos. Observador distante, sabedor de que las relaciones raciales siguen siendo territorio minado en EEUU,\u00a0el primer presidente negro de la naci\u00f3n comparec\u00eda hoy martes obligado ante la prensa por exigencias de la agenda, que le situaba podio con podio con el primer ministro de jap\u00f3n, Shinzo Abe.<\/p>\n<p style=\"color: #333333\">Obama llevaba preparada la respuesta, larga, compuesta de seis puntos. \u00bfEst\u00e1 el pa\u00eds ante una crisis nacional, con el estado de emergencia declarado en Baltimore y la guardia nacional desplegada en las calles de una ciudad a menos de 40 minutos en coche de la Casa Blanca?, vino a preguntar la periodista, dejando al margen los juegos econ\u00f3micos resultado del tri\u00e1ngulo geopol\u00edtico que forman EEUU-China-Jap\u00f3n.<\/p>\n<p style=\"color: #333333\">Durante m\u00e1s de 15 minutos de soliloquio, Obama hizo\u00a0<a style=\"color: #016ca2\" href=\"http:\/\/internacional.elpais.com\/internacional\/2014\/08\/22\/actualidad\/1408727836_224918.html\" target=\"_blank\">los equilibrios pol\u00edticos-circenses que hace cada vez que se toca la raza,<\/a>\u00a0en general desde que asumi\u00f3 el poder en 2009, y en concreto desde que el verano pasado un polic\u00eda blanco matase a un joven negro desarmado en el hasta entonces an\u00f3nimo Ferguson (Misuri).<\/p>\n<p style=\"color: #333333\">As\u00ed, el presidente envi\u00f3 sus condolencias a la familia de\u00a0<a style=\"color: #016ca2\" href=\"http:\/\/internacional.elpais.com\/internacional\/2015\/04\/27\/actualidad\/1430154654_324810.html\" target=\"_blank\">Freddie Gray<\/a>; reconoci\u00f3 que entend\u00eda que esta quisiera respuestas a su muerte bajo custodia policial; mostr\u00f3 solidaridad con los polic\u00edas heridos en los disturbios; critic\u00f3 a los medios de comunicaci\u00f3n por quedarse solo con una parte de la historia y mostrar en bucle las im\u00e1genes del vandalismo pero no las de las protestas pac\u00edficas que se dieron durante el d\u00eda; arremeti\u00f3 contra los violentos a los que calific\u00f3 de criminales; y finaliz\u00f3 diciendo que la crisis era tal pero desde luego no nueva.<\/p>\n<p style=\"color: #333333\">\u201cEsto lleva sucediendo mucho tiempo\u201d, declar\u00f3 el mandatario, hijo de un hombre negro africano y una blanca de Kansas.\u00a0<a style=\"color: #016ca2\" href=\"http:\/\/internacional.elpais.com\/internacional\/2015\/03\/05\/actualidad\/1425519503_145076.html\" target=\"_blank\">\u201cNo es nuevo, no podemos pretender que lo es\u201d,<\/a>\u00a0insisti\u00f3 Obama reconociendo que entend\u00eda por qu\u00e9 los l\u00edderes religiosos y comunitarios hablaban de crisis. A Fergurson y Michael Brown les sigui\u00f3 Staten Island (Nueva York) y Eric Garner. Luego lleg\u00f3 Cleveland y Tamir Rice, un ni\u00f1o negro de 12 a\u00f1os al que un polic\u00eda blanco abat\u00eda en un parque porque cre\u00eda que el peque\u00f1o iba armado.<\/p>\n<p style=\"color: #333333\">Este mes,\u00a0<a style=\"color: #016ca2\" href=\"http:\/\/internacional.elpais.com\/internacional\/2015\/04\/08\/actualidad\/1428456835_130435.html\" target=\"_blank\">otra muerte a manos de la polic\u00eda pon\u00eda en el mapa a North Charleston, Carolina del Sur.<\/a>\u00a0En esta ocasi\u00f3n, la grabaci\u00f3n que un transeunte hizo de lo sucedido exoneraba a Walter Scott, conduc\u00eda a la c\u00e1rcel acusado de asesinato al agente Michael Slager y abr\u00eda el debate al poner la siguiente pregunta sobre la mesa: \u00bfcu\u00e1ntas muertes de hombres negros a manos de la polic\u00eda no habr\u00edan sido tapadas bajo el ep\u00edgrafe de \u201cuso necesario de la fuerza frente a un supuesto delincuente\u201d? Obama hizo una referencia velada a lo sucedido con el caso de Walter Scott al decir que tan solo hab\u00eda una buena noticia en esta dolorosa sucesi\u00f3n de muertes, el hecho de que \u201clas redes sociales\u201d ayudaban ahora a la propagaci\u00f3n de la verdad.<\/p>\n<p style=\"color: #333333\">Llegados a este punto y cuando a\u00fan no hab\u00eda pronunciado la mitad de su larga respuesta a una corta pregunta, el presidente pidi\u00f3 disculpas al primer ministro japon\u00e9s por monopolizar de tal manera su rueda de prensa conjunta. \u201cEsto es bastante importante para nosotros\u201d, dijo Obama apoyado en el podio y gir\u00e1ndose hacia Abe.<\/p>\n<div id=\"sumario_2|html\" class=\"izquierda\" style=\"color: #333333\"><a style=\"color: #016ca2\" name=\"sumario_2\"><\/a><\/p>\n<blockquote><p>No me hago ilusiones de que este Congreso vaya a invertir en las comunidades negras empobrecidas\u201d<\/p>\n<p class=\"autor_cita\" style=\"font-weight: bold;color: #000000\">Barack Obama<\/p>\n<\/blockquote>\n<\/div>\n<p style=\"color: #333333\">En la Casa Blanca, en Baltimore, en Estados Unidos hay ecos del pasado. El presidente de un pa\u00eds que se enriqueci\u00f3 con la esclavitud y que como naci\u00f3n tiene la mancha de la segregaci\u00f3n es cauto y en ocasiones dubitativo a la hora de expresar su frustraci\u00f3n y exasperaci\u00f3n para que no sea identificado con una sola comunidad. Frustraci\u00f3n porque, como \u00e9l mismo declar\u00f3, \u201cno me hago ilusiones de que este Congreso vaya a invertir en las comunidades negras empobrecidas\u201d. Exasperaci\u00f3n al mencionar el viaducto que conduce \u201ca los ni\u00f1os negros de los colegios a la c\u00e1rcel\u201d y m\u00e1s exasperaci\u00f3n al recordar que esos mismos nacen en hogares sin futuro, con madres drogadictas y padres ausentes.<\/p>\n<p style=\"color: #333333\">El pasado reson\u00f3 en la noche del lunes y retrotrajo a las fuerzas del orden de Baltimore a la d\u00e9cada de los setenta, cuando reinaba el Black Liberation Army. La polic\u00eda de la ciudad al norte de Washington consider\u00f3 que hab\u00eda una amenaza creible de que las pandillas rivales de los Crisp y los Bloods hab\u00edan formado una alianza para asesinar polic\u00edas blancos tras el funeral de Gray.<\/p>\n<p style=\"color: #333333\">El presidente dijo no encontrar \u201cexcusa\u201d para \u201cla violencia sin sentido\u201d registrada en Baltimore y asegur\u00f3 que los responsables de los disturbios ser\u00edan tratados \u201ccomo criminales\u201d. \u201cEso no fue una protesta. Eso no fue una manifestaci\u00f3n\u201d, declar\u00f3 el mandatario. \u201cFue un pu\u00f1ado de gente que se aprovech\u00f3 de una situaci\u00f3n para sus propios motivos\u201d. Obama descartaba as\u00ed que los que quemaron coches y centros sociales y saquearon comercios entraran en\u00a0<a style=\"color: #016ca2\" href=\"http:\/\/internacional.elpais.com\/internacional\/2013\/08\/24\/actualidad\/1377299370_693176.html\" target=\"_blank\">la categor\u00eda que defini\u00f3 Martin Luther King hace m\u00e1s de medio siglo.<\/a>\u201cLos disturbios son el lenguaje que usan aquellos que no son escuchados\u201d.<\/p>\n","protected":false},"excerpt":{"rendered":"<p>El presidente descalifica a los causantes de los disturbios de Baltimore y los define como criminales que deber\u00e1n ser juzgados<\/p>\n","protected":false},"author":5842,"featured_media":0,"comment_status":"open","ping_status":"open","sticky":false,"template":"","format":"standard","meta":{"footnotes":""},"categories":[24],"tags":[],"class_list":["post-461659","post","type-post","status-publish","format-standard","hentry","category-mundo"],"_links":{"self":[{"href":"https:\/\/diarioelpopular.com\/index.php\/wp-json\/wp\/v2\/posts\/461659","targetHints":{"allow":["GET"]}}],"collection":[{"href":"https:\/\/diarioelpopular.com\/index.php\/wp-json\/wp\/v2\/posts"}],"about":[{"href":"https:\/\/diarioelpopular.com\/index.php\/wp-json\/wp\/v2\/types\/post"}],"author":[{"embeddable":true,"href":"https:\/\/diarioelpopular.com\/index.php\/wp-json\/wp\/v2\/users\/5842"}],"replies":[{"embeddable":true,"href":"https:\/\/diarioelpopular.com\/index.php\/wp-json\/wp\/v2\/comments?post=461659"}],"version-history":[{"count":1,"href":"https:\/\/diarioelpopular.com\/index.php\/wp-json\/wp\/v2\/posts\/461659\/revisions"}],"predecessor-version":[{"id":461661,"href":"https:\/\/diarioelpopular.com\/index.php\/wp-json\/wp\/v2\/posts\/461659\/revisions\/461661"}],"wp:attachment":[{"href":"https:\/\/diarioelpopular.com\/index.php\/wp-json\/wp\/v2\/media?parent=461659"}],"wp:term":[{"taxonomy":"category","embeddable":true,"href":"https:\/\/diarioelpopular.com\/index.php\/wp-json\/wp\/v2\/categories?post=461659"},{"taxonomy":"post_tag","embeddable":true,"href":"https:\/\/diarioelpopular.com\/index.php\/wp-json\/wp\/v2\/tags?post=461659"}],"curies":[{"name":"wp","href":"https:\/\/api.w.org\/{rel}","templated":true}]}}