{"id":461826,"date":"2015-05-05T20:31:04","date_gmt":"2015-05-06T00:31:04","guid":{"rendered":"http:\/\/diarioelpopular.com\/?p=461826"},"modified":"2015-05-05T20:31:12","modified_gmt":"2015-05-06T00:31:12","slug":"el-hombre-que-capturo-a-ana-frank-solo-cumplia-ordenes","status":"publish","type":"post","link":"https:\/\/diarioelpopular.com\/index.php\/2015\/05\/05\/el-hombre-que-capturo-a-ana-frank-solo-cumplia-ordenes\/","title":{"rendered":"El hombre que captur\u00f3 a Ana Frank s\u00f3lo cumpl\u00eda \u00f3rdenes"},"content":{"rendered":"<div id=\"cuerpo_noticia\" class=\"cuerpo_noticia\">\n<p>&nbsp;<\/p>\n<div id=\"attachment_461827\" style=\"width: 570px\" class=\"wp-caption aligncenter\"><a href=\"https:\/\/diarioelpopular.com\/wp-content\/uploads\/2015\/05\/1430237188_128966_1430669427_noticia_normal.jpg\"><img loading=\"lazy\" decoding=\"async\" aria-describedby=\"caption-attachment-461827\" class=\"size-full wp-image-461827\" src=\"https:\/\/diarioelpopular.com\/wp-content\/uploads\/2015\/05\/1430237188_128966_1430669427_noticia_normal.jpg\" alt=\"Campo nazi de Bergen Belsen, donde muri\u00f3 Ana Frank. \" width=\"560\" height=\"340\" \/><\/a><p id=\"caption-attachment-461827\" class=\"wp-caption-text\">Campo nazi de Bergen Belsen, donde muri\u00f3 Ana Frank.<\/p><\/div>\n<p><a href=\"http:\/\/elpais.com\/diario\/2005\/05\/14\/babelia\/1116026228_850215.html\">Raul Hilberg<\/a> (1926-2007) huy\u00f3 de Austria junto a su familia en 1939. Su padre hab\u00eda sido arrestado por ser jud\u00edo, pero logr\u00f3 ser liberado porque era veterano de la I Guerra Mundial. Supo que no tendr\u00eda una segunda oportunidad y huy\u00f3 a tiempo junto a los suyos. Hilberg acab\u00f3 en Estados Unidos y sirvi\u00f3 en el Ej\u00e9rcito. Su divisi\u00f3n particip\u00f3 en la liberaci\u00f3n del campo de concentraci\u00f3n de Dachau y fue uno de los documentalistas del proceso de Nuremberg. Dedic\u00f3 el resto de su vida a estudiar el Holocausto, un conocimiento que cristaliz\u00f3 en la obra cumbre sobre la Shoah, <em>La destrucci\u00f3n de los jud\u00edos de Europa<\/em> (Akal). Adem\u00e1s de este estudio de m\u00e1s de 1.000 p\u00e1ginas, escribi\u00f3 su autobiograf\u00eda y un ensayo titulado <em>Perpetrators Victims Bystanders<\/em> (Perpetradores, v\u00edctimas, testigos).<\/p>\n<p>En este libro retrata a los principales responsables del horror, empezando por Hitler, pero tambi\u00e9n a personajes mucho menos conocidos, que contribuyeron a que la barbarie fuese posible. Por ejemplo, Hans Globke (1898-1973), autor de numerosos decretos racistas como el que obligaba a a\u00f1adir los nombres intermedios jud\u00edos para que pudiesen ser identificados f\u00e1cilmente, &#8220;as\u00ed como decretos t\u00e9cnicos que preve\u00edan la puesta en marcha de medidas antijud\u00edas en las regiones que acababan de ser anexadas&#8221;, relata Hilberg. Despu\u00e9s de la guerra trabaj\u00f3 en el gabinete del canciller federal de la RFA y fue uno de los principales ayudantes de Konrad Adenauer. Se jubil\u00f3 en 1963 y falleci\u00f3 en 1973. Es un caso paradigm\u00e1tico porque Globke no fue responsable directo de ning\u00fan crimen, pero puso toda su sabidur\u00eda y habilidad jur\u00eddica al servicio de la Oficina de Asuntos Jud\u00edos que dirig\u00eda Adolf Eichmann, en otras palabras, de la organizaci\u00f3n del exterminio.<\/p>\n<p>Incluso nazis tan conocidos como Joseph Mengele, que huyeron a Am\u00e9rica Latina, entraban y sal\u00edan con naturalidad de Alemania. S\u00f3lo la captura de Eichmann hizo que se volviesen m\u00e1s precavidos. Algunos, como el s\u00e1dico m\u00e9dico de <a href=\"http:\/\/elpais.com\/tag\/auschwitz\/a\/\">Auschwitz<\/a> nunca fueron encontrados, otros s\u00ed como es el caso de <a href=\"http:\/\/internacional.elpais.com\/tag\/klaus_barbie\/a\/\">Klaus Barbie<\/a> (1913-1991). Aunque cometi\u00f3 cr\u00edmenes de guerra en Holanda y la antigua URSS, Barbie era sobre todo conocido como el Carnicero de Lyon, el jefe de la Gestapo que persigui\u00f3 a la resistencia y a los jud\u00edos en el noreste de Francia. Tortur\u00f3 personalmente a muchas de sus v\u00edctimas. Captur\u00f3 y asesin\u00f3 al personaje m\u00e1s conocido de la resistencia francesa, Jean Moulin. Sin embargo, al final de la guerra, fue reclutado por los servicios secretos estadounidenses que consideraban que su informaci\u00f3n sobre las redes comunistas era extraordinariamente \u00fatil al principio de la guerra fr\u00eda. El resumen de la ficha de Barbie de la CIA ofrecido por los Archivos Nacionales de EEUU asegura: &#8220;El relato b\u00e1sico que emerge de estos documentos es bien conocido: el Cuerpo de Contrainteligencia (CIC) del Ej\u00e9rcito estadounidense protegi\u00f3 a Barbie despu\u00e9s de la guerra de la persecuci\u00f3n francesa y le ayud\u00f3 a llegar a Am\u00e9rica del Sur&#8221;. Vivi\u00f3 en Argentina y luego trabaj\u00f3 para la dictadura boliviana, antes de ser finalmente extraditado a Francia en 1983, donde fue juzgado y condenado a cadena perpetua. Muri\u00f3 de c\u00e1ncer en 1991 en prisi\u00f3n.<\/p>\n<p>Para ayudar a huir a Barbie, los servicios secretos utilizaron las famosas rutas de ratones, las redes organizadas que ayudan a huir a los nazis hacia la Espa\u00f1a franquista y Am\u00e9rica Latina. Uno de los enlaces de estas redes en Viena era un antiguo oficial alem\u00e1n que llegar\u00eda a ser un personaje muy importante en la posguerra, el austriaco <a href=\"http:\/\/elpais.com\/tag\/kurt_waldheim\/a\/\">Kurt Waldheim<\/a> (1918-2007), otro caso paradigm\u00e1tico de la amnesia al final de la II Guerra Mundial. Waldheim fue secretario general de Naciones Unidas (1972-1981) y presidente de Austria (1986-1992). Sin embargo, su pasado como oficial de inteligencia de la Wehrmart en los Balcanes le alcanz\u00f3 en los ochenta cuando fue acusado de, por lo menos, haber conocido cr\u00edmenes de guerra durante la II Guerra Mundial.<\/p>\n<p>Estuvo destinado en Sal\u00f3nica cuando todos sus habitantes jud\u00edos fueron deportados a Auschwitz \u2014unos 50.000 sefard\u00edes, un tercio de la poblaci\u00f3n\u2014. El organizador de aquel asesinato masivo, <a href=\"http:\/\/internacional.elpais.com\/internacional\/2014\/12\/01\/actualidad\/1417440746_422975.html\">Alois Bruner<\/a>, nunca fue capturado (aunque el Mosad lleg\u00f3 a enviarle cartas bomba) y el Centro Wiesenthal confirm\u00f3 el a\u00f1o pasado su muerte. Una comisi\u00f3n internacional de historiadores determin\u00f3 que no hab\u00eda pruebas de que Waldheim hubiese participado personalmente en cr\u00edmenes de guerra, pero tambi\u00e9n que era imposible que no conociese lo que ocurr\u00eda a su alrededor. Aunque declarado persona non grata en Estados Unidos, fue condecorado por Juan Pablo II en 1994. Falleci\u00f3 en 2007 y fue enterrado con todos los honores en Viena.<\/p>\n<p>Quiz\u00e1s ning\u00fan caso ilustra con tanta precisi\u00f3n lo ocurrido con los nazis despu\u00e9s de la II Guerra Mundial como la historia de Karl Siberbauer (1991-1972), el hombre que detuvo a la v\u00edctima m\u00e1s famosa de la Shoah, <a href=\"http:\/\/elpais.com\/tag\/ana_frank\/a\/\">Ana Frank<\/a>, la ni\u00f1a alemana que se escondi\u00f3 en una casa de los canales de Amsterdam junto a su familia y cuyo diario se ha convertido en un s\u00edmbolo de la muerte de seis millones de jud\u00edos durante el Holocausto.<\/p>\n<p>Siberbauer, oficial de la Gestapo en Holanda, recibi\u00f3 la orden de acudir a la calle Prinsengracht 263 porque hab\u00eda jud\u00edos escondidos, aunque siempre dijo desconocer qui\u00e9n fue el denunciante, ya que \u00e9l no recibi\u00f3 personalmente la llamada, sino su superior, Julius Dettman, que se suicid\u00f3 despu\u00e9s de la guerra. De hecho, nunca se ha sabido qui\u00e9n fue el delator de la familia Frank. El cazador de nazis Simon Wiesenthal localiz\u00f3 a Siberbauer en 1963: trabajaba como polic\u00eda en Viena. Fue apartado de sus funciones durante la investigaci\u00f3n, aunque en 1964 fue declarado inocente porque se limit\u00f3 &#8220;a seguir \u00f3rdenes&#8221; durante el arresto. Volvi\u00f3 a su trabajo y falleci\u00f3 en 1972. Una investigaci\u00f3n en 2011 de la revista alemana <em>Focus<\/em> revel\u00f3 lo que hab\u00eda estado haciendo durante los a\u00f1os en los desapareci\u00f3 del mapa: trabaj\u00f3 para los servicios secretos de la Rep\u00fablica Federal de Alemania.<\/p>\n<\/div>\n","protected":false},"excerpt":{"rendered":"<p>Muchos nazis lograron escapar de la justicia tras la II Guerra Mundial<\/p>\n","protected":false},"author":5842,"featured_media":0,"comment_status":"open","ping_status":"open","sticky":false,"template":"","format":"standard","meta":{"footnotes":""},"categories":[24],"tags":[],"class_list":["post-461826","post","type-post","status-publish","format-standard","hentry","category-mundo"],"_links":{"self":[{"href":"https:\/\/diarioelpopular.com\/index.php\/wp-json\/wp\/v2\/posts\/461826","targetHints":{"allow":["GET"]}}],"collection":[{"href":"https:\/\/diarioelpopular.com\/index.php\/wp-json\/wp\/v2\/posts"}],"about":[{"href":"https:\/\/diarioelpopular.com\/index.php\/wp-json\/wp\/v2\/types\/post"}],"author":[{"embeddable":true,"href":"https:\/\/diarioelpopular.com\/index.php\/wp-json\/wp\/v2\/users\/5842"}],"replies":[{"embeddable":true,"href":"https:\/\/diarioelpopular.com\/index.php\/wp-json\/wp\/v2\/comments?post=461826"}],"version-history":[{"count":1,"href":"https:\/\/diarioelpopular.com\/index.php\/wp-json\/wp\/v2\/posts\/461826\/revisions"}],"predecessor-version":[{"id":461828,"href":"https:\/\/diarioelpopular.com\/index.php\/wp-json\/wp\/v2\/posts\/461826\/revisions\/461828"}],"wp:attachment":[{"href":"https:\/\/diarioelpopular.com\/index.php\/wp-json\/wp\/v2\/media?parent=461826"}],"wp:term":[{"taxonomy":"category","embeddable":true,"href":"https:\/\/diarioelpopular.com\/index.php\/wp-json\/wp\/v2\/categories?post=461826"},{"taxonomy":"post_tag","embeddable":true,"href":"https:\/\/diarioelpopular.com\/index.php\/wp-json\/wp\/v2\/tags?post=461826"}],"curies":[{"name":"wp","href":"https:\/\/api.w.org\/{rel}","templated":true}]}}