{"id":46190,"date":"2012-01-05T22:27:59","date_gmt":"2012-01-06T03:27:59","guid":{"rendered":"http:\/\/diarioelpopular.com\/?p=46190"},"modified":"2012-01-05T22:27:59","modified_gmt":"2012-01-06T03:27:59","slug":"nadal-y-federer-se-plantan-con-autoridad-en-semifinales","status":"publish","type":"post","link":"https:\/\/diarioelpopular.com\/index.php\/2012\/01\/05\/nadal-y-federer-se-plantan-con-autoridad-en-semifinales\/","title":{"rendered":"Nadal y Federer se plantan con autoridad en semifinales"},"content":{"rendered":"<div id=\"attachment_46191\" style=\"width: 710px\" class=\"wp-caption aligncenter\"><a href=\"https:\/\/diarioelpopular.com\/wp-content\/uploads\/2012\/01\/Nadal-en-Doha.jpg\"><img loading=\"lazy\" decoding=\"async\" aria-describedby=\"caption-attachment-46191\" class=\"size-full wp-image-46191\" title=\"Nadal en Doha\" src=\"https:\/\/diarioelpopular.com\/wp-content\/uploads\/2012\/01\/Nadal-en-Doha.jpg\" alt=\"\" width=\"700\" height=\"420\" \/><\/a><p id=\"caption-attachment-46191\" class=\"wp-caption-text\">El tenista espa\u00f1ol Rafael Nadal devuelve una bola al ruso Mikhail Youzhny, durante el partido de cuartos de final del torneo de Doha, Catar. Nadal venci\u00f3 por 6-4 y 6-4. Foto: Efe<\/p><\/div>\n<p><em><strong>Efe. Redacci\u00f3n Deportes.-<\/strong><\/em> El espa\u00f1ol Rafael\u00a0Nadal, primer cabeza de serie, y el suizo Roger\u00a0Federer, defensor del t\u00edtulo, se plantaron en las semifinales del torneo de Doha (Catar) con actuaciones convincentes frente al ruso Mikhail Youzhny y el italiano Andreas Seppi, respectivamente.<\/p>\n<p>Federer\u00a0encontr\u00f3 una fuerte resistencia en Seppi, que tras ceder la primera manga por 6-3 se puso con un 5-1 favorable en la segunda. El defensor del t\u00edtulo logr\u00f3 equilibrar el set (5-5) pero el italiano volvi\u00f3 a romperle el servicio y le gan\u00f3 un set por primera vez en su vida, por 7-5.<\/p>\n<p>El suizo hubo de concentrarse al m\u00e1ximo para, con un parcial de 6-4, hacerse con el partido gracias a un &#8220;break&#8221; en el tercer juego y a un 89 por ciento de puntos ganados con su servicio. Era la vig\u00e9sima victoria consecutiva de\u00a0Federer\u00a0en competici\u00f3n oficial.<\/p>\n<p>A continuaci\u00f3n salieron a pista\u00a0Nadal\u00a0y Youzhny en busca de la tercera plaza de semifinalista (antes se hab\u00eda clasificado Jo-Wilfried Tsonga), en presencia del futbolista Ra\u00fal Gonz\u00e1lez, excapit\u00e1n del Real Madrid y concentrado en Doha con el Schalke 04.<\/p>\n<p>El juego permaneci\u00f3 equilibrado hasta el cuarto juego, en el que\u00a0Nadal, imprimiendo potencia a sus golpes, hizo el primer &#8220;break&#8221; y abri\u00f3 brecha en el marcador (4-2) sin perder un solo punto con su primer servicio hasta entonces. Remat\u00f3 la manga con 6-4 en 49 minutos frente a un rival con el que ha perdido cuatro de los trece partidos que han jugado.<\/p>\n<p>Youzhny hubo de esperar hasta el segundo juego del segundo set para disfrutar de su primera bola de &#8220;break&#8221;, pero\u00a0Nadal\u00a0sali\u00f3 del paso moviendo a su rival de un extremo a otro de la pista. En el juego siguiente, el espa\u00f1ol rompi\u00f3 el saque se Youzhny con un soberbio rev\u00e9s paralelo.<\/p>\n<p>El ruso sufri\u00f3 un bache an\u00edmico y, aunque reaccion\u00f3 para recuperar uno de sus &#8220;breaks&#8221; en el quinto juego, termin\u00f3 perdiendo el set por 6-4 despu\u00e9s de haber tenido cuatro bolas de rotura.<\/p>\n<p>Nadal, semifinalista el a\u00f1o pasado aqu\u00ed, jugar\u00e1 ma\u00f1ana, por un puesto en la final, contra el franc\u00e9s Gael Monfils, que derrot\u00f3 por 6-2 y 6-3 al serbio Viktor Troicki en una hora y 12 minutos.<\/p>\n<p>Abri\u00f3 la jornada una breve actuaci\u00f3n de otro franc\u00e9s, Jo-Wilfried Tsonga, tercer cabeza de serie, que dio cuenta del espa\u00f1ol Albert Ramos en 67 minutos, con marcador de 6-2 y 6-1. Ma\u00f1ana le espera Roger\u00a0Federer\u00a0en semifinales.<\/p>\n<p><strong>Cuartos de final:<\/strong><\/p>\n<ul>\n<li>Rafael\u00a0Nadal\u00a0(ESP, 1) a Mikhail Youzhny (RUS, 7), 6-4, 6-4.<\/li>\n<li>Roger\u00a0Federer\u00a0(SUI, 2) a Andreas Seppi (ITA, 8), 6-3, 5-7, 6-4<\/li>\n<li>Jo-Wilfried Tsonga (FRA, 3) a Albert Ramos (ESP), 6-2, 6-1<\/li>\n<li>Gael Monfils (FRA, 4) a Viktor Troicki (SRB), 6-2, 6-3<\/li>\n<\/ul>\n","protected":false},"excerpt":{"rendered":"<p>El espa\u00f1ol Rafael Nadal, primer cabeza de serie, y el suizo Roger Federer, defensor del t\u00edtulo, se plantaron en las semifinales del torneo de Doha con actuaciones convincentes frente al ruso Mikhail Youzhny y el italiano Andreas Seppi, respectivamente.<\/p>\n","protected":false},"author":1,"featured_media":46191,"comment_status":"closed","ping_status":"open","sticky":false,"template":"","format":"standard","meta":{"footnotes":""},"categories":[28],"tags":[424,425,426,176],"class_list":["post-46190","post","type-post","status-publish","format-standard","has-post-thumbnail","hentry","category-deportes","tag-doha","tag-federer","tag-nadal","tag-tenis"],"_links":{"self":[{"href":"https:\/\/diarioelpopular.com\/index.php\/wp-json\/wp\/v2\/posts\/46190","targetHints":{"allow":["GET"]}}],"collection":[{"href":"https:\/\/diarioelpopular.com\/index.php\/wp-json\/wp\/v2\/posts"}],"about":[{"href":"https:\/\/diarioelpopular.com\/index.php\/wp-json\/wp\/v2\/types\/post"}],"author":[{"embeddable":true,"href":"https:\/\/diarioelpopular.com\/index.php\/wp-json\/wp\/v2\/users\/1"}],"replies":[{"embeddable":true,"href":"https:\/\/diarioelpopular.com\/index.php\/wp-json\/wp\/v2\/comments?post=46190"}],"version-history":[{"count":0,"href":"https:\/\/diarioelpopular.com\/index.php\/wp-json\/wp\/v2\/posts\/46190\/revisions"}],"wp:featuredmedia":[{"embeddable":true,"href":"https:\/\/diarioelpopular.com\/index.php\/wp-json\/"}],"wp:attachment":[{"href":"https:\/\/diarioelpopular.com\/index.php\/wp-json\/wp\/v2\/media?parent=46190"}],"wp:term":[{"taxonomy":"category","embeddable":true,"href":"https:\/\/diarioelpopular.com\/index.php\/wp-json\/wp\/v2\/categories?post=46190"},{"taxonomy":"post_tag","embeddable":true,"href":"https:\/\/diarioelpopular.com\/index.php\/wp-json\/wp\/v2\/tags?post=46190"}],"curies":[{"name":"wp","href":"https:\/\/api.w.org\/{rel}","templated":true}]}}