{"id":461959,"date":"2015-05-13T17:21:17","date_gmt":"2015-05-13T21:21:17","guid":{"rendered":"http:\/\/diarioelpopular.com\/?p=461959"},"modified":"2015-05-13T17:21:30","modified_gmt":"2015-05-13T21:21:30","slug":"el-vaticano-reconocera-al-estado-de-palestina","status":"publish","type":"post","link":"https:\/\/diarioelpopular.com\/index.php\/2015\/05\/13\/el-vaticano-reconocera-al-estado-de-palestina\/","title":{"rendered":"El Vaticano reconocer\u00e1 al Estado de Palestina"},"content":{"rendered":"<div id=\"attachment_461960\" style=\"width: 570px\" class=\"wp-caption aligncenter\"><a href=\"https:\/\/diarioelpopular.com\/wp-content\/uploads\/2015\/05\/1431531042_820479_1431531388_noticia_normal.jpg\"><img loading=\"lazy\" decoding=\"async\" aria-describedby=\"caption-attachment-461960\" class=\"size-full wp-image-461960\" src=\"https:\/\/diarioelpopular.com\/wp-content\/uploads\/2015\/05\/1431531042_820479_1431531388_noticia_normal.jpg\" alt=\"El Papa saluda a los peregrinos hoy en el Vaticano. \" width=\"560\" height=\"373\" \/><\/a><p id=\"caption-attachment-461960\" class=\"wp-caption-text\">El Papa saluda a los peregrinos hoy en el Vaticano.<\/p><\/div>\n<p style=\"color: #333333\"><a style=\"color: #016ca2\" href=\"http:\/\/elpais.com\/tag\/ciudad_del_vaticano\/a\/\" target=\"_blank\">El Vaticano<\/a>\u00a0se suma a los pa\u00edses que reconocen al Estado de Palestina. La Santa Sede ha anunciado la pr\u00f3xima firma de un tratado bilateral que define a Palestina como Estado. Es un gesto pol\u00edtico que plasma de forma oficial algo que el Vaticano ya ten\u00eda asumido: durante su visita\u00a0<a style=\"color: #016ca2\" href=\"http:\/\/elpais.com\/tag\/ciudad_del_vaticano\/a\/\" target=\"_blank\">del pasado mes de mayo a Tierra Santa<\/a>, el papa Francisco siempre se refiri\u00f3 al \u201cEstado palestino\u201d, aun a sabiendas de que la expresi\u00f3n supone un desaire diplom\u00e1tico a Israel.<\/p>\n<p style=\"color: #333333\">El subsecretario vaticano para las Relaciones con los Estados, Antoine Camilleri, anunci\u00f3 la firma de un tratado bilateral que aboga por el reconocimiento de \u201cdos Estados\u201d \u2014y, por tanto, de una Palestina independiente\u2014 para la soluci\u00f3n del conflicto de Oriente Pr\u00f3ximo. El anuncio del acuerdo, que se firmar\u00e1 en un \u201cfuturo pr\u00f3ximo\u201d, coincide adem\u00e1s con la confirmaci\u00f3n de que el presidente de la Autoridad Nacional Palestina,\u00a0<a style=\"color: #016ca2\" href=\"http:\/\/elpais.com\/tag\/mahmud_abbas\/a\/\" target=\"_blank\">Mahmud Ab\u00e1s<\/a>, ser\u00e1 recibido por Jorge Mario Bergoglio el pr\u00f3ximo s\u00e1bado, coincidiendo con la canonizaci\u00f3n de dos monjas nacidas en territorio palestino. Seg\u00fan explic\u00f3 monse\u00f1or Camilleri a L\u2019Osservatore Romano, el texto del acuerdo \u2014que a\u00fan deber\u00e1 recibir el visto bueno de ambas partes\u2014 apuesta por \u201cel auspicio de una soluci\u00f3n de la cuesti\u00f3n palestina y del conflicto entre israel\u00edes en el \u00e1mbito de la soluci\u00f3n de dos Estados\u201d.<\/p>\n<p style=\"color: #333333\">Aunque el tratado tambi\u00e9n regular\u00e1 \u201caspectos esenciales de la vida y la actividad de la Iglesia cat\u00f3lica en Palestina\u201d, el alto representante de la Santa Sede admite que la firma del acuerdo tendr\u00e1 repercusiones en el \u00e1mbito pol\u00edtico: \u201cAunque de modo indirecto, ser\u00eda positivo que el acuerdo alcanzado pudiese de alguna manera ayudar a los palestinos a ver establecido y reconocido un Estado de Palestina independiente, soberano y democr\u00e1tico que viva en paz y seguridad con Israel y sus vecinos\u201d. Y, mirando a Israel, a\u00f1ade: \u201cEl acuerdo podr\u00eda servir para alentar de alg\u00fan modo a la comunidad internacional, y en particular a las partes m\u00e1s directamente implicadas, a emprender una acci\u00f3n m\u00e1s decisiva para contribuir a alcanzar una paz duradera\u201d.<\/p>\n<p style=\"color: #333333\">El tratado es hijo de un acuerdo alcanzado en febrero de 2000 entre la Santa Sede y la OLP, con la que el Vaticano ya hab\u00eda establecido relaciones en 1994. Monse\u00f1or Camilleri record\u00f3 que en noviembre de 2012, cuando la ONU reconoci\u00f3 a Palestina como \u201cEstado observador no miembro\u201d, el Vaticano public\u00f3 una declaraci\u00f3n en la que ya se alud\u00eda a la soluci\u00f3n de los \u201cdos Estados\u201d para la resoluci\u00f3n del conflicto.<\/p>\n<p style=\"color: #333333\">La noticia sobre la pr\u00f3xima firma del acuerdo con Palestina se produce tres d\u00edas despu\u00e9s de que el papa Francisco recibiera al presidente de Cuba, Ra\u00fal Castro, en el Vaticano, lo que demuestra de forma muy gr\u00e1fica el papel diplom\u00e1tico en pos del di\u00e1logo que Jorge Mario Bergoglio ha asumido desde su llegada al Vaticano y que hasta el presidente de EE UU, Barack Obama, resalt\u00f3\u00a0<a style=\"color: #016ca2\" href=\"http:\/\/internacional.elpais.com\/internacional\/2014\/03\/27\/actualidad\/1395911738_266596.html\">durante su visita a Roma<\/a>\u00a0en marzo de 2014: \u201cLa suya es una voz que el mundo debe escuchar\u201d.<\/p>\n","protected":false},"excerpt":{"rendered":"<p>La Santa Sede firmar\u00e1 un acuerdo que apuesta por la soluci\u00f3n de los &#8220;dos Estados&#8221;<\/p>\n","protected":false},"author":5842,"featured_media":0,"comment_status":"open","ping_status":"open","sticky":false,"template":"","format":"standard","meta":{"footnotes":""},"categories":[24],"tags":[],"class_list":["post-461959","post","type-post","status-publish","format-standard","hentry","category-mundo"],"_links":{"self":[{"href":"https:\/\/diarioelpopular.com\/index.php\/wp-json\/wp\/v2\/posts\/461959","targetHints":{"allow":["GET"]}}],"collection":[{"href":"https:\/\/diarioelpopular.com\/index.php\/wp-json\/wp\/v2\/posts"}],"about":[{"href":"https:\/\/diarioelpopular.com\/index.php\/wp-json\/wp\/v2\/types\/post"}],"author":[{"embeddable":true,"href":"https:\/\/diarioelpopular.com\/index.php\/wp-json\/wp\/v2\/users\/5842"}],"replies":[{"embeddable":true,"href":"https:\/\/diarioelpopular.com\/index.php\/wp-json\/wp\/v2\/comments?post=461959"}],"version-history":[{"count":2,"href":"https:\/\/diarioelpopular.com\/index.php\/wp-json\/wp\/v2\/posts\/461959\/revisions"}],"predecessor-version":[{"id":461962,"href":"https:\/\/diarioelpopular.com\/index.php\/wp-json\/wp\/v2\/posts\/461959\/revisions\/461962"}],"wp:attachment":[{"href":"https:\/\/diarioelpopular.com\/index.php\/wp-json\/wp\/v2\/media?parent=461959"}],"wp:term":[{"taxonomy":"category","embeddable":true,"href":"https:\/\/diarioelpopular.com\/index.php\/wp-json\/wp\/v2\/categories?post=461959"},{"taxonomy":"post_tag","embeddable":true,"href":"https:\/\/diarioelpopular.com\/index.php\/wp-json\/wp\/v2\/tags?post=461959"}],"curies":[{"name":"wp","href":"https:\/\/api.w.org\/{rel}","templated":true}]}}