{"id":461982,"date":"2015-05-14T19:36:40","date_gmt":"2015-05-14T23:36:40","guid":{"rendered":"http:\/\/diarioelpopular.com\/?p=461982"},"modified":"2015-05-14T19:36:48","modified_gmt":"2015-05-14T23:36:48","slug":"el-desempleo-amenaza-con-crecer-en-latinoamerica","status":"publish","type":"post","link":"https:\/\/diarioelpopular.com\/index.php\/2015\/05\/14\/el-desempleo-amenaza-con-crecer-en-latinoamerica\/","title":{"rendered":"El desempleo amenaza con crecer en Latinoam\u00e9rica"},"content":{"rendered":"<p style=\"color: #333333\"><a href=\"https:\/\/diarioelpopular.com\/wp-content\/uploads\/2015\/05\/1326488950_325155_1326489261_noticia_normal.jpg\"><img loading=\"lazy\" decoding=\"async\" class=\"aligncenter size-full wp-image-461983\" src=\"https:\/\/diarioelpopular.com\/wp-content\/uploads\/2015\/05\/1326488950_325155_1326489261_noticia_normal.jpg\" alt=\"1326488950_325155_1326489261_noticia_normal\" width=\"560\" height=\"374\" \/><\/a>Marcela, bonaerense, separada y madre de tres hijos, hab\u00eda hecho ya los estudios m\u00e9dicos y psicol\u00f3gicos para comenzar a trabajar en una planta sider\u00fargica de la mayor empresa privada de Argentina, Techint. Pero a \u00faltimo momento los futuros empleadores le han dicho que esperase, que a\u00fan no la pueden incorporar. Cobra la asignaci\u00f3n universal por hijo, unos 80 d\u00f3lares mensuales por cada uno, a cambio de enviarlos a la escuela y los controles sanitarios, pero necesita m\u00e1s ingresos y busca trabajo. Pese a la desaceleraci\u00f3n econ\u00f3mica de los \u00faltimos a\u00f1os en Latinoam\u00e9rica,\u00a0<a style=\"color: #016ca2\" href=\"http:\/\/internacional.elpais.com\/internacional\/2012\/01\/13\/actualidad\/1326488950_325155.html\">el desempleo segu\u00eda bajando hasta 2014<\/a>, pero en 2015 volver\u00e1 a subir, seg\u00fan pronostican la Organizaci\u00f3n Internacional del Trabajo (OIT) y la Comisi\u00f3n Econ\u00f3mica para Am\u00e9rica Latina y el Caribe (CEPAL).<\/p>\n<p style=\"color: #333333\">El a\u00f1o pasado, el paro en la regi\u00f3n lleg\u00f3 a un m\u00ednimo en 25 a\u00f1os, es decir, desde que la OIT y la CEPAL lo miden. Sin embargo, en 2015, tras cinco a\u00f1os de continua ralentizaci\u00f3n del ritmo de\u00a0<a style=\"color: #016ca2\" href=\"http:\/\/economia.elpais.com\/economia\/2015\/01\/19\/actualidad\/1421684678_206350.html\">expansi\u00f3n econ\u00f3mica<\/a>, ambos organismos de la ONU calculan que subir\u00e1 en forma leve del 6% al 6,2%. La econom\u00eda regional solo crecer\u00eda el 1%, es decir, menos de lo necesario para la creaci\u00f3n de suficientes puestos de trabajo.<\/p>\n<p style=\"color: #333333\">En\u00a0<a style=\"color: #016ca2\" href=\"http:\/\/economia.elpais.com\/economia\/2014\/04\/30\/agencias\/1398892592_767437.html\">un anterior informe de la OIT<\/a>, con datos de 2014, Costa Rica figuraba como el pa\u00eds latinoamericano con m\u00e1s desempleo urbano y rural (9,6%), seguida por Colombia (9,4%), Paraguay (8,5%) y Argentina (7,4%). Los pa\u00edses con menos paro eran Guatemala (4,2%), Ecuador (4,3%), Panam\u00e1 y M\u00e9xico (5%, ambos), aunque en Latinoam\u00e9rica el contar con trabajo no asegura necesariamente una cobertura social ni niveles de ingresos suficientes para esquivar la pobreza. Mientras tanto, el desempleo era del 7,3% en Venezuela, el 7% en Brasil, el 6,5% en Chile y el 6,1% en Per\u00fa.<\/p>\n<p style=\"color: #333333\">&#8220;El escenario del mercado laboral que se avizora no es muy alentador para la b\u00fasqueda de progresos sustanciales que ayuden a alcanzar mejoras en t\u00e9rminos de pobreza y desigualdad&#8221;, escribieron la secretaria ejecutiva de la CEPAL, Alicia B\u00e1rcena, y la directora regional de la OIT, Elizabeth Tinoco. Precisamente, el empleo ha sido<a style=\"color: #016ca2\" href=\"http:\/\/economia.elpais.com\/economia\/2015\/01\/19\/actualidad\/1421684678_206350.html\">el gran factor de la reducci\u00f3n de la pobreza<\/a>\u00a0en la regi\u00f3n, del 43% en 2002 al 28% en 2014. Incluso ha pesado m\u00e1s que las pol\u00edticas sociales expansivas. &#8220;A ello se a\u00f1adieron pol\u00edticas p\u00fablicas tanto laborales (salario m\u00ednimo, formalizaci\u00f3n, inspecci\u00f3n) como no laborales (expansi\u00f3n de los sistemas de protecci\u00f3n social y de la educaci\u00f3n)&#8221;, destacan en la ONU.<\/p>\n<p style=\"color: #333333\">La cantidad de empleados con cobertura de la Seguridad Social, excluidos las dom\u00e9sticas, se elev\u00f3 en 9,9 puntos porcentuales entre 2003 y 2012, hasta el 78,7%. Pero la CEPAL y la OIT temen que el contexto econ\u00f3mico actual tambi\u00e9n acabe afectando la &#8220;calidad del empleo&#8221; porque &#8220;es poco probable que las pol\u00edticas de formalizaci\u00f3n logren contrarrestar la baja generaci\u00f3n de empleo asalariado&#8221;.<\/p>\n<p style=\"color: #333333\">El a\u00f1o pasado\u00a0<a style=\"color: #016ca2\" href=\"http:\/\/blogs.elpais.com\/eco-americano\/2013\/05\/el-paro-baja-en-latinoam%C3%A9rica-pero-en-todos-los-pa%C3%ADses.html\">el paro segu\u00eda descendiendo en Latinoam\u00e9rica<\/a>\u00a0porque en sus tres grandes econom\u00edas, Brasil, M\u00e9xico y Argentina, pese a la ca\u00edda del empleo, menos personas buscaban trabajo. Esta tendencia sorprendi\u00f3 a los economistas porque se supon\u00eda que deber\u00eda haber ocurrido lo contrario. La OIT y la CEPAL comentan que, cuando hay menos demanda laboral, suele subir la oferta de los hogares m\u00e1s pobres para cubrir posibles p\u00e9rdidas de ingreso que afectar\u00edan los niveles de subsistencia y por eso reaccionan enviando a trabajar a los j\u00f3venes. \u00bfPor qu\u00e9 eso no ocurri\u00f3? Los organismos de la ONU concluyen que las mejoras del empleo en los anteriores diez a\u00f1os produjeron &#8220;ciertas holguras en muchos hogares&#8221;, de manera que no tuvieron que reaccionar de inmediato a la p\u00e9rdida de empleo. Tambi\u00e9n influyeron, seg\u00fan la CEPAL y la OIT, los aumentos salariales que se registraron en esa d\u00e9cada y que se sostuvieron incluso en 2014.<\/p>\n<p style=\"color: #333333\">Por \u00faltimo, &#8220;muchos pa\u00edses han establecido programas dirigidos a incentivar una mayor permanencia de los j\u00f3venes en los sistemas educativos&#8221;. Por ejemplo, Argentina cre\u00f3 en 2014 el plan Progresar, por el que subvenciona a los j\u00f3venes de 18 a 24 a\u00f1os parados o con empleo informal para que estudien o se capaciten.<\/p>\n<p style=\"color: #333333\">De todos modos, el fen\u00f3meno de 2014 no se repetir\u00eda en 2015. Quiz\u00e1s los hogares pudieron aguantar un a\u00f1o con menos ingresos, pero no dos. Por eso se prev\u00e9 que una nueva desaceleraci\u00f3n de la actividad econ\u00f3mica y otra ca\u00edda del empleo llevar\u00e1n esta vez a que m\u00e1s personas busquen &#8216;chamba&#8217; o &#8216;laburo&#8217;, como dicen en M\u00e9xico o Argentina.<\/p>\n<p style=\"color: #333333\">Ya el a\u00f1o pasado adem\u00e1s creci\u00f3 el empleo informal. &#8220;El trabajo por cuenta propia, generalmente de menor calidad que el empleo asalariado, en la mayor\u00eda de los casos se expandi\u00f3 m\u00e1s que el empleo total, lo que evidencia un resurgimiento incipiente de actividades informales, en el contexto de la debilidad de la demanda laboral de las empresas&#8221;, lamentaron la OIT y la CEPAL. Al menos no esperan una ca\u00edda de los salarios ajustados por la inflaci\u00f3n, dado el nivel relativamente bajo del paro y los \u00edndices de precios al consumidor (IPC) en general acotados, con la excepci\u00f3n de Argentina y Venezuela.<\/p>\n","protected":false},"excerpt":{"rendered":"<p>El desempleo amenaza con crecer en Latinoam\u00e9rica<\/p>\n","protected":false},"author":5842,"featured_media":0,"comment_status":"open","ping_status":"open","sticky":false,"template":"","format":"standard","meta":{"footnotes":""},"categories":[23],"tags":[],"class_list":["post-461982","post","type-post","status-publish","format-standard","hentry","category-latinoamerica"],"_links":{"self":[{"href":"https:\/\/diarioelpopular.com\/index.php\/wp-json\/wp\/v2\/posts\/461982","targetHints":{"allow":["GET"]}}],"collection":[{"href":"https:\/\/diarioelpopular.com\/index.php\/wp-json\/wp\/v2\/posts"}],"about":[{"href":"https:\/\/diarioelpopular.com\/index.php\/wp-json\/wp\/v2\/types\/post"}],"author":[{"embeddable":true,"href":"https:\/\/diarioelpopular.com\/index.php\/wp-json\/wp\/v2\/users\/5842"}],"replies":[{"embeddable":true,"href":"https:\/\/diarioelpopular.com\/index.php\/wp-json\/wp\/v2\/comments?post=461982"}],"version-history":[{"count":1,"href":"https:\/\/diarioelpopular.com\/index.php\/wp-json\/wp\/v2\/posts\/461982\/revisions"}],"predecessor-version":[{"id":461984,"href":"https:\/\/diarioelpopular.com\/index.php\/wp-json\/wp\/v2\/posts\/461982\/revisions\/461984"}],"wp:attachment":[{"href":"https:\/\/diarioelpopular.com\/index.php\/wp-json\/wp\/v2\/media?parent=461982"}],"wp:term":[{"taxonomy":"category","embeddable":true,"href":"https:\/\/diarioelpopular.com\/index.php\/wp-json\/wp\/v2\/categories?post=461982"},{"taxonomy":"post_tag","embeddable":true,"href":"https:\/\/diarioelpopular.com\/index.php\/wp-json\/wp\/v2\/tags?post=461982"}],"curies":[{"name":"wp","href":"https:\/\/api.w.org\/{rel}","templated":true}]}}