{"id":461997,"date":"2015-05-14T20:13:18","date_gmt":"2015-05-15T00:13:18","guid":{"rendered":"http:\/\/diarioelpopular.com\/?p=461997"},"modified":"2015-05-14T20:13:24","modified_gmt":"2015-05-15T00:13:24","slug":"algo-mas-que-palabras-224","status":"publish","type":"post","link":"https:\/\/diarioelpopular.com\/index.php\/2015\/05\/14\/algo-mas-que-palabras-224\/","title":{"rendered":"ALGO M\u00c1S QUE PALABRAS"},"content":{"rendered":"<p><strong><em>============================<\/em><\/strong><\/p>\n<p><strong><em>V\u00edctor Corcoba Herrero\/ Escritor<\/em><\/strong><\/p>\n<p><strong><em>corcoba@telefonica.net<\/em><\/strong><\/p>\n<p><strong>============================<\/strong><\/p>\n<p>&nbsp;<\/p>\n<p>Hemos convertido el planeta en una selva de lobos. Se deg\u00fcellan vidas humanas por doquier rinc\u00f3n. Se queman vivos a seres inocentes, desvalidos. Se arrojan a las tinieblas de la indiferencia a ciudadanos como si fueran un objeto. Se asesina por tener un determinado culto. Algunos mares se han convertido en aut\u00e9nticos cementerios. Nos hemos deshumanizado hasta el extremo de practicar la liturgia de la pasividad. Nada nos conmueve. Ciertamente, deber\u00edamos poner empe\u00f1o en avivar los di\u00e1logos, y en establecer negociaciones, aunque s\u00f3lo sea para sobrevivir como especie. Ah\u00ed est\u00e1 el drama de los flujos migratorios activando tensiones por todo el orbe.<\/p>\n<p>&nbsp;<\/p>\n<p>El ser humano tendr\u00e1 que mostrar otro talante m\u00e1s solidario y, los l\u00edderes pol\u00edticos, deber\u00e1n redoblar los esfuerzos para asistir a esta abandonada ciudadan\u00eda. Sabemos que la cuesti\u00f3n no es f\u00e1cil, m\u00e1xime cuando en esta sociedad en lugar de propiciar la cultura de la acogida, se ha activado la cultura de la exclusi\u00f3n. Por eso, m\u00e1s que fijar cuotas debemos favorecer la cooperaci\u00f3n entre pa\u00edses, con criterios homog\u00e9neos e integradores entre naciones, con gestiones unitarias en las fronteras, sobre todo de mano tendida y de apertura. No olvidemos que muchos huyen a pa\u00edses vecinos por la violencia que estall\u00f3 en su propio pa\u00eds. En consecuencia, tambi\u00e9n es vital permitir que la gente se mueva con libertad, manteniendo abierto cualquier linde que nos humanice.<\/p>\n<p>&nbsp;<\/p>\n<p>Hoy, quiz\u00e1s m\u00e1s que nunca, es el momento para fomentar la solidaridad. Necesitamos acoger y albergar a esos ciudadanos que van de ac\u00e1 para all\u00e1. No podemos ser lobos de nuestros semejantes. Este estado salvaje es inconcebible. Adem\u00e1s, s\u00famele, la progresiva delincuencia planetaria que viene poniendo en riesgo permanente cualquier sistema arm\u00f3nico, aparte de obstaculizar el desarrollo y de violar los derechos humanos. Ha llegado, pues, el tiempo de la acci\u00f3n fraterna. No podemos permitir que la mala hierba perniciosa, como dec\u00eda hace unos d\u00edas el Secretario General de Naciones Unidas, nos ahogue y, sobre todo, deje sin aliento a los m\u00e1s vulnerables. No se libra ning\u00fan rinc\u00f3n del planeta del virus de las batallas. El crimen m\u00e1s horrendo est\u00e1 devastando personas, comunidades y naciones.<\/p>\n<p>&nbsp;<\/p>\n<p>La esperada adopci\u00f3n en septiembre de la nueva agenda de desarrollo sostenible 2015, nos alienta un poco a la esperanza, puesto que debe ser crucial para la seguridad, el desarrollo y los derechos humanos, los tres pilares de las Naciones Unidas. Desde luego, con urgencia, tenemos que poner fin a este mundo de chacales que aprisiona la dignidad humana hasta l\u00edmites inconcebibles. Resultan verdaderamente dolorosos los tr\u00e1gicos acontecimientos que buena parte de los seres humanos soportan, obligando a la comunidad internacional a actuaciones contundentes. Mirar para otro lado ante tantos horrores nos hace m\u00e1s bestias.<\/p>\n<p>&nbsp;<\/p>\n<p>A mi juicio, sin contemplaciones tenemos que hacer todo lo posible y, hasta lo imposible, por detener y prevenir estos atropellos sistem\u00e1ticos contra vidas humanas, minor\u00edas \u00e9tnicas y religiosas, culturas y razas. En este sentido, es necesario plantar cara a esa l\u00f3gica del poder que todo lo disgrega, produciendo privilegios para algunos e injusticas para otros. Hay que fraternizar. Somos \u00fanicos, universales e indivisibles. Indudablemente, el ser humano no puede actuar contra s\u00ed mismo, no somos islas, somos comunidad. Y en la comunidad hay que asociarse desde el respeto y la tolerancia. La ayuda, por parte del Papa Francisco, de acercamiento de Cuba y Estados Unidos, sin duda constituye un blindaje moral y pol\u00edtico de primer nivel. Esta es la l\u00ednea a seguir. Hay que desatar todos los nudos. Esta es una buena noticia. Exti\u00e9ndase el ejemplo.<\/p>\n<p>&nbsp;<\/p>\n<p>Sin embargo, el mundo, lejos de hermanarse, se activan todo tipo de artilugios, inclusive las armas qu\u00edmicas. Algunos pa\u00edses parecen concentrar todos sus esfuerzos en sus capacidades para la guerra inform\u00e1tica, en paralelo al desarrollo de sus programas nucleares y de misiles. Algo que hemos de parar con el coraje que precise. Menos actos de guerra y m\u00e1s actos de concordia. Evidentemente, no podemos soportar m\u00e1s amenazas sabiendo que los artefactos de la muerte, lejos de desaparecer, est\u00e1n m\u00e1s presentes que nunca. Deber\u00edamos poner orden en esto y no actuar con blanduras. La tarea educativa es la gran asignatura pendiente. Hemos de reforzarla, si en verdad queremos llevar a los moradores de este planeta a una verdadera comuni\u00f3n, no de intereses, sino de vidas compartidas, haciendo que se sientan una sola familia, en la que la mayor atenci\u00f3n se ponga en los m\u00e1s d\u00e9biles.<\/p>\n<p>&nbsp;<\/p>\n<p>Pienso, por consiguiente, que debemos reforzar la convicci\u00f3n de que la familia ha de ser el lugar id\u00f3neo para avanzar, pues a trav\u00e9s de ella el ser humano, aparte de sentirse querido, se abre a la propia existencia, y a esa exigencia natural de relacionarse y de convivir. Quiz\u00e1s, deber\u00edamos excavar mucho m\u00e1s en esa conciencia social para adentrarnos en la ra\u00edz del mal. Hemos cerrado los ojos a tantas controversias, que adem\u00e1s a\u00fan no han pasado, que ahora debemos de concentrar todas nuestras fuerzas en restablecer las relaciones ciudadanas que median entre el derecho natural y el amor hacia nuestro mismo linaje. No existe otro remedio que el retorno de la humanidad a su propio auxilio. Todos necesitamos de todos. Nuestra espec\u00edfica historia nos pone al descubierto tanto los errores cometidos como aquellos proyectos conducentes a mejorar la empresa universal del bien colectivo, donde en absoluto cabe un estado irracional opresor e inhumano.<\/p>\n<p>&nbsp;<\/p>\n<p>En el campo, pues, de este nuevo orden mundial, fundado sobre los principios humanos y morales, no cabe contemplaci\u00f3n alguna, sobre todo para aquellos que lesionan dignidades y libertades humanas. Para empezar, debemos limitar los desequilibrios y las desigualdades. Los cimientos de la raz\u00f3n y de la justicia no pueden tambalear. Hoy seguimos sometiendo, bajo una falsa libertad, la voluntad humana al poder p\u00fablico. Uno no tiene que someterse a nadie, y en todo caso, \u00fanicamente a la ciudadan\u00eda con el respeto necesario y preciso. Por ello, no podemos olvidar el sustento moral frente a los diversos puntos de vista. Cuidado con los que dicen servir a la ciudadan\u00eda en este mundo de lobos que ellos mismos han generado, sometiendo el propio Estado de derecho a su antojo, para repartirse la presa del bien com\u00fan. Borran de la memoria que este trofeo es de la colectividad y de nadie en particular.<\/p>\n<p>&nbsp;<\/p>\n<p>Nadie me negar\u00e1 que, en el mundo actual, prolifera demasiado partidismo, demasiado poder sin escr\u00fapulos, demasiado fan\u00e1tico atrapado por el ego\u00edsmo, demasiado pastel para unos pocos mientras otros ni pueden acercarse. Levantan muros, crean fronteras, se sienten due\u00f1os y se\u00f1ores en esta selva donde nadie se sensibiliza por nadie, salvo cuando obtiene beneficios para s\u00ed y los suyos. Al fin y al cabo, el ego\u00edsta s\u00f3lo se ama a \u00e9l, y no admite contrincantes. Le importa nada los que sufren. Salgamos de la contradicci\u00f3n y hagamos familia desprendi\u00e9ndonos hasta de nosotros mismos. Esta es la aut\u00e9ntica patria humanitaria. Lo dem\u00e1s es abecedario est\u00fapido, puesto que los gobernantes anteponen su \u00e9xito personal (de caudales) a su responsabilidad social (de reparto y transparencia). S\u00e1lvese el que pueda.<\/p>\n<p>&nbsp;<\/p>\n<p><strong><em>V\u00edctor Corcoba Herrero\/ Escritor<\/em><\/strong><\/p>\n<p><strong><em><a href=\"mailto:corcoba@telefonica.net\">corcoba@telefonica.net<\/a><\/em><\/strong><\/p>\n<p><strong><em>10 de mayo de 2015<\/em><\/strong><\/p>\n","protected":false},"excerpt":{"rendered":"<p>UN MUNDO DE LOBOS<\/p>\n","protected":false},"author":5842,"featured_media":0,"comment_status":"open","ping_status":"open","sticky":false,"template":"","format":"standard","meta":{"footnotes":""},"categories":[81],"tags":[],"class_list":["post-461997","post","type-post","status-publish","format-standard","hentry","category-columnistas"],"_links":{"self":[{"href":"https:\/\/diarioelpopular.com\/index.php\/wp-json\/wp\/v2\/posts\/461997","targetHints":{"allow":["GET"]}}],"collection":[{"href":"https:\/\/diarioelpopular.com\/index.php\/wp-json\/wp\/v2\/posts"}],"about":[{"href":"https:\/\/diarioelpopular.com\/index.php\/wp-json\/wp\/v2\/types\/post"}],"author":[{"embeddable":true,"href":"https:\/\/diarioelpopular.com\/index.php\/wp-json\/wp\/v2\/users\/5842"}],"replies":[{"embeddable":true,"href":"https:\/\/diarioelpopular.com\/index.php\/wp-json\/wp\/v2\/comments?post=461997"}],"version-history":[{"count":1,"href":"https:\/\/diarioelpopular.com\/index.php\/wp-json\/wp\/v2\/posts\/461997\/revisions"}],"predecessor-version":[{"id":461998,"href":"https:\/\/diarioelpopular.com\/index.php\/wp-json\/wp\/v2\/posts\/461997\/revisions\/461998"}],"wp:attachment":[{"href":"https:\/\/diarioelpopular.com\/index.php\/wp-json\/wp\/v2\/media?parent=461997"}],"wp:term":[{"taxonomy":"category","embeddable":true,"href":"https:\/\/diarioelpopular.com\/index.php\/wp-json\/wp\/v2\/categories?post=461997"},{"taxonomy":"post_tag","embeddable":true,"href":"https:\/\/diarioelpopular.com\/index.php\/wp-json\/wp\/v2\/tags?post=461997"}],"curies":[{"name":"wp","href":"https:\/\/api.w.org\/{rel}","templated":true}]}}