{"id":462035,"date":"2015-05-19T17:04:32","date_gmt":"2015-05-19T21:04:32","guid":{"rendered":"http:\/\/diarioelpopular.com\/?p=462035"},"modified":"2015-05-19T17:04:42","modified_gmt":"2015-05-19T21:04:42","slug":"isabel-allende-primera-mujer-que-preside-el-partido-socialista-chileno","status":"publish","type":"post","link":"https:\/\/diarioelpopular.com\/index.php\/2015\/05\/19\/isabel-allende-primera-mujer-que-preside-el-partido-socialista-chileno\/","title":{"rendered":"Isabel Allende, primera mujer que preside el partido socialista chileno"},"content":{"rendered":"<div id=\"attachment_462036\" style=\"width: 570px\" class=\"wp-caption aligncenter\"><a href=\"https:\/\/diarioelpopular.com\/wp-content\/uploads\/2015\/05\/1394922967_375145_1394923703_noticia_normal.jpg\"><img loading=\"lazy\" decoding=\"async\" aria-describedby=\"caption-attachment-462036\" class=\"size-full wp-image-462036\" src=\"https:\/\/diarioelpopular.com\/wp-content\/uploads\/2015\/05\/1394922967_375145_1394923703_noticia_normal.jpg\" alt=\"Isabel Allende, durante una entrevista en agosto de 2013. \" width=\"560\" height=\"300\" \/><\/a><p id=\"caption-attachment-462036\" class=\"wp-caption-text\">Isabel Allende, durante una entrevista en agosto de 2013.<\/p><\/div>\n<p style=\"color: #333333\">En el mismo sal\u00f3n del antiguo congreso de Santiago de Chile donde<a style=\"color: #016ca2\" href=\"http:\/\/elpais.com\/tag\/salvador_allende\/a\/\">Salvador Allende<\/a>\u00a0asumi\u00f3 la Presidencia de la Rep\u00fablica en 1970, la menor de sus tres hijas, la senadora\u00a0<a style=\"color: #016ca2\" href=\"http:\/\/elpais.com\/autor\/isabel_allende_bussi\/a\/\">Isabel Allende Bussi<\/a>, se convirti\u00f3 el domingo en la primera mujer en asumir la jefatura del Partido Socialista (PS) en sus 82 a\u00f1os de historia local. La ceremonia estuvo marcada por simbolismos. La parlamentaria ofreci\u00f3 empanadas y vino, en alusi\u00f3n a una de las frases hist\u00f3ricas del exmandatario sobre el camino chileno al socialismo, y en su discurso record\u00f3 al padre.<\/p>\n<p style=\"color: #333333\">\u201cCompa\u00f1eros, compa\u00f1eras, ustedes saben que para m\u00ed el PS ha sido mucho m\u00e1s que un partido pol\u00edtico. El partido ha sido mi casa. La casa del presidente Allende, la casa de Tencha [Hortensia Bussi de Allende, su madre]. Pero ha sido tambi\u00e9n mi causa\u201d,\u00a0<a style=\"color: #016ca2\" href=\"http:\/\/www.elpais.com\/especial\/protagonistas\/2008\/isabel-allende-bussi.html\">se\u00f1al\u00f3 la senadora, embajadora<\/a>\u00a0y portavoz de la familia a nivel internacional.<\/p>\n<p style=\"color: #333333\">Nacida en\u00a0<a style=\"color: #016ca2\" href=\"http:\/\/internacional.elpais.com\/tag\/chile\/a\/\">Santiago de Chile<\/a>\u00a0hace 70 a\u00f1os, Isabel Allende conquist\u00f3 la presidencia del PS levantando la bandera de incondicionalidad hacia el Gobierno de\u00a0<a style=\"color: #016ca2\" href=\"http:\/\/elpais.com\/tag\/michelle_bachelet\/a\/\">Michelle Bachelet<\/a>, tambi\u00e9n militante socialista desde su juventud. En el acto del domingo, la parlamentaria reiter\u00f3 el apoyo hacia la presidenta y su compromiso hacia un \u201cproceso constituyente\u201d, con que el Ejecutivo pretende poner en marcha una nueva Carta Magna que reemplace a la de Pinochet de 1980. Sobre los cambios que la jefa de Estado realiz\u00f3 hace una semana en su gabinete, orientado a la b\u00fasqueda de mayores consensos, Allende habl\u00f3 sobre el ritmo y los \u00e9nfasis de los\u00a0<a style=\"color: #016ca2\" href=\"http:\/\/internacional.elpais.com\/internacional\/2015\/05\/11\/actualidad\/1431352637_864562.html\">cambios estructurales que la mandataria<\/a>\u00a0quiere llevar adelante en su segunda administraci\u00f3n (2014-2018). \u201cNo es el momento de detener las reformas. Es el momento de seguir adelante. Probablemente vamos a tener que convocar m\u00e1s, explicar mejor y dialogar. Los socialistas estamos con la presidenta Bachelet y apoyamos sus decisiones\u201d, se\u00f1al\u00f3 Allende.<\/p>\n<h3 style=\"color: #222222\">Liderazgos femeninos<\/h3>\n<p style=\"color: #333333\">El triunfo de la senadora en las internas socialistas de fin de abril fue una sorpresa en la pol\u00edtica local. Med\u00eda fuerzas con un dirigente hist\u00f3rico,\u00a0<a style=\"color: #016ca2\" href=\"http:\/\/internacional.elpais.com\/internacional\/2013\/05\/20\/actualidad\/1369014491_923682.html\">Camilo Escalona<\/a>, impulsor de los inicios de Bachelet y compa\u00f1ero en la clandestinidad durante la dictadura. Pero aunque desde el retorno de la democracia en 1990 Allende ha estado en primera l\u00ednea tanto desde sus cargos en el Parlamento como en el partido, la instalaci\u00f3n de su liderazgo ha sido un proceso relativamente reciente. En marzo de 2014 se convirti\u00f3 en la primera mujer en asumir la presidencia del Senado, un puesto que su padre tuvo entre 1966 y 1969, antes de llegar a ser presidente en su cuarto intento. Hace algunas semanas una encuesta pol\u00edtica del Centro de Estudios P\u00fablicos (CEP) la se\u00f1al\u00f3 como el personaje mejor evaluado tanto del conglomerado de centroizquierda Nueva Mayor\u00eda como de la oposici\u00f3n.<\/p>\n<p style=\"color: #333333\">La\u00a0<a style=\"color: #016ca2\" href=\"http:\/\/internacional.elpais.com\/internacional\/2014\/03\/15\/actualidad\/1394922967_375145.html\">senadora Allende<\/a>\u00a0ha evitado referirse a un futuro presidencial, pero en las filas socialistas se comenta un escenario evidente: si en este momento el oficialismo celebrara primarias para elegir a su candidato para las elecciones de 2017, con probabilidad la elegida ser\u00eda la hija del expresidente. No solamente se encuentra en una inmejorable posici\u00f3n ante la ciudadan\u00eda, que parece descubrir su liderazgo por primera vez en 25 a\u00f1os, sino que en este momento no existen figuras con alcance presidencial en la Nueva Mayor\u00eda. La renovaci\u00f3n es un proceso fracasado y, cuando se habla de cartas a La Moneda, suelen repetirse nombres de dirigentes que jugaron papeles cruciales en la transici\u00f3n, como el expresidente Ricardo Lagos y el exministro Jos\u00e9 Miguel Insulza, que el 22 de mayo deja oficialmente la secretar\u00eda general de la OEA.<\/p>\n<p style=\"color: #333333\">En Chile han explotado liderazgos femeninos en las \u00faltimas d\u00e9cadas. En marzo de 2014 la presidenta Bachelet comenz\u00f3 su segundo per\u00edodo y su propio partido, el socialista, desde este domingo est\u00e1 dirigido tambi\u00e9n por una mujer. La principal multisindical del pa\u00eds, la Central Unitaria de Trabajadores (CUT), est\u00e1 liderada por la comunista B\u00e1rbara Figueroa, y la principal federaci\u00f3n de estudiantes, la de la Universidad de Chile, tiene como presidenta a Valentina Saavedra. Pero la representatividad pol\u00edtica femenina sigue siendo baja: las mujeres apenas alcanzan un 15,8% del Parlamento y, de los 23 ministros del Gobierno, s\u00f3lo siete son mujeres.<\/p>\n","protected":false},"excerpt":{"rendered":"<p>La senadora, de 70 a\u00f1os, ha defendido la gesti\u00f3n de la presidenta Bachelet<\/p>\n","protected":false},"author":5842,"featured_media":0,"comment_status":"open","ping_status":"open","sticky":false,"template":"","format":"standard","meta":{"footnotes":""},"categories":[23],"tags":[],"class_list":["post-462035","post","type-post","status-publish","format-standard","hentry","category-latinoamerica"],"_links":{"self":[{"href":"https:\/\/diarioelpopular.com\/index.php\/wp-json\/wp\/v2\/posts\/462035","targetHints":{"allow":["GET"]}}],"collection":[{"href":"https:\/\/diarioelpopular.com\/index.php\/wp-json\/wp\/v2\/posts"}],"about":[{"href":"https:\/\/diarioelpopular.com\/index.php\/wp-json\/wp\/v2\/types\/post"}],"author":[{"embeddable":true,"href":"https:\/\/diarioelpopular.com\/index.php\/wp-json\/wp\/v2\/users\/5842"}],"replies":[{"embeddable":true,"href":"https:\/\/diarioelpopular.com\/index.php\/wp-json\/wp\/v2\/comments?post=462035"}],"version-history":[{"count":1,"href":"https:\/\/diarioelpopular.com\/index.php\/wp-json\/wp\/v2\/posts\/462035\/revisions"}],"predecessor-version":[{"id":462037,"href":"https:\/\/diarioelpopular.com\/index.php\/wp-json\/wp\/v2\/posts\/462035\/revisions\/462037"}],"wp:attachment":[{"href":"https:\/\/diarioelpopular.com\/index.php\/wp-json\/wp\/v2\/media?parent=462035"}],"wp:term":[{"taxonomy":"category","embeddable":true,"href":"https:\/\/diarioelpopular.com\/index.php\/wp-json\/wp\/v2\/categories?post=462035"},{"taxonomy":"post_tag","embeddable":true,"href":"https:\/\/diarioelpopular.com\/index.php\/wp-json\/wp\/v2\/tags?post=462035"}],"curies":[{"name":"wp","href":"https:\/\/api.w.org\/{rel}","templated":true}]}}