{"id":462298,"date":"2015-06-02T21:36:07","date_gmt":"2015-06-03T01:36:07","guid":{"rendered":"http:\/\/diarioelpopular.com\/?p=462298"},"modified":"2015-06-02T21:36:16","modified_gmt":"2015-06-03T01:36:16","slug":"blatter-dimite-como-presidente-de-la-fifa","status":"publish","type":"post","link":"https:\/\/diarioelpopular.com\/index.php\/2015\/06\/02\/blatter-dimite-como-presidente-de-la-fifa\/","title":{"rendered":"Blatter dimite como presidente de la FIFA"},"content":{"rendered":"<div id=\"attachment_462299\" style=\"width: 570px\" class=\"wp-caption aligncenter\"><a href=\"https:\/\/diarioelpopular.com\/wp-content\/uploads\/2015\/06\/1433263905_904828_1433274194_noticia_fotograma.jpg\"><img loading=\"lazy\" decoding=\"async\" aria-describedby=\"caption-attachment-462299\" class=\"size-large wp-image-462299\" src=\"https:\/\/diarioelpopular.com\/wp-content\/uploads\/2015\/06\/1433263905_904828_1433274194_noticia_fotograma-560x315.jpg\" alt=\"Blatter, tras presentar la dimisi\u00f3n.\" width=\"560\" height=\"315\" \/><\/a><p id=\"caption-attachment-462299\" class=\"wp-caption-text\">Blatter, tras presentar la dimisi\u00f3n.<\/p><\/div>\n<p style=\"color: #333333\">La presi\u00f3n era insostenible. Joseph Blatter deja la presidencia de la FIFA\u00a0<a style=\"color: #016ca2\" href=\"http:\/\/deportes.elpais.com\/deportes\/2015\/05\/29\/actualidad\/1432888170_833663.html\">cuatro d\u00edas despu\u00e9s de haber sido reelegido<\/a>\u00a0en una votaci\u00f3n que le permit\u00eda seguir cuatro a\u00f1os m\u00e1s al frente del f\u00fatbol mundial. Pero Blatter, de 79 a\u00f1os, anunci\u00f3 este martes que convocar\u00e1 un congreso extraordinario para elegir un nuevo presidente. \u201cNo parece que este mandato tenga el apoyo de todo el mundo\u201d, argument\u00f3. El veteran\u00edsimo dirigente deportivo est\u00e1 siendo sometido en Estados Unidos a una investigaci\u00f3n federal, seg\u00fan ha informado esta noche<em>The New York Times<\/em>\u00a0citando oficiales.<\/p>\n<p style=\"color: #333333\">Los delegados reunidos la semana pasada en Z\u00farich ignoraron el clamor para renovar el organismo. La misma semana del congreso,\u00a0<a style=\"color: #016ca2\" href=\"http:\/\/deportes.elpais.com\/deportes\/2015\/05\/28\/actualidad\/1432838771_270429.html\">la polic\u00eda hab\u00eda detenido a siete altos cargos del organismo<\/a>, entre ellos dos vicepresidentes y estrechos aliados del l\u00edder, por corrupci\u00f3n. Lo que Blatter consideraba \u201ccasos aislados\u201d eran, seg\u00fan el Departamento de Justicia de EE UU, pr\u00e1cticas \u201cdesenfrenadas, sist\u00e9micas y arraigadas\u201d. \u201cLa FIFA necesita una reestructuraci\u00f3n profunda\u201d, dice ahora Blatter, que la semana pasada ped\u00eda \u201cuna evoluci\u00f3n y no una revoluci\u00f3n\u201d.<\/p>\n<p style=\"color: #333333\">Las peticiones de dimisi\u00f3n le hab\u00edan llegado\u00a0<a style=\"color: #016ca2\" href=\"http:\/\/deportes.elpais.com\/deportes\/2015\/05\/28\/actualidad\/1432840895_316956.html\">desde el presidente de la UEFA, Michel Platini<\/a>, al primer ministro brit\u00e1nico, David Cameron. Pese a todo, Blatter sali\u00f3 victorioso. \u201cAntes [de la votaci\u00f3n] estaba un poco nervioso\u201d, lleg\u00f3 a decir tras obtener el apoyo de 133 delegaciones frente a los 73 de su \u00fanico rival, el pr\u00edncipe jordano Ali Bin el Hussein.<\/p>\n<p style=\"color: #333333\">Pero la alegr\u00eda le ha durado poco. La justicia estadounidense estrecha el cerco sobre uno de sus m\u00e1s estrechos colaboradores, J\u00e9r\u00f4me Valcke, al que se le acusa de tener conocimiento de un soborno de 10 millones de d\u00f3lares. Blatter, presidente de la FIFA desde 1998, ten\u00eda en su contra a Gobiernos como el estadounidense, el brit\u00e1nico y el franc\u00e9s. La canciller alemana, Angela Merkel, no fue tan lejos, pero miembros de su Gobierno han cargado con dureza contra Blatter.\u00a0<a style=\"color: #016ca2\" href=\"http:\/\/deportes.elpais.com\/deportes\/2015\/06\/01\/actualidad\/1433183963_060666.html\">La Comisi\u00f3n Europea tambi\u00e9n dijo el lunes que hab\u00eda llegado el momento de cambiar la FIFA<\/a>. A su favor ha tenido al presidente ruso, Vlad\u00edmir Putin, que detr\u00e1s de la investigaci\u00f3n del esc\u00e1ndalo ve una conspiraci\u00f3n para arrancarle a Rusia el Mundial de 2018.<\/p>\n<p style=\"color: #333333\">Blatter no ten\u00eda solo enemigos en la pol\u00edtica. La federaci\u00f3n inglesa de f\u00fatbol reclam\u00f3 el lunes un boicot a la Copa del Mundo de 2018. \u201cReino Unido no se presentar\u00e1 como anfitri\u00f3n de un Mundial mientras Blatter siga en el cargo\u201d, dijo su presidente, Greg Dyke. Su hom\u00f3logo holand\u00e9s, Michael van Praag, dijo que solo se explicaba la reelecci\u00f3n de Blatter por el miedo imperante en la FIFA. Blatter, sin embargo, contaba con el apoyo de\u00a0<a style=\"color: #016ca2\" href=\"http:\/\/deportes.elpais.com\/deportes\/2015\/06\/01\/actualidad\/1433184918_520580.html\">las poderosas federaciones de Francia y Espa\u00f1a<\/a>, con su presidente, \u00c1ngel Mar\u00eda Villar, a la cabeza. Y a los problemas pol\u00edticos y deportivos, se les a\u00f1ad\u00eda la fuga de patrocinios. A la marcha de la petrolera Castrol, cosm\u00e9tica Johnson &amp; Johnson y la empresa de neum\u00e1ticos se un\u00eda el malestar de Visa o Coca-Cola.<\/p>\n<p style=\"color: #333333\">La dimisi\u00f3n abre un periodo lleno de incertidumbres. Blatter podr\u00eda intentar pilotar el congreso extraordinario que debe buscarle recambio, previsto entre diciembre de este a\u00f1o y marzo de 2016. Porque en el comit\u00e9 ejecutivo de la FIFA abundan los hombres cercanos a Blatter. Y para renovar la instituci\u00f3n no basta solo con la marcha de su presidente, sino de una profunda reforma.<\/p>\n<div id=\"sumario_3|despiece\" class=\"centro\" style=\"color: #333333\"><a style=\"color: #016ca2\" name=\"sumario_3\"><\/a><\/p>\n<div class=\"aside estirar\">\n<h2 style=\"color: #30302b\">La carta equivocada de Villar<\/h2>\n<p style=\"color: #30302b\">La dimisi\u00f3n de Joseph Blatter deja en una posici\u00f3n desairada, entre otros, al presidente de la Federaci\u00f3n Espa\u00f1ola. A pesar de que la UEFA, con su m\u00e1ximo responsable, Michel Platini, al frente, se sum\u00f3 a la ofensiva contra Blatter, el espa\u00f1ol \u00c1ngel Mar\u00eda Villar opt\u00f3 por respaldarle pese a las sospechas de corrupci\u00f3n.<\/p>\n<p style=\"color: #30302b\">La ca\u00edda del incombustible presidente de la FIFA supone un refuerzo a Platini, quien valor\u00f3 la renuncia como \u201cuna decisi\u00f3n dif\u00edcil, valiente y correcta\u201d, aunque no aclar\u00f3 si planea presentarse para cubrir la vacante. Quien s\u00ed confirm\u00f3 que volver\u00e1 a intentarlo fue el derrotado en el congreso de la pasada semana, el pr\u00edncipe jordano Al\u00ed Bin el Hussein, de 39 a\u00f1os, que obtuvo 73 votos frente a 133 del ahora dimitido. Otro aspirante que retir\u00f3 su candidatura antes del congreso, el exfutbolista portugu\u00e9s de Real Madrid y Barcelona Luis Figo, anunci\u00f3 que est\u00e1 estudiando si retoma la batalla por hacerse con las riendas del f\u00fatbol mundial.<\/p>\n<h4>Al f\u00fatbol a trav\u00e9s del h\u00f3ckey sobre hielo<\/h4>\n<p><strong>Hogar suizo.<\/strong>\u00a0Joseph Blatter naci\u00f3 en Visp, en el cant\u00f3n suizo de Valais, el 10 de marzo de 1936.<\/p>\n<p><strong>Formaci\u00f3n.<\/strong>\u00a0Dicen que jug\u00f3 al f\u00fatbol en categor\u00edas de aficionado. Se gradu\u00f3 en Comercio y Econom\u00eda Pol\u00edtica en la Universidad de Lausana. Fue secretario general de la federaci\u00f3n suiza de h\u00f3ckey sobre hielo. Ingres\u00f3 a la FIFA como director t\u00e9cnico en 1975. Ascendi\u00f3 a secretario general en 1981 y permaneci\u00f3 en ese cargo hasta 1998, bajo la presidencia del brasile\u00f1o Jo\u00e3o Havelange.<\/p>\n<p><strong>Presidencia.<\/strong>\u00a0Fue elegido presidente de la FIFA el 8 de junio de 1998. Desde entonces, ha gobernado el m\u00e1ximo organismo del f\u00fatbol mundial (la organizaci\u00f3n supranacional con m\u00e1s miembros que existe, con 209 representantes) en cuatro mandatos sucesivos. Fue reelegido en 2002, 2007 y 2011. Se jacta de haber llevado el Mundial a Asia (Corea y Jap\u00f3n 2002) y \u00c1frica (Sud\u00e1frica 2010).<\/p>\n<\/div>\n<\/div>\n","protected":false},"excerpt":{"rendered":"<p>El esc\u00e1ndalo de corrupci\u00f3n obliga a marcharse al m\u00e1ximo dirigente del f\u00fatbol mundial<\/p>\n","protected":false},"author":5842,"featured_media":0,"comment_status":"open","ping_status":"open","sticky":false,"template":"","format":"standard","meta":{"footnotes":""},"categories":[24],"tags":[],"class_list":["post-462298","post","type-post","status-publish","format-standard","hentry","category-mundo"],"_links":{"self":[{"href":"https:\/\/diarioelpopular.com\/index.php\/wp-json\/wp\/v2\/posts\/462298","targetHints":{"allow":["GET"]}}],"collection":[{"href":"https:\/\/diarioelpopular.com\/index.php\/wp-json\/wp\/v2\/posts"}],"about":[{"href":"https:\/\/diarioelpopular.com\/index.php\/wp-json\/wp\/v2\/types\/post"}],"author":[{"embeddable":true,"href":"https:\/\/diarioelpopular.com\/index.php\/wp-json\/wp\/v2\/users\/5842"}],"replies":[{"embeddable":true,"href":"https:\/\/diarioelpopular.com\/index.php\/wp-json\/wp\/v2\/comments?post=462298"}],"version-history":[{"count":1,"href":"https:\/\/diarioelpopular.com\/index.php\/wp-json\/wp\/v2\/posts\/462298\/revisions"}],"predecessor-version":[{"id":462300,"href":"https:\/\/diarioelpopular.com\/index.php\/wp-json\/wp\/v2\/posts\/462298\/revisions\/462300"}],"wp:attachment":[{"href":"https:\/\/diarioelpopular.com\/index.php\/wp-json\/wp\/v2\/media?parent=462298"}],"wp:term":[{"taxonomy":"category","embeddable":true,"href":"https:\/\/diarioelpopular.com\/index.php\/wp-json\/wp\/v2\/categories?post=462298"},{"taxonomy":"post_tag","embeddable":true,"href":"https:\/\/diarioelpopular.com\/index.php\/wp-json\/wp\/v2\/tags?post=462298"}],"curies":[{"name":"wp","href":"https:\/\/api.w.org\/{rel}","templated":true}]}}