{"id":462528,"date":"2015-06-18T00:02:30","date_gmt":"2015-06-18T04:02:30","guid":{"rendered":"http:\/\/diarioelpopular.com\/?p=462528"},"modified":"2015-06-16T18:13:31","modified_gmt":"2015-06-16T22:13:31","slug":"descenso-en-ventas-de-manufacturas-canadienses","status":"publish","type":"post","link":"https:\/\/diarioelpopular.com\/index.php\/2015\/06\/18\/descenso-en-ventas-de-manufacturas-canadienses\/","title":{"rendered":"Descenso en ventas de manufacturas canadienses"},"content":{"rendered":"<div id=\"attachment_462529\" style=\"width: 570px\" class=\"wp-caption aligncenter\"><a href=\"https:\/\/diarioelpopular.com\/wp-content\/uploads\/2015\/06\/foto-1-breves-36.jpg\"><img loading=\"lazy\" decoding=\"async\" aria-describedby=\"caption-attachment-462529\" class=\"size-large wp-image-462529\" src=\"https:\/\/diarioelpopular.com\/wp-content\/uploads\/2015\/06\/foto-1-breves-36-560x373.jpg\" alt=\"Las ventas cayeron en 8 de las 21 industrias.\" width=\"560\" height=\"373\" \/><\/a><p id=\"caption-attachment-462529\" class=\"wp-caption-text\">Las ventas cayeron en 8 de las 21 industrias.<\/p><\/div>\n<p><strong><em>OTTAWA.-<\/em> <\/strong>El sector manufacturero experiment\u00f3 un descenso en el inicio del segundo trimestre, seg\u00fan Estad\u00edsticas Canad\u00e1.<\/p>\n<p>Las ventas de f\u00e1bricas se contrajeron 2,1 por ciento en abril, lo que representa cuatro veces menos que las estimaciones.<\/p>\n<p>Se trata de los n\u00fameros de fabricaci\u00f3n m\u00e1s d\u00e9biles de la econom\u00eda desde inicio del 2015, cuando el producto interno bruto real se contrajo a una tasa anualizada de 0,6 por ciento durante los primeros tres meses.<\/p>\n<p>Esa lectura del PIB llev\u00f3 a los economistas a reducir sus perspectivas para el segundo trimestre y el resto del a\u00f1o electoral 2015, posicionando la econom\u00eda como un tema crucial.<\/p>\n<p>Varios economistas esperan que el Banco de Canad\u00e1, con una proyecci\u00f3n del 1,8 por ciento de crecimiento para el segundo trimestre, reduzca ese pron\u00f3stico el mes siguiente cuando \u00a0publique su pr\u00f3ximo informe sobre la pol\u00edtica monetaria.<\/p>\n<p>Las ventas cayeron en ocho de las 21 industrias, que representan casi dos tercios de la producci\u00f3n manufacturera del pa\u00eds en general. Entre ellas se citan: alimentos, aeroespacial y derivados del petr\u00f3leo y del carb\u00f3n.<\/p>\n<p>Las ventas cayeron en todas las provincias, excepto Manitoba, y casi dos tercios de la disminuci\u00f3n general tuvo lugar en Quebec, donde el descenso fue de 5,4 por ciento.<\/p>\n","protected":false},"excerpt":{"rendered":"<p>El sector manufacturero experiment\u00f3 un descenso en el inicio del segundo trimestre, seg\u00fan Estad\u00edsticas Canad\u00e1.<\/p>\n","protected":false},"author":5842,"featured_media":0,"comment_status":"open","ping_status":"open","sticky":false,"template":"","format":"standard","meta":{"footnotes":""},"categories":[21],"tags":[],"class_list":["post-462528","post","type-post","status-publish","format-standard","hentry","category-canada"],"_links":{"self":[{"href":"https:\/\/diarioelpopular.com\/index.php\/wp-json\/wp\/v2\/posts\/462528","targetHints":{"allow":["GET"]}}],"collection":[{"href":"https:\/\/diarioelpopular.com\/index.php\/wp-json\/wp\/v2\/posts"}],"about":[{"href":"https:\/\/diarioelpopular.com\/index.php\/wp-json\/wp\/v2\/types\/post"}],"author":[{"embeddable":true,"href":"https:\/\/diarioelpopular.com\/index.php\/wp-json\/wp\/v2\/users\/5842"}],"replies":[{"embeddable":true,"href":"https:\/\/diarioelpopular.com\/index.php\/wp-json\/wp\/v2\/comments?post=462528"}],"version-history":[{"count":1,"href":"https:\/\/diarioelpopular.com\/index.php\/wp-json\/wp\/v2\/posts\/462528\/revisions"}],"predecessor-version":[{"id":462530,"href":"https:\/\/diarioelpopular.com\/index.php\/wp-json\/wp\/v2\/posts\/462528\/revisions\/462530"}],"wp:attachment":[{"href":"https:\/\/diarioelpopular.com\/index.php\/wp-json\/wp\/v2\/media?parent=462528"}],"wp:term":[{"taxonomy":"category","embeddable":true,"href":"https:\/\/diarioelpopular.com\/index.php\/wp-json\/wp\/v2\/categories?post=462528"},{"taxonomy":"post_tag","embeddable":true,"href":"https:\/\/diarioelpopular.com\/index.php\/wp-json\/wp\/v2\/tags?post=462528"}],"curies":[{"name":"wp","href":"https:\/\/api.w.org\/{rel}","templated":true}]}}