{"id":462552,"date":"2015-06-18T12:56:39","date_gmt":"2015-06-18T16:56:39","guid":{"rendered":"http:\/\/diarioelpopular.com\/?p=462552"},"modified":"2015-06-18T12:56:47","modified_gmt":"2015-06-18T16:56:47","slug":"detenido-un-blanco-de-21-anos-por-la-matanza-racista-de-charleston","status":"publish","type":"post","link":"https:\/\/diarioelpopular.com\/index.php\/2015\/06\/18\/detenido-un-blanco-de-21-anos-por-la-matanza-racista-de-charleston\/","title":{"rendered":"Detenido un blanco de 21 a\u00f1os por la matanza racista de Charleston"},"content":{"rendered":"<div id=\"attachment_462553\" style=\"width: 570px\" class=\"wp-caption aligncenter\"><a href=\"https:\/\/diarioelpopular.com\/wp-content\/uploads\/2015\/06\/1434626604_746562_1434640725_noticia_normal.jpg\"><img loading=\"lazy\" decoding=\"async\" aria-describedby=\"caption-attachment-462553\" class=\"size-full wp-image-462553\" src=\"https:\/\/diarioelpopular.com\/wp-content\/uploads\/2015\/06\/1434626604_746562_1434640725_noticia_normal.jpg\" alt=\"Foto de Dylann Roof difundida por el sheriff del condado de Berkeley.\" width=\"560\" height=\"375\" \/><\/a><p id=\"caption-attachment-462553\" class=\"wp-caption-text\">Foto de Dylann Roof difundida por el sheriff del condado de Berkeley.<\/p><\/div>\n<p style=\"color: #333333\">La polic\u00eda de Charleston, en el estado de Carolina del Sur,\u00a0<a style=\"color: #016ca2\" href=\"http:\/\/internacional.elpais.com\/internacional\/2015\/06\/18\/actualidad\/1434603566_610899.html\" target=\"_blank\">donde el mi\u00e9rcoles por la noche un hombre blanco mat\u00f3<\/a>\u00a0a tiros a nueve feligreses en una iglesia s\u00edmbolo de la comunidad afroamericana, ha detenido este jueves por la ma\u00f1ana a Dylann Roof, de 21 a\u00f1os, como autor de la matanza. El sospechoso ha sido detenido en Shelby, a cuatro horas de Charleston, despu\u00e9s de que fuera identificado por sus familiares gracias a las\u00a0<a style=\"color: #016ca2\" href=\"http:\/\/internacional.elpais.com\/elpais\/2015\/06\/18\/album\/1434610122_447930.html\">im\u00e1genes difundidas de madrugada<\/a>\u00a0que muestran a un joven blanco entrando en la iglesia y huyendo despu\u00e9s en un coche negro. La detenci\u00f3n fue confirmada a las 11.30 locales (17.30 en Madrid y 9.30 en M\u00e9xico) por el alcalde de la ciudad y por la fiscal general de EE UU. La agencia Reuters afirma que un t\u00edo de Roof lo ha identificado en las fotos de la polic\u00eda como su sobrino. &#8220;Cuanto m\u00e1s la miro, m\u00e1s convencido estoy de que es \u00e9l (Roof)&#8221;, afirm\u00f3 Carson Crowles.<\/p>\n<p style=\"color: #333333\">Los hechos se produjeron a las nueve de la noche locales del mi\u00e9rcoles (tres de la madrugada en Espa\u00f1a y ocho de la tarde en M\u00e9xico). El sospechoso entr\u00f3 en la Iglesia Episcopal Metodista Africana Emanuel, se uni\u00f3 a un grupo que estaba en una sesi\u00f3n de estudio de la Biblia y estuvo all\u00ed sentado durante una hora antes de empezar a disparar. Ocho de las v\u00edctimas murieron en el interior de la iglesia y una novena falleci\u00f3 mientras era trasladada. Seg\u00fan el relato de los testigos a la polic\u00eda, Roof se levant\u00f3 y dijo que estaba all\u00ed para &#8220;matar negros&#8221;, seg\u00fan CNN. Seg\u00fan el mismo relato, el sospechoso dijo a una de las supervivientes que la dejaba viva para que contara lo que hab\u00eda pasado.<\/p>\n<p>Roof fue detenido en un Hyundai Elantra al parar en un sem\u00e1foro. En las fotos difundidas por el sheriff del condado, se ve a Roof posando con una chaqueta en la que luce una bandera de la Sud\u00e1frica del\u00a0<em>apartheid<\/em>.<\/p>\n<p>En rueda de prensa, el jefe de la polic\u00eda local, Greg Mullen, ha explicado que las v\u00edctimas eran tres hombres y seis mujeres, cuyos nombres no han sido difundidos. Entre las v\u00edctimas est\u00e1 el reverendo Clementa Pinckney, de 41 a\u00f1os, pastor de la iglesia y senador dem\u00f3crata en el Legislativo de Carolina del Sur. Pinckney era un reconocido l\u00edder de la comunidad negra en el estado y dirig\u00eda\u00a0<a style=\"color: #016ca2\" href=\"http:\/\/internacional.elpais.com\/internacional\/2015\/06\/18\/actualidad\/1434627900_153966.html\">una de las iglesias negras m\u00e1s antiguas de EE UU,<\/a>\u00a0que data de los tiempos de la esclavitud.<\/p>\n<div id=\"sumario_4|foto\" class=\"derecha\"><a style=\"color: #016ca2\" name=\"sumario_4\"><\/a><\/p>\n<div class=\"media\">\n<div class=\"foto figure\"><img loading=\"lazy\" decoding=\"async\" title=\"\" src=\"http:\/\/ep01.epimg.net\/internacional\/imagenes\/2015\/06\/18\/actualidad\/1434626604_746562_1434645293_sumario_normal.jpg\" alt=\"\" width=\"300\" height=\"196\" \/><\/p>\n<p class=\"figcaption estirar\" style=\"color: #888888\">Obama, este jueves en la Casa Blanca. \/<span class=\"firma\" style=\"color: #999999\">SAUL LOEB\u00a0(AFP)<\/span><\/p>\n<p class=\"figcaption estirar\" style=\"color: #888888\">\n<\/div>\n<\/div>\n<\/div>\n<p>El presidente de EE UU, Barack Obama, compareci\u00f3 en rueda de prensa en Washington para condenar los hechos. Obama dijo que hab\u00eda algo &#8220;particularmente descorazonador&#8221; en que la matanza fuera en una iglesia, &#8220;un lugar donde acudimos buscando recogimiento y paz&#8221;. El presidente insisti\u00f3 en que el f\u00e1cil acceso a las armas en este pa\u00eds es una de las causas de la violencia &#8220;que no ocurre en ning\u00fan otro lugar&#8221;. Adem\u00e1s, destac\u00f3 que el tiroteo recupera &#8220;cuestiones de nuestro pasado m\u00e1s oscuro&#8221;.<\/p>\n<p>El tiroteo se produce tras un a\u00f1o de protestas en Estados Unidos por las muertes de negros desarmados a manos de la polic\u00eda. Esos casos, uno de ellos al norte de Charleston en abril, ha reabierto el debate, medio siglo despu\u00e9s del fin oficial de la segregaci\u00f3n racial, sobre la relaci\u00f3n entre blancos y negros, el mantenimiento de disparidades impl\u00edcitas y la alienaci\u00f3n de la comunidad afroamericana con la polic\u00eda.<\/p>\n<p>Tras el suceso, grupos de personas negras se agruparon en los alrededores de la iglesia en c\u00edrculos con las manos cogidas. \u201cCre\u00edamos que los asuntos raciales estaban superados\u201d, dijo uno de ellos a un periodista del diario\u00a0<em>The Post and Courier<\/em>.<\/p>\n<p>El suceso ha revivido una triste realidad no tan pasada en este pa\u00eds: los ataques racistas a iglesias negras. La quema y atentados contra templos religiosos negros eran una realidad en el siglo XIX. Se intensificaron durante la \u00e9poca de los derechos civiles en la d\u00e9cada de los cincuenta y sesenta del siglo pasado. Uno de los episodios m\u00e1s conocidos es la muerte en 1963 de cuatro ni\u00f1as en una iglesia de Birmingham (Alabama) por un ataque del Klu Klux Klan. Una oleada de ataques a mediados de los a\u00f1os noventa, llev\u00f3 a una investigaci\u00f3n del Congreso federal. El \u00faltimo caso relevante tuvo lugar en enero de 2009, el d\u00eda de la proclamaci\u00f3n de Barack Obama como presidente de Estados Unidos, cuando un hombre blanco atac\u00f3 una iglesia negra de Massachussets.<\/p>\n<p>Carolina del Sur no escap\u00f3 de esa triste realidad. En Charleston se inici\u00f3 la Guerra Civil (1861-1865) que enfrent\u00f3 a los estados esclavistas del sur con los unionistas del norte. Carolina del Sur integraba la vieja Confederaci\u00f3n. Y como buena parte del sur, tiene una reprobable historia de discriminaci\u00f3n racial. El Estado mantuvo la esclavitud de los negros hasta bien entrado el siglo XIX. Y la poblaci\u00f3n negra fue marginada hasta el fin oficial de la segregaci\u00f3n racial hace medio siglo.<\/p>\n<p>El \u00faltimo episodio de tensi\u00f3n racial en esta ciudad fue la\u00a0<a style=\"color: #016ca2\" href=\"http:\/\/internacional.elpais.com\/internacional\/2015\/04\/08\/actualidad\/1428456835_130435.html\">muerte de Walter Scott<\/a>, el pasado mes de abril. Scott era un hombre negro de 50 a\u00f1os que iba desarmado, por el impacto de ocho disparos de un polic\u00eda blanco. El suceso tuvo lugar en plena luz del d\u00eda en una zona ajardinada en la parte norte de Charleston. Se conoci\u00f3 tras la difusi\u00f3n de un v\u00eddeo de un transe\u00fante, deriv\u00f3 en la imputaci\u00f3n del agente y en protestas callejeras de la comunidad negra, que denunci\u00f3 un patr\u00f3n discriminaci\u00f3n racial de la polic\u00eda.<\/p>\n<p>Las protestas en North Charleston\u00a0<a style=\"color: #016ca2\" href=\"http:\/\/internacional.elpais.com\/internacional\/2015\/06\/09\/actualidad\/1433874680_759981.html\">fueron parecidas a las escuchadas en el \u00faltimo a\u00f1o en EE UU<\/a>. Fue el \u00faltimo estallido de indignaci\u00f3n tras los casos de muertes de negros desarmados a manos de la polic\u00eda, como los registrados anteriormente en Ferguson (Misuri) y Staten Island (Nueva York).<\/p>\n<p>Charleston es una ciudad de 127.000 habitantes. El 67% de la poblaci\u00f3n del condado es blanca y el 29% es negra, seg\u00fan datos del Censo federal.<\/p>\n","protected":false},"excerpt":{"rendered":"<p>La polic\u00eda detiene a Dylan Roof, un joven de las afueras de la ciudad<br \/>\nEl asesino mat\u00f3 a nueve personas negras a tiros en una iglesia<\/p>\n","protected":false},"author":5842,"featured_media":0,"comment_status":"open","ping_status":"open","sticky":false,"template":"","format":"standard","meta":{"footnotes":""},"categories":[24],"tags":[],"class_list":["post-462552","post","type-post","status-publish","format-standard","hentry","category-mundo"],"_links":{"self":[{"href":"https:\/\/diarioelpopular.com\/index.php\/wp-json\/wp\/v2\/posts\/462552","targetHints":{"allow":["GET"]}}],"collection":[{"href":"https:\/\/diarioelpopular.com\/index.php\/wp-json\/wp\/v2\/posts"}],"about":[{"href":"https:\/\/diarioelpopular.com\/index.php\/wp-json\/wp\/v2\/types\/post"}],"author":[{"embeddable":true,"href":"https:\/\/diarioelpopular.com\/index.php\/wp-json\/wp\/v2\/users\/5842"}],"replies":[{"embeddable":true,"href":"https:\/\/diarioelpopular.com\/index.php\/wp-json\/wp\/v2\/comments?post=462552"}],"version-history":[{"count":1,"href":"https:\/\/diarioelpopular.com\/index.php\/wp-json\/wp\/v2\/posts\/462552\/revisions"}],"predecessor-version":[{"id":462554,"href":"https:\/\/diarioelpopular.com\/index.php\/wp-json\/wp\/v2\/posts\/462552\/revisions\/462554"}],"wp:attachment":[{"href":"https:\/\/diarioelpopular.com\/index.php\/wp-json\/wp\/v2\/media?parent=462552"}],"wp:term":[{"taxonomy":"category","embeddable":true,"href":"https:\/\/diarioelpopular.com\/index.php\/wp-json\/wp\/v2\/categories?post=462552"},{"taxonomy":"post_tag","embeddable":true,"href":"https:\/\/diarioelpopular.com\/index.php\/wp-json\/wp\/v2\/tags?post=462552"}],"curies":[{"name":"wp","href":"https:\/\/api.w.org\/{rel}","templated":true}]}}