{"id":462564,"date":"2015-06-18T18:04:49","date_gmt":"2015-06-18T22:04:49","guid":{"rendered":"http:\/\/diarioelpopular.com\/?p=462564"},"modified":"2015-06-18T18:04:58","modified_gmt":"2015-06-18T22:04:58","slug":"el-papa-urge-a-la-politica-a-liberarse-del-yugo-del-poder-economico","status":"publish","type":"post","link":"https:\/\/diarioelpopular.com\/index.php\/2015\/06\/18\/el-papa-urge-a-la-politica-a-liberarse-del-yugo-del-poder-economico\/","title":{"rendered":"El Papa urge a la pol\u00edtica a liberarse del yugo del poder econ\u00f3mico"},"content":{"rendered":"<p style=\"color: #333333\"><a href=\"https:\/\/diarioelpopular.com\/wp-content\/uploads\/2015\/06\/1434621095_820022_87113300_fotograma_2.jpg\"><img loading=\"lazy\" decoding=\"async\" class=\"aligncenter size-large wp-image-462565\" src=\"https:\/\/diarioelpopular.com\/wp-content\/uploads\/2015\/06\/1434621095_820022_87113300_fotograma_2-560x315.jpg\" alt=\"1434621095_820022_87113300_fotograma_2\" width=\"560\" height=\"315\" \/><\/a>En la p\u00e1gina 46 de\u00a0<a style=\"color: #016ca2\" href=\"http:\/\/internacional.elpais.com\/internacional\/2015\/06\/17\/actualidad\/1434534517_957229.html\">una enc\u00edclica que urge una y otra vez a los pol\u00edticos<\/a>\u00a0a liberarse del yugo de los poderes econ\u00f3micos y gobernar a favor de la gente y de la tierra, el papa Francisco se hace una pregunta que parece una llamada a la revoluci\u00f3n: \u201c\u00bfPara qu\u00e9 se quiere preservar hoy un poder que ser\u00e1 recordado por su incapacidad de intervenir cuando era urgente y necesario?\u201d. La primera enc\u00edclica escrita \u00edntegramente por Jorge Mario Bergoglio logr\u00f3 ayer una expectaci\u00f3n inusitada durante su presentaci\u00f3n en el Vaticano, en la que intervinieron un cient\u00edfico laico y un representante del patriarca ortodoxo de Constantinopla.<\/p>\n<p style=\"color: #333333\">Hasta el jesuita Federico Lombardi, uno de los m\u00e1s veteranos del lugar, reconoci\u00f3 que en los 25 a\u00f1os que lleva trabajando en el Vaticano jam\u00e1s hab\u00eda presenciado una expectaci\u00f3n \u201ctan intensa, prolongada y global\u201d ante la publicaci\u00f3n de un documento pontificio. Una parte puede deberse al predicamento medi\u00e1tico de Francisco. Y otra no menor a las cr\u00edticas preventivas de sus detractores. Desde hace muchos meses, sectores conservadores de dentro y fuera de la Iglesia \u2014en especial los estadounidenses\u2014 ven\u00edan recomend\u00e1ndole al Papa que se abstuviera de intervenir en asuntos cient\u00edficos. No se descarta que desde dentro del Vaticano, donde los sectores m\u00e1s reaccionarios siguen teniendo sucursal abierta, les fuesen filtrando algunos detalles preocupantes para sus intereses pol\u00edticos, econ\u00f3micos y financieros. La publicaci\u00f3n de la enc\u00edclica\u00a0<em><a style=\"color: #016ca2\" href=\"http:\/\/elpais.com\/elpais\/2015\/06\/16\/opinion\/1434479145_446806.html\">Laudato si\u2019<\/a><\/em>(Alabado seas, tomado del C\u00e1ntico de las criaturas de San Francisco de As\u00eds) ha confirmado sus temores.<\/p>\n<p style=\"color: #333333\">Aunque Francisco se esfuerza en demostrar con abundantes citas que sus inmediatos antecesores \u2014Benedicto XVI y Juan Pablo II\u2014 ya dijeron cosas por el estilo, o las dijeron en lat\u00edn o no colocaron bien el acento, porque nunca la repercusi\u00f3n fue tan grande. Durante las 191 p\u00e1ginas de la enc\u00edclica, dividida en seis cap\u00edtulos, Jorge Mario Bergoglio acusa con dureza a la pol\u00edtica de sumisi\u00f3n ante los poderes econ\u00f3micos financieros. Hay un p\u00e1rrafo en la p\u00e1gina 46 que contiene la m\u00fasica de toda la enc\u00edclica. En la primera parte, el Papa formula una propuesta, en este caso para evitar el desarrollo de armas qu\u00edmicas o biol\u00f3gicas: \u201cSe requiere de la pol\u00edtica una mayor atenci\u00f3n para prevenir y resolver las causas que pueden originar nuevos conflictos\u201d. Y, a continuaci\u00f3n, se muestra cr\u00edtico y pesimista ante la actitud de los gobernantes: \u201cPero el poder conectado con las finanzas es el que m\u00e1s se resiste a ese esfuerzo, y los dise\u00f1os pol\u00edticos no suelen tener amplitud de miras\u201d. Es entonces cuando se hace la pregunta de para qu\u00e9 sirve perpetuar un sistema pol\u00edtico que no interviene cuando es \u201curgente y necesario\u201d hacerlo.<\/p>\n<p>En el ecuador de la enc\u00edclica, Jorge Mario Bergoglio advierte a los gobernantes de que su discurso contradictorio \u2014una libertad econ\u00f3mica que en realidad solo beneficia a los poderosos\u2014 \u201cdeshonra a la pol\u00edtica\u201d. En la p\u00e1gina 128, recrimina a pol\u00edticos y empresarios por reaccionar \u201ccon lentitud\u201d al desaf\u00edo de las energ\u00edas renovables, mientras que en la sociedad civil s\u00ed se ha generado un gran debate. Unas cuantas p\u00e1ginas m\u00e1s adelante, vuelve a denunciar que el poder econ\u00f3mico-financiero de car\u00e1cter transnacional \u201ctiende a predominar sobre la pol\u00edtica\u201d. El Papa utiliza aqu\u00ed un ejemplo de rabiosa actualidad y un lenguaje que bien podr\u00edan asumir los activistas m\u00e1s cr\u00edticos con el actual sistema econ\u00f3mico.<\/p>\n<p>\u201cLa pol\u00edtica no debe someterse a la econom\u00eda\u201d, clama Francisco, \u201cy esta no debe someterse a los dict\u00e1menes y al paradigma eficientista de la tecnocracia. Hoy, pensando en el bien com\u00fan, necesitamos imperiosamente que la pol\u00edtica y la econom\u00eda, en di\u00e1logo, se coloquen decididamente al servicio de la vida, especialmente de la vida humana. La salvaci\u00f3n de los bancos a toda costa, haciendo pagar el precio a la poblaci\u00f3n, sin la firme decisi\u00f3n de revisar y reformar el entero sistema, reafirma un dominio absoluto de las finanzas que no tiene futuro y que solo podr\u00e1 generar nuevas crisis despu\u00e9s de una larga, costosa y aparente curaci\u00f3n\u201d. El Papa alude a la crisis financiera que se inici\u00f3 en 2007 como la ocasi\u00f3n perdida para haber desarrollado una \u201cnueva econom\u00eda m\u00e1s atenta a los principios \u00e9ticos\u201d.<\/p>\n<p style=\"color: #333333\">El Papa eleva a\u00fan m\u00e1s el tono de su llamada de atenci\u00f3n: \u201cEl drama del inmediatismo (sic) pol\u00edtico, sostenido tambi\u00e9n por poblaciones consumistas, provoca la necesidad de producir crecimiento a corto plazo. Respondiendo a intereses electorales, los gobiernos no se exponen f\u00e1cilmente a irritar a la poblaci\u00f3n con medidas que puedan afectar al nivel de consumo o poner en riesgo inversiones extranjeras. La miop\u00eda de la construcci\u00f3n de poder detiene la integraci\u00f3n de la agenda ambiental con mirada amplia en la agenda p\u00fablica de los Gobiernos\u201d. Y se permite un consejo: \u201cLa grandeza pol\u00edtica se muestra cuando, en momentos dif\u00edciles, se obra por grandes principios y pensando en el bien com\u00fan a largo plazo. Al poder pol\u00edtico le cuesta mucho asumir este deber en un proyecto de naci\u00f3n\u201d.<\/p>\n<h3 style=\"color: #222222\">Reconocer errores<\/h3>\n<p style=\"color: #333333\">Pero si hay que escoger un p\u00e1rrafo que re\u00fana todo el enfado y la desesperanza de Francisco, hay que irse casi al final: \u201cLa pol\u00edtica y la econom\u00eda tienden a culparse mutuamente por lo que se refiere a la pobreza y a la degradaci\u00f3n del ambiente. Pero lo que se espera es que reconozcan sus propios errores y encuentren formas de interacci\u00f3n orientadas al bien com\u00fan. Mientras unos se desesperan solo por el r\u00e9dito econ\u00f3mico y otros se obsesionan solo por conservar o acrecentar el poder, lo que tenemos son guerras o acuerdos espurios donde lo que menos interesa a las dos partes es preservar el ambiente y cuidar a los m\u00e1s d\u00e9biles\u201d.<\/p>\n<p style=\"color: #333333\">Una enc\u00edclica, la primera escrita de pu\u00f1o y letra por Francisco, que a veces es un grito y a veces un llanto: \u201cEl gemido de la hermana tierra se une al gemido de los abandonados del mundo\u201d.<\/p>\n<h2 style=\"color: #30302b\">Principales textos de doctrina social<\/h2>\n<p style=\"color: #30302b\"><strong>\u2018Mater et magistra\u2019, promulgada por Juan XXIII en 1961<\/strong>, obtuvo, como la enc\u00edclica de Francisco, un gran eco para la \u00e9poca. En ella, el llamado Papa bueno sosten\u00eda que \u201cla econom\u00eda debe estar al servicio del hombre\u201d.<\/p>\n<p style=\"color: #30302b\"><strong>En 1963<\/strong>\u00a0\u2014el a\u00f1o de su muerte\u2014, public\u00f3 &#8216;Pacem in Terris&#8217;, una defensa de la paz entonces amenazada por la crisis de Cuba.<\/p>\n<p style=\"color: #30302b\"><strong>De las enc\u00edclicas de Pablo VI<\/strong>\u00a0se puede destacar la &#8216;Populorum Progressio&#8217; (1967), y de Juan Pablo II, la &#8216;Laborem exercens&#8217; (1981) y la &#8216;Centesimus annus&#8217;.<\/p>\n<h2>La enc\u00edclica papal, en siete frases<\/h2>\n<p>\u201cEste siglo podr\u00eda ser testigo de cambios clim\u00e1ticos inauditos\u201d.<\/p>\n<p>\u201cConviene evitar una concepci\u00f3n m\u00e1gica del mercado\u201d.<\/p>\n<p>\u201cLa tradici\u00f3n cristiana nunca reconoci\u00f3 como absoluto el derecho a la propiedad privada\u201d.<\/p>\n<p>\u201cLlama la atenci\u00f3n la debilidad de la pol\u00edtica internacional\u201d.<\/p>\n<p>\u201cEl gemido de la hermana Tierra se une al gemido de los abandonados del mundo\u201d.<\/p>\n<p>\u201cLas finanzas ahogan a la econom\u00eda real. No se aprendieron las lecciones de la crisis financiera mundial\u201d.<\/p>\n<p>\u201cLa tecnolog\u00eda basada en combustibles f\u00f3siles muy contaminantes \u2013sobre todo el carb\u00f3n, pero a\u00fan el petr\u00f3leo y, en menor medida, el gas\u2013 necesita ser reemplazada progresivamente y sin demora\u201d.<\/p>\n","protected":false},"excerpt":{"rendered":"<p>La primera enc\u00edclica de Francisco critica la sumisi\u00f3n de los gobiernos ante las empresas<\/p>\n","protected":false},"author":5842,"featured_media":0,"comment_status":"open","ping_status":"open","sticky":false,"template":"","format":"standard","meta":{"footnotes":""},"categories":[24],"tags":[],"class_list":["post-462564","post","type-post","status-publish","format-standard","hentry","category-mundo"],"_links":{"self":[{"href":"https:\/\/diarioelpopular.com\/index.php\/wp-json\/wp\/v2\/posts\/462564","targetHints":{"allow":["GET"]}}],"collection":[{"href":"https:\/\/diarioelpopular.com\/index.php\/wp-json\/wp\/v2\/posts"}],"about":[{"href":"https:\/\/diarioelpopular.com\/index.php\/wp-json\/wp\/v2\/types\/post"}],"author":[{"embeddable":true,"href":"https:\/\/diarioelpopular.com\/index.php\/wp-json\/wp\/v2\/users\/5842"}],"replies":[{"embeddable":true,"href":"https:\/\/diarioelpopular.com\/index.php\/wp-json\/wp\/v2\/comments?post=462564"}],"version-history":[{"count":1,"href":"https:\/\/diarioelpopular.com\/index.php\/wp-json\/wp\/v2\/posts\/462564\/revisions"}],"predecessor-version":[{"id":462566,"href":"https:\/\/diarioelpopular.com\/index.php\/wp-json\/wp\/v2\/posts\/462564\/revisions\/462566"}],"wp:attachment":[{"href":"https:\/\/diarioelpopular.com\/index.php\/wp-json\/wp\/v2\/media?parent=462564"}],"wp:term":[{"taxonomy":"category","embeddable":true,"href":"https:\/\/diarioelpopular.com\/index.php\/wp-json\/wp\/v2\/categories?post=462564"},{"taxonomy":"post_tag","embeddable":true,"href":"https:\/\/diarioelpopular.com\/index.php\/wp-json\/wp\/v2\/tags?post=462564"}],"curies":[{"name":"wp","href":"https:\/\/api.w.org\/{rel}","templated":true}]}}