{"id":462686,"date":"2015-06-25T17:59:57","date_gmt":"2015-06-25T21:59:57","guid":{"rendered":"http:\/\/diarioelpopular.com\/?p=462686"},"modified":"2015-06-25T18:00:11","modified_gmt":"2015-06-25T22:00:11","slug":"asi-hablo-el-mundo-de-lo-que-le-hizo-gonzalo-jara-a-edinson-cavani","status":"publish","type":"post","link":"https:\/\/diarioelpopular.com\/index.php\/2015\/06\/25\/asi-hablo-el-mundo-de-lo-que-le-hizo-gonzalo-jara-a-edinson-cavani\/","title":{"rendered":"As\u00ed habl\u00f3 el mundo de lo que le hizo Gonzalo Jara a Edinson Cavani"},"content":{"rendered":"<div class=\"top-box\" style=\"color: #333333\">\n<div id=\"attachment_462687\" style=\"width: 570px\" class=\"wp-caption aligncenter\"><a href=\"https:\/\/diarioelpopular.com\/wp-content\/uploads\/2015\/06\/1435194374_688064_1435224951_noticia_fotograma.jpg\"><img loading=\"lazy\" decoding=\"async\" aria-describedby=\"caption-attachment-462687\" class=\"size-large wp-image-462687\" src=\"https:\/\/diarioelpopular.com\/wp-content\/uploads\/2015\/06\/1435194374_688064_1435224951_noticia_fotograma-560x315.jpg\" alt=\"La acci\u00f3n grosera del jugador chileno al uruguayo.\" width=\"560\" height=\"315\" \/><\/a><p id=\"caption-attachment-462687\" class=\"wp-caption-text\">La acci\u00f3n grosera del jugador chileno al uruguayo.<\/p><\/div>\n<p><strong><em><span id=\"m109-108-110\" class=\"location \">SANTIAGO.-\u00a0<\/span><\/em><\/strong>Muy poco demor\u00f3 en dar la vuelta al mundo la provocaci\u00f3n de Gonzalo Jara en contra de Edinson Cavani. Y es que la reacci\u00f3n en que el defensa de Chile le mete el dedo en el trasero al delantero uruguayo es de lo que m\u00e1s se habla en todos lados. Eso s\u00ed, la mayor\u00eda son cr\u00edticas.<\/p>\n<\/div>\n<div class=\"article-content\" style=\"color: #000000\">\n<p id=\"m117-116-118\" style=\"font-style: inherit;color: #1b1b1b\">&#8211; Bild de Alemania: &#8220;La falta m\u00e1s sucia del a\u00f1o. Apesta, que asco. Jara cay\u00f3 al suelo como fulminado por un rayo&#8221;.<\/p>\n<p style=\"font-style: inherit;color: #1b1b1b\">&#8211; La Vanguardia, Espa\u00f1a: &#8220;La &#8216;fea&#8217; acci\u00f3n de Jara a Cavani que marc\u00f3 el Chile-Uruguay. El defensa chileno la puso un dedo en el trasero al delantero uruguayo, que reaccion\u00f3 con un golpe en la cara a su rival y fue expulsado&#8221;.<\/p>\n<p>&#8211; Sport, Espa\u00f1a: &#8220;El futbolista chileno supo sacar de quicio al delantero uruguayo con una peculiar estrategia. Jara le busc\u00f3 las cosquillas a Cavani para que \u00e9ste picara en la provocaci\u00f3n. Y as\u00ed fue. Cavani contest\u00f3 con un manotazo, Jara le puso un poco de interpretaci\u00f3n al golpe y el \u00e1rbitro no dud\u00f3 en mostrarle al uruguayo su segunda amarilla de la noche&#8221;.<\/p>\n<p>&#8211; Le Parisien, Francia: &#8220;El punto de inflexi\u00f3n del juego lleg\u00f3 en el minuto 63. Edinson Cavani fue expulsado por haber respondido con un manotazo al desaf\u00edo de un defensor chileno que hab\u00eda tocado sus nalgas. Gonzalo Jara luego fingi\u00f3 ser herido en la cara y se derrumb\u00f3. Fuera de s\u00ed, el jugador parisino tuvo ser contenido por sus compa\u00f1eros&#8221;.<\/p>\n<p>&#8211; Mundo Deportivo, Espa\u00f1a: &#8220;La expulsi\u00f3n lleg\u00f3 de mano del silbante Sandro Ricci a quien, ciertamente alterado, el jugador intent\u00f3 explicar lo sucedido; sin embargo, fue hasta minutos antes del silbatazo final del duelo de Cuartos, que en redes sociales circularon fotograf\u00edas y videos expl\u00edcitos del momento, con lo que se demostr\u00f3 que la sanci\u00f3n no s\u00f3lo debi\u00f3 ser para el celeste&#8221;.<\/p>\n<p>&#8211; NBC, Estados Unidos: &#8220;No hay manera cort\u00e9s de definir esto, a Jara se le fue la mano donde el sol no brilla. El desagradable gesto de Jara provoc\u00f3 la reacci\u00f3n con un golpe de Cavani.<\/p>\n<p>&#8211; La Gazzetta dello Sport, Italia: &#8220;El delantero de Uruguay fue expulsado en el minuto 18 del segundo tiempo despu\u00e9s de haber sido provocado por Jara de Chile. El ex delantero del Napoli reacciona con un golpe ligero y el defensor se tira al suelo&#8221;.<\/p>\n<p>&#8211; Mirror, Inglaterra: &#8220;Edinson Cavani fue despedido de su equipo durante la Copa Am\u00e9rica en la derrota contra Chile despu\u00e9s de un incidente desagradable que protagoniz\u00f3 Gonzalo Jara&#8221;.<\/p>\n<\/div>\n","protected":false},"excerpt":{"rendered":"<p>La imagen, los videos y los comentarios del dedo en la cola del defensa chileno al uruguayo ocuparon muchos espacios en los medios internacionales.<\/p>\n","protected":false},"author":5842,"featured_media":0,"comment_status":"open","ping_status":"open","sticky":false,"template":"","format":"standard","meta":{"footnotes":""},"categories":[28],"tags":[],"class_list":["post-462686","post","type-post","status-publish","format-standard","hentry","category-deportes"],"_links":{"self":[{"href":"https:\/\/diarioelpopular.com\/index.php\/wp-json\/wp\/v2\/posts\/462686","targetHints":{"allow":["GET"]}}],"collection":[{"href":"https:\/\/diarioelpopular.com\/index.php\/wp-json\/wp\/v2\/posts"}],"about":[{"href":"https:\/\/diarioelpopular.com\/index.php\/wp-json\/wp\/v2\/types\/post"}],"author":[{"embeddable":true,"href":"https:\/\/diarioelpopular.com\/index.php\/wp-json\/wp\/v2\/users\/5842"}],"replies":[{"embeddable":true,"href":"https:\/\/diarioelpopular.com\/index.php\/wp-json\/wp\/v2\/comments?post=462686"}],"version-history":[{"count":2,"href":"https:\/\/diarioelpopular.com\/index.php\/wp-json\/wp\/v2\/posts\/462686\/revisions"}],"predecessor-version":[{"id":462689,"href":"https:\/\/diarioelpopular.com\/index.php\/wp-json\/wp\/v2\/posts\/462686\/revisions\/462689"}],"wp:attachment":[{"href":"https:\/\/diarioelpopular.com\/index.php\/wp-json\/wp\/v2\/media?parent=462686"}],"wp:term":[{"taxonomy":"category","embeddable":true,"href":"https:\/\/diarioelpopular.com\/index.php\/wp-json\/wp\/v2\/categories?post=462686"},{"taxonomy":"post_tag","embeddable":true,"href":"https:\/\/diarioelpopular.com\/index.php\/wp-json\/wp\/v2\/tags?post=462686"}],"curies":[{"name":"wp","href":"https:\/\/api.w.org\/{rel}","templated":true}]}}