{"id":462768,"date":"2015-07-01T12:32:26","date_gmt":"2015-07-01T16:32:26","guid":{"rendered":"http:\/\/diarioelpopular.com\/?p=462768"},"modified":"2015-07-01T12:32:34","modified_gmt":"2015-07-01T16:32:34","slug":"alemania-aleja-la-posibilidad-de-un-acuerdo-inmediato-con-grecia","status":"publish","type":"post","link":"https:\/\/diarioelpopular.com\/index.php\/2015\/07\/01\/alemania-aleja-la-posibilidad-de-un-acuerdo-inmediato-con-grecia\/","title":{"rendered":"Alemania aleja la posibilidad de un acuerdo inmediato con Grecia"},"content":{"rendered":"<div class=\"columna_texto\">\n<div id=\"cuerpo_noticia\" class=\"cuerpo_noticia\" style=\"color: #333333\">\n<p>&nbsp;<\/p>\n<div id=\"attachment_462769\" style=\"width: 570px\" class=\"wp-caption aligncenter\"><a href=\"https:\/\/diarioelpopular.com\/wp-content\/uploads\/2015\/07\/1435747529_331831_1435747718_noticia_normal.jpg\"><img loading=\"lazy\" decoding=\"async\" aria-describedby=\"caption-attachment-462769\" class=\"size-full wp-image-462769\" src=\"https:\/\/diarioelpopular.com\/wp-content\/uploads\/2015\/07\/1435747529_331831_1435747718_noticia_normal.jpg\" alt=\"El ministro de Finanzas alem\u00e1n, Wolfgang Schauble, el 22 de junio en Bruselas.\" width=\"560\" height=\"367\" \/><\/a><p id=\"caption-attachment-462769\" class=\"wp-caption-text\">El ministro de Finanzas alem\u00e1n, Wolfgang Schauble, el 22 de junio en Bruselas.<\/p><\/div>\n<p><a style=\"color: #016ca2\" href=\"http:\/\/internacional.elpais.com\/internacional\/2015\/06\/30\/actualidad\/1435692766_469077.html\">Ya lo hizo ayer<\/a>, y hoy lo ha repetido: Berl\u00edn rebaja las expectativas de un acuerdo inmediato con Grecia. Tras conocerse\u00a0<a style=\"color: #016ca2\" href=\"http:\/\/internacional.elpais.com\/internacional\/2015\/07\/01\/actualidad\/1435739923_042292.html\">la \u00faltima oferta del primer ministro,<\/a>\u00a0Alexis Tsipras, el Gobierno alem\u00e1n considera que ya es demasiado tarde, y responsabiliza a Atenas de haber desaprovechado la ocasi\u00f3n de firmar el pasado fin de semana un documento muy parecido al que ahora propone. Ahora, una vez concluido el programa, las negociaciones deben comenzar desde el principio, y siempre tras el refer\u00e9ndum del pr\u00f3ximo domingo.<\/p>\n<p>La canciller\u00a0<a style=\"color: #016ca2\" href=\"http:\/\/elpais.com\/tag\/angela_merkel\/a\/\">Angela Merkel<\/a>\u00a0ha dejado claro que antes de la consulta no habr\u00e1 negociaci\u00f3n. Pero m\u00e1s all\u00e1 de esta idea \u2013<a style=\"color: #016ca2\" href=\"http:\/\/internacional.elpais.com\/internacional\/2015\/06\/29\/actualidad\/1435577012_068039.html\">que ya hab\u00eda mantenido en los dos \u00faltimos d\u00edas<\/a>-, la l\u00edder m\u00e1s poderosa de Europa manda una se\u00f1al clara a Tsipras: Europa puede sobrevivir sin problemas a una salida del euro de Grecia, pero no puede permitirse renunciar a sus principios. \u201cUn buen europeo no es aquel que busca un acuerdo a cualquier precio. Sino el que respeta los tratados y contribuye a la estabilidad de la euro zona\u201d, ha se\u00f1alado.<\/p>\n<p>Seg\u00fan la doctrina alemana, Grecia tendr\u00e1 que plegarse o asumir que no va a recibir una ayuda que le aleje de la quiebra y de la salida de la zona euro. Merkel insisti\u00f3 en que la eurozona es mucho m\u00e1s fuerte y estable que cuando empez\u00f3 la crisis hace cinco a\u00f1os, y que su estabilidad no est\u00e1 en juego. Quienes se juegan mucho son los ciudadanos griegos, ha dicho la canciller.<\/p>\n<p>Antes de hablar en el Parlamento, su ministro de Finanzas,\u00a0<a style=\"color: #016ca2\" href=\"http:\/\/elpais.com\/tag\/wolfgang_schauble\/a\/\">Wolfgang Sch\u00e4uble<\/a>, ya hab\u00eda anticipado el an\u00e1lisis que hace Berl\u00edn de la situaci\u00f3n actual; nada favorable a la propuesta que esa misma ma\u00f1ana hab\u00eda presentado Tsipras. El Gobierno alem\u00e1n considera que, tras expirar el programa en la medianoche del mi\u00e9rcoles, las condiciones para un nuevo rescate han cambiado. As\u00ed que la propuesta que los acreedores presentaron el pasado viernes no tiene por qu\u00e9 seguir siendo v\u00e1lida. Si esta posici\u00f3n se mantiene, la crisis griega volver\u00eda a la casilla de salida y habr\u00eda que negociar un nuevo programa tras el refer\u00e9ndum. &#8220;Ahora estamos en una situaci\u00f3n totalmente distinta, y necesitamos un programa totalmente nuevo con condiciones totalmente distintas&#8221;, ha dicho el ministro.<\/p>\n<p>Sch\u00e4uble ha sido extraordinariamente duro con la gesti\u00f3n de Tsipras, al que ha achacado falta de claridad. \u201cAhora hay rumores de que se podr\u00eda cancelar el refer\u00e9ndum. Esto no es serio\u201d, ha dicho el ministro, que representa al ala dura del Gobierno alem\u00e1n, y que en las \u00faltimas semanas parece ya inclinado por la opci\u00f3n de dejar a Grecia fuera de la eurozona. \u201cNinguno de nosotros entiende por qu\u00e9 el Gobierno griego lleva a esta situaci\u00f3n a su pueblo. El s\u00e1bado, cuando rechaz\u00f3 la oferta y convoc\u00f3 el refer\u00e9ndum, nos dej\u00f3 at\u00f3nitos\u201d, ha a\u00f1adido.<\/p>\n<\/div>\n<\/div>\n","protected":false},"excerpt":{"rendered":"<p>Merkel dice que Europa no est\u00e1 en peligro por la crisis griega y Sch\u00e4uble anuncia que har\u00e1 falta negociar un nuevo acuerdo con condiciones totalmente nuevas<\/p>\n","protected":false},"author":5842,"featured_media":0,"comment_status":"open","ping_status":"open","sticky":false,"template":"","format":"standard","meta":{"footnotes":""},"categories":[24],"tags":[],"class_list":["post-462768","post","type-post","status-publish","format-standard","hentry","category-mundo"],"_links":{"self":[{"href":"https:\/\/diarioelpopular.com\/index.php\/wp-json\/wp\/v2\/posts\/462768","targetHints":{"allow":["GET"]}}],"collection":[{"href":"https:\/\/diarioelpopular.com\/index.php\/wp-json\/wp\/v2\/posts"}],"about":[{"href":"https:\/\/diarioelpopular.com\/index.php\/wp-json\/wp\/v2\/types\/post"}],"author":[{"embeddable":true,"href":"https:\/\/diarioelpopular.com\/index.php\/wp-json\/wp\/v2\/users\/5842"}],"replies":[{"embeddable":true,"href":"https:\/\/diarioelpopular.com\/index.php\/wp-json\/wp\/v2\/comments?post=462768"}],"version-history":[{"count":1,"href":"https:\/\/diarioelpopular.com\/index.php\/wp-json\/wp\/v2\/posts\/462768\/revisions"}],"predecessor-version":[{"id":462770,"href":"https:\/\/diarioelpopular.com\/index.php\/wp-json\/wp\/v2\/posts\/462768\/revisions\/462770"}],"wp:attachment":[{"href":"https:\/\/diarioelpopular.com\/index.php\/wp-json\/wp\/v2\/media?parent=462768"}],"wp:term":[{"taxonomy":"category","embeddable":true,"href":"https:\/\/diarioelpopular.com\/index.php\/wp-json\/wp\/v2\/categories?post=462768"},{"taxonomy":"post_tag","embeddable":true,"href":"https:\/\/diarioelpopular.com\/index.php\/wp-json\/wp\/v2\/tags?post=462768"}],"curies":[{"name":"wp","href":"https:\/\/api.w.org\/{rel}","templated":true}]}}