{"id":462882,"date":"2015-07-09T00:02:23","date_gmt":"2015-07-09T04:02:23","guid":{"rendered":"http:\/\/diarioelpopular.com\/?p=462882"},"modified":"2015-07-07T19:02:53","modified_gmt":"2015-07-07T23:02:53","slug":"mas-de-3-000-personas-sin-viviendas-en-montreal","status":"publish","type":"post","link":"https:\/\/diarioelpopular.com\/index.php\/2015\/07\/09\/mas-de-3-000-personas-sin-viviendas-en-montreal\/","title":{"rendered":"M\u00e1s de 3.000 personas sin viviendas en Montreal"},"content":{"rendered":"<div id=\"attachment_462883\" style=\"width: 510px\" class=\"wp-caption aligncenter\"><a href=\"https:\/\/diarioelpopular.com\/wp-content\/uploads\/2015\/07\/foto-1-nota-23.jpg\"><img loading=\"lazy\" decoding=\"async\" aria-describedby=\"caption-attachment-462883\" class=\"size-full wp-image-462883\" src=\"https:\/\/diarioelpopular.com\/wp-content\/uploads\/2015\/07\/foto-1-nota-23.jpg\" alt=\"Los voluntarios entrevistaron a gente que han vivido en la calle durante 15 a\u00f1os. Foto Cortes\u00eda CBC.\" width=\"500\" height=\"378\" \/><\/a><p id=\"caption-attachment-462883\" class=\"wp-caption-text\">Los voluntarios entrevistaron a gente que han vivido en la calle durante 15 a\u00f1os. Foto Cortes\u00eda CBC.<\/p><\/div>\n<p>MONTREAL.- Un primer informe oficial de registro de personas sin hogares encontr\u00f3 que existen 3.016 habitantes en Montreal sin viviendas.<\/p>\n<p>El reporte fue preesentado por el Alcalde Denis Coderre y representantes de la organizaci\u00f3n Montreal Homelessness Count.<\/p>\n<p>M\u00e1s de 800 voluntarios de la ciudad trabajaron para determinar un n\u00famero exacto de personas sin hogar en la ciudad de la provincia de Quebec.<\/p>\n<p>Los voluntarios fueron desplegados en las calles de Montreal y abordar a la gente para preguntar acerca de su situaci\u00f3n de vivienda.<\/p>\n<p>En el informe destaca:<\/p>\n<p>&#8211; 76 por ciento de las personas sin hogar en Montreal son hombres<\/p>\n<p>&#8211; 93 por ciento de las personas que duermen fuera son hombres<\/p>\n<p>&#8211; 54 por ciento de las personas que viven en viviendas de transici\u00f3n son mujeres<\/p>\n<p>&#8211; 44 por ciento de las personas sin hogar nacieron en Montreal<\/p>\n<p>&#8211; Inmigrantes representan el 10 por ciento de la poblaci\u00f3n sin hogar<\/p>\n<p>&#8211; 10 por ciento de las personas sin hogar dentro de la poblaci\u00f3n de Montreal es aborigen, a pesar de que menos del uno por ciento de la poblaci\u00f3n total de Montreal es ind\u00edgena<\/p>\n<p>&#8211; Veteranos representan seis por ciento de las personas sin hogar en Montreal<\/p>\n<p>La Universidad de Salud Mental Douglas condujo la encuesta, con el apoyo de diversas instituciones como YMCA de Quebec.<\/p>\n<p>Una importante encuesta nocturna \u00a0se llev\u00f3 a cabo en los distritos del centro de la ciudad y sus alrededores, as\u00edmismo los miembros del equipo tambi\u00e9n encuestaron en los centros durante el d\u00eda para conocer &#8220;la cara oculta de la situaci\u00f3n de falta de vivienda&#8221;.<\/p>\n<p>&#8220;En West Island, no encontramos gente en las calles durante los recorridos de la noche por lo que es importante obtener la versi\u00f3n de los usuarios de los centros durante el d\u00eda, donde fue posible encontrar casos de j\u00f3venes viviendo en el s\u00f3tano de un amigo&#8221;, dijo James McGregor, el Gerente General del proyecto.<\/p>\n<p>&#8220;Es una situaci\u00f3n diferente a la falta de vivienda. Es lo que se llama una situaci\u00f3n de falta de vivienda oculta, eso es lo que estamos tratando de obtener, una mejor imagen de estos casos&#8221;.<\/p>\n","protected":false},"excerpt":{"rendered":"<p>El 54 por ciento de los usuarios de los centros de transici\u00f3n son mujeres, de acuerdo a un registro presentado por la Alcald\u00eda de Montreal.<\/p>\n","protected":false},"author":5842,"featured_media":0,"comment_status":"open","ping_status":"open","sticky":false,"template":"","format":"standard","meta":{"footnotes":""},"categories":[11191],"tags":[],"class_list":["post-462882","post","type-post","status-publish","format-standard","hentry","category-top-news"],"_links":{"self":[{"href":"https:\/\/diarioelpopular.com\/index.php\/wp-json\/wp\/v2\/posts\/462882","targetHints":{"allow":["GET"]}}],"collection":[{"href":"https:\/\/diarioelpopular.com\/index.php\/wp-json\/wp\/v2\/posts"}],"about":[{"href":"https:\/\/diarioelpopular.com\/index.php\/wp-json\/wp\/v2\/types\/post"}],"author":[{"embeddable":true,"href":"https:\/\/diarioelpopular.com\/index.php\/wp-json\/wp\/v2\/users\/5842"}],"replies":[{"embeddable":true,"href":"https:\/\/diarioelpopular.com\/index.php\/wp-json\/wp\/v2\/comments?post=462882"}],"version-history":[{"count":1,"href":"https:\/\/diarioelpopular.com\/index.php\/wp-json\/wp\/v2\/posts\/462882\/revisions"}],"predecessor-version":[{"id":462884,"href":"https:\/\/diarioelpopular.com\/index.php\/wp-json\/wp\/v2\/posts\/462882\/revisions\/462884"}],"wp:attachment":[{"href":"https:\/\/diarioelpopular.com\/index.php\/wp-json\/wp\/v2\/media?parent=462882"}],"wp:term":[{"taxonomy":"category","embeddable":true,"href":"https:\/\/diarioelpopular.com\/index.php\/wp-json\/wp\/v2\/categories?post=462882"},{"taxonomy":"post_tag","embeddable":true,"href":"https:\/\/diarioelpopular.com\/index.php\/wp-json\/wp\/v2\/tags?post=462882"}],"curies":[{"name":"wp","href":"https:\/\/api.w.org\/{rel}","templated":true}]}}