{"id":462986,"date":"2015-07-15T00:01:49","date_gmt":"2015-07-15T04:01:49","guid":{"rendered":"http:\/\/diarioelpopular.com\/?p=462986"},"modified":"2015-07-14T17:22:50","modified_gmt":"2015-07-14T21:22:50","slug":"audiencia-de-sentencia-en-terrorismo-en-via-rail","status":"publish","type":"post","link":"https:\/\/diarioelpopular.com\/index.php\/2015\/07\/15\/audiencia-de-sentencia-en-terrorismo-en-via-rail\/","title":{"rendered":"Audiencia de sentencia en terrorismo en Via Rail"},"content":{"rendered":"<div id=\"attachment_462987\" style=\"width: 570px\" class=\"wp-caption aligncenter\"><a href=\"https:\/\/diarioelpopular.com\/wp-content\/uploads\/2015\/07\/foto-1-breves-36.jpg\"><img loading=\"lazy\" decoding=\"async\" aria-describedby=\"caption-attachment-462987\" class=\"size-large wp-image-462987\" src=\"https:\/\/diarioelpopular.com\/wp-content\/uploads\/2015\/07\/foto-1-breves-36-560x361.jpg\" alt=\"Un jurado encontr\u00f3 son culpables de otros seis cargos relacionados con el terrorismo.\" width=\"560\" height=\"361\" \/><\/a><p id=\"caption-attachment-462987\" class=\"wp-caption-text\">Un jurado encontr\u00f3 son culpables de otros seis cargos relacionados con el terrorismo.<\/p><\/div>\n<p><strong><em>TORONTO.-<\/em> <\/strong>Contin\u00faa las audiencias de sentencia de los hombres condenados por terrorismo en el complot para descarrilar un tren de pasajeros que viajaba entre Canad\u00e1 y Estados Unidos.<\/p>\n<p>Raed Jaser y su co-acusado, Chiheb Esseghaier, fueron declarados culpables en marzo de una conspiraci\u00f3n para cometer asesinato, que conlleva una pena m\u00e1xima de cadena perpetua.<\/p>\n<p>Un jurado de 12 miembros tambi\u00e9n encontr\u00f3 que los hombres son culpables de otros seis cargos relacionados con el terrorismo.<\/p>\n<p>Jess Ghannam, psic\u00f3logo que lleva a cabo una evaluaci\u00f3n de Jaser, lo describi\u00f3 como un adicto desesperado que estaf\u00f3 a la gente para drogarse.<\/p>\n<p>Se concluy\u00f3 que Jaser no ten\u00eda ideolog\u00eda isl\u00e1mica radical consistente, pero adopt\u00f3 una personalidad como musulm\u00e1n piadoso para enga\u00f1ar a los miembros de esa comunidad.<\/p>\n<p>Durante el juicio Jaser y de Esseghaier, la corte escuch\u00f3 que un agente encubierto del FBI gan\u00f3 la confianza de ambos\u00a0 y secretamente grab\u00f3 sus conversaciones, lo que constituy\u00f3 la mayor parte de la evidencia en el caso.<\/p>\n<p>Los dos coincidieron en supuestos complots terroristas en represalia por las acciones militares de Canad\u00e1 en los pa\u00edses musulmanes.<\/p>\n","protected":false},"excerpt":{"rendered":"<p>Contin\u00faan las audiencias de sentencia de los hombres condenados por terrorismo en el complot para descarrilar un tren de pasajeros que viajaba entre Canad\u00e1 y Estados Unidos.<\/p>\n","protected":false},"author":5842,"featured_media":0,"comment_status":"open","ping_status":"open","sticky":false,"template":"","format":"standard","meta":{"footnotes":""},"categories":[21],"tags":[],"class_list":["post-462986","post","type-post","status-publish","format-standard","hentry","category-canada"],"_links":{"self":[{"href":"https:\/\/diarioelpopular.com\/index.php\/wp-json\/wp\/v2\/posts\/462986","targetHints":{"allow":["GET"]}}],"collection":[{"href":"https:\/\/diarioelpopular.com\/index.php\/wp-json\/wp\/v2\/posts"}],"about":[{"href":"https:\/\/diarioelpopular.com\/index.php\/wp-json\/wp\/v2\/types\/post"}],"author":[{"embeddable":true,"href":"https:\/\/diarioelpopular.com\/index.php\/wp-json\/wp\/v2\/users\/5842"}],"replies":[{"embeddable":true,"href":"https:\/\/diarioelpopular.com\/index.php\/wp-json\/wp\/v2\/comments?post=462986"}],"version-history":[{"count":1,"href":"https:\/\/diarioelpopular.com\/index.php\/wp-json\/wp\/v2\/posts\/462986\/revisions"}],"predecessor-version":[{"id":462988,"href":"https:\/\/diarioelpopular.com\/index.php\/wp-json\/wp\/v2\/posts\/462986\/revisions\/462988"}],"wp:attachment":[{"href":"https:\/\/diarioelpopular.com\/index.php\/wp-json\/wp\/v2\/media?parent=462986"}],"wp:term":[{"taxonomy":"category","embeddable":true,"href":"https:\/\/diarioelpopular.com\/index.php\/wp-json\/wp\/v2\/categories?post=462986"},{"taxonomy":"post_tag","embeddable":true,"href":"https:\/\/diarioelpopular.com\/index.php\/wp-json\/wp\/v2\/tags?post=462986"}],"curies":[{"name":"wp","href":"https:\/\/api.w.org\/{rel}","templated":true}]}}