{"id":462995,"date":"2015-07-16T00:03:40","date_gmt":"2015-07-16T04:03:40","guid":{"rendered":"http:\/\/diarioelpopular.com\/?p=462995"},"modified":"2015-07-14T17:36:43","modified_gmt":"2015-07-14T21:36:43","slug":"meses-de-verano-son-improductivos","status":"publish","type":"post","link":"https:\/\/diarioelpopular.com\/index.php\/2015\/07\/16\/meses-de-verano-son-improductivos\/","title":{"rendered":"Meses de verano son improductivos"},"content":{"rendered":"<div id=\"attachment_462996\" style=\"width: 570px\" class=\"wp-caption aligncenter\"><a href=\"https:\/\/diarioelpopular.com\/wp-content\/uploads\/2015\/07\/foto-1-breves-2_.jpg\"><img loading=\"lazy\" decoding=\"async\" aria-describedby=\"caption-attachment-462996\" class=\"size-large wp-image-462996\" src=\"https:\/\/diarioelpopular.com\/wp-content\/uploads\/2015\/07\/foto-1-breves-2_-560x373.jpg\" alt=\"Especialistas consideran que gerentes y empleados deben establecer expectativas realistas.\" width=\"560\" height=\"373\" \/><\/a><p id=\"caption-attachment-462996\" class=\"wp-caption-text\">Especialistas consideran que gerentes y empleados deben establecer expectativas realistas.<\/p><\/div>\n<p><strong><em>VANCOUVER.-<\/em> <\/strong>Una investigaci\u00f3n revel\u00f3 la ca\u00edda en la productividad durante la etapa c\u00e1lida del a\u00f1o, de acuerdo con la firma de recursos humanos Robert Half.<\/p>\n<p>El documento confirm\u00f3 distracci\u00f3n en la mente de los trabajadores, en relaci\u00f3n a planes despu\u00e9s de la jornada laboral.<\/p>\n<p>Al respecto, especialistas consideran que gerentes y empleados deben establecer expectativas realistas, en lo que califican como un comportamiento natural.<\/p>\n<p>\u201cSi nos fijamos en Vancouver durante los \u00faltimos tres, hemos tenido cuatro semanas at\u00edpicas muy calientes y sin lluvia, por lo que todos estamos deseando estar afuera\u201d.<\/p>\n<p>En ese sentido, recomienda organizar recesos para un caf\u00e9 afuera u organizar una actividad de grupo como un paseo durante el almuerzo.<\/p>\n<p>Otra idea empezar a trabajar m\u00e1s temprano para salir antes.<\/p>\n","protected":false},"excerpt":{"rendered":"<p>Una investigaci\u00f3n revel\u00f3 la ca\u00edda en la productividad durante la etapa c\u00e1lida del a\u00f1o, de acuerdo con la firma de recursos humanos Robert Half.<\/p>\n","protected":false},"author":5842,"featured_media":0,"comment_status":"open","ping_status":"open","sticky":false,"template":"","format":"standard","meta":{"footnotes":""},"categories":[21],"tags":[],"class_list":["post-462995","post","type-post","status-publish","format-standard","hentry","category-canada"],"_links":{"self":[{"href":"https:\/\/diarioelpopular.com\/index.php\/wp-json\/wp\/v2\/posts\/462995","targetHints":{"allow":["GET"]}}],"collection":[{"href":"https:\/\/diarioelpopular.com\/index.php\/wp-json\/wp\/v2\/posts"}],"about":[{"href":"https:\/\/diarioelpopular.com\/index.php\/wp-json\/wp\/v2\/types\/post"}],"author":[{"embeddable":true,"href":"https:\/\/diarioelpopular.com\/index.php\/wp-json\/wp\/v2\/users\/5842"}],"replies":[{"embeddable":true,"href":"https:\/\/diarioelpopular.com\/index.php\/wp-json\/wp\/v2\/comments?post=462995"}],"version-history":[{"count":1,"href":"https:\/\/diarioelpopular.com\/index.php\/wp-json\/wp\/v2\/posts\/462995\/revisions"}],"predecessor-version":[{"id":462997,"href":"https:\/\/diarioelpopular.com\/index.php\/wp-json\/wp\/v2\/posts\/462995\/revisions\/462997"}],"wp:attachment":[{"href":"https:\/\/diarioelpopular.com\/index.php\/wp-json\/wp\/v2\/media?parent=462995"}],"wp:term":[{"taxonomy":"category","embeddable":true,"href":"https:\/\/diarioelpopular.com\/index.php\/wp-json\/wp\/v2\/categories?post=462995"},{"taxonomy":"post_tag","embeddable":true,"href":"https:\/\/diarioelpopular.com\/index.php\/wp-json\/wp\/v2\/tags?post=462995"}],"curies":[{"name":"wp","href":"https:\/\/api.w.org\/{rel}","templated":true}]}}