{"id":463093,"date":"2015-07-23T00:01:57","date_gmt":"2015-07-23T04:01:57","guid":{"rendered":"http:\/\/diarioelpopular.com\/?p=463093"},"modified":"2015-07-22T10:03:11","modified_gmt":"2015-07-22T14:03:11","slug":"mayoria-de-ninos-canadienses-ha-recibido-vacunas","status":"publish","type":"post","link":"https:\/\/diarioelpopular.com\/index.php\/2015\/07\/23\/mayoria-de-ninos-canadienses-ha-recibido-vacunas\/","title":{"rendered":"Mayor\u00eda de ni\u00f1os canadienses ha recibido vacunas"},"content":{"rendered":"<div id=\"attachment_463094\" style=\"width: 310px\" class=\"wp-caption aligncenter\"><a href=\"https:\/\/diarioelpopular.com\/wp-content\/uploads\/2015\/07\/foto-1-breves-110.jpg\"><img loading=\"lazy\" decoding=\"async\" aria-describedby=\"caption-attachment-463094\" class=\"size-full wp-image-463094\" src=\"https:\/\/diarioelpopular.com\/wp-content\/uploads\/2015\/07\/foto-1-breves-110.jpg\" alt=\"La protecci\u00f3n contra la poliomielitis entre los ni\u00f1os de dos a\u00f1os de edad fue de 91 por ciento.\" width=\"300\" height=\"168\" \/><\/a><p id=\"caption-attachment-463094\" class=\"wp-caption-text\">La protecci\u00f3n contra la poliomielitis entre los ni\u00f1os de dos a\u00f1os de edad fue de 91 por ciento.<\/p><\/div>\n<p><strong><em>OTTAWA.-<\/em><\/strong> Estad\u00edsticas Canad\u00e1 inform\u00f3 que un alto porcentaje de ni\u00f1os de dos a\u00f1os de edad han sido vacunados contra una variedad de enfermedades infantiles. \u00a0Una consulta de la agencia determin\u00f3 que los padres consideran que las inmunizaciones son importantes.<\/p>\n<p>La Encuesta Nacional de Cobertura de Vacunaci\u00f3n Infantil encontr\u00f3 que 89 por ciento de los ni\u00f1os, de dos a\u00f1os de edad, hab\u00eda recibido el n\u00famero recomendado de vacunas contra el sarampi\u00f3n, las paperas y la rubeola.<\/p>\n<p>La protecci\u00f3n contra la poliomielitis entre los ni\u00f1os de dos a\u00f1os de edad fue de 91 por ciento, mientras que el 73 por ciento hab\u00eda sido vacunado contra la varicela.<\/p>\n<p>La encuesta tambi\u00e9n recoge datos sobre la inmunizaci\u00f3n contra el virus del papiloma humano para ni\u00f1as entre 14 a 17 a\u00f1os. La tasa de vacunaci\u00f3n contra el VPH fue del 72 por ciento entre las ni\u00f1as de 12 a 14, y 64 por ciento de las ni\u00f1as de 17.<\/p>\n<p>Sin embargo, el estudio que abord\u00f3 a padres y cuidadores tambi\u00e9n encontr\u00f3 una peque\u00f1a proporci\u00f3n de ni\u00f1os canadienses (1,5 por ciento) que no han recibido \u00a0vacunas de ning\u00fan tipo.<\/p>\n<p>El 97 por ciento de los adultos est\u00e1n de acuerdo en que las vacunas son esenciales para proteger la salud de los ni\u00f1os.<\/p>\n","protected":false},"excerpt":{"rendered":"<p>Estad\u00edsticas Canad\u00e1 inform\u00f3 que un alto porcentaje de ni\u00f1os de dos a\u00f1os de edad han sido vacunados contra una variedad de enfermedades infantiles. <\/p>\n","protected":false},"author":5842,"featured_media":0,"comment_status":"open","ping_status":"open","sticky":false,"template":"","format":"standard","meta":{"footnotes":""},"categories":[21],"tags":[],"class_list":["post-463093","post","type-post","status-publish","format-standard","hentry","category-canada"],"_links":{"self":[{"href":"https:\/\/diarioelpopular.com\/index.php\/wp-json\/wp\/v2\/posts\/463093","targetHints":{"allow":["GET"]}}],"collection":[{"href":"https:\/\/diarioelpopular.com\/index.php\/wp-json\/wp\/v2\/posts"}],"about":[{"href":"https:\/\/diarioelpopular.com\/index.php\/wp-json\/wp\/v2\/types\/post"}],"author":[{"embeddable":true,"href":"https:\/\/diarioelpopular.com\/index.php\/wp-json\/wp\/v2\/users\/5842"}],"replies":[{"embeddable":true,"href":"https:\/\/diarioelpopular.com\/index.php\/wp-json\/wp\/v2\/comments?post=463093"}],"version-history":[{"count":1,"href":"https:\/\/diarioelpopular.com\/index.php\/wp-json\/wp\/v2\/posts\/463093\/revisions"}],"predecessor-version":[{"id":463095,"href":"https:\/\/diarioelpopular.com\/index.php\/wp-json\/wp\/v2\/posts\/463093\/revisions\/463095"}],"wp:attachment":[{"href":"https:\/\/diarioelpopular.com\/index.php\/wp-json\/wp\/v2\/media?parent=463093"}],"wp:term":[{"taxonomy":"category","embeddable":true,"href":"https:\/\/diarioelpopular.com\/index.php\/wp-json\/wp\/v2\/categories?post=463093"},{"taxonomy":"post_tag","embeddable":true,"href":"https:\/\/diarioelpopular.com\/index.php\/wp-json\/wp\/v2\/tags?post=463093"}],"curies":[{"name":"wp","href":"https:\/\/api.w.org\/{rel}","templated":true}]}}