{"id":463119,"date":"2015-07-22T10:26:39","date_gmt":"2015-07-22T14:26:39","guid":{"rendered":"http:\/\/diarioelpopular.com\/?p=463119"},"modified":"2015-07-22T10:26:39","modified_gmt":"2015-07-22T14:26:39","slug":"el-presidente-de-la-federacion-boliviana-de-futbol-va-a-prision","status":"publish","type":"post","link":"https:\/\/diarioelpopular.com\/index.php\/2015\/07\/22\/el-presidente-de-la-federacion-boliviana-de-futbol-va-a-prision\/","title":{"rendered":"El presidente de la Federaci\u00f3n Boliviana de F\u00fatbol va a prisi\u00f3n"},"content":{"rendered":"<div id=\"attachment_463120\" style=\"width: 310px\" class=\"wp-caption aligncenter\"><a href=\"https:\/\/diarioelpopular.com\/wp-content\/uploads\/2015\/07\/1437525942_569204_1437526543_noticia_normal.jpg\"><img loading=\"lazy\" decoding=\"async\" aria-describedby=\"caption-attachment-463120\" class=\"size-full wp-image-463120\" src=\"https:\/\/diarioelpopular.com\/wp-content\/uploads\/2015\/07\/1437525942_569204_1437526543_noticia_normal.jpg\" alt=\"Carlos Chavez, en prisi\u00f3n este martes en Santa Cruz, Bolivia. \" width=\"300\" height=\"452\" \/><\/a><p id=\"caption-attachment-463120\" class=\"wp-caption-text\">Carlos Chavez, en prisi\u00f3n este martes en Santa Cruz, Bolivia.<\/p><\/div>\n<p style=\"color: #333333\">Un juez puso en\u00a0<a style=\"color: #016ca2\" href=\"http:\/\/deportes.elpais.com\/deportes\/2015\/05\/28\/actualidad\/1432842464_661451.html\">prisi\u00f3n a Carlos Ch\u00e1vez<\/a>, presidente \u201chist\u00f3rico\u201d de la Federaci\u00f3n Boliviana de F\u00fatbol (FBF) y tesorero de la Confederaci\u00f3n Sudamericana de F\u00fatbol, y orden\u00f3 el arresto domiciliario del secretario general de la FBF, Alberto Lozada. Con ello admiti\u00f3 la denuncia de la fiscal\u00eda, que ten\u00eda detenidos a ambos directivos desde el viernes, acusados de distintos cargos, entre ellos tr\u00e1fico de influencias, estafa agravada por m\u00faltiples v\u00edctimas y crimen organizado.<\/p>\n<p style=\"color: #333333\">La investigaci\u00f3n que dio lugar a esta detenci\u00f3n comenz\u00f3 despu\u00e9s de que, a fines de mayo, la justicia norteamericana acusara a los<a style=\"color: #016ca2\" href=\"http:\/\/elpais.com\/tag\/caso_corrupcion_fifa\/a\/\">directivos de la FIFA de corrupci\u00f3n,<\/a>y se supiera que la FBF hab\u00eda recibido alrededor de 7,5 millones de d\u00f3lares por derechos de televisi\u00f3n y otros ingresos, cuya administraci\u00f3n no estaba clara. Desde entonces, el\u00a0<a style=\"color: #016ca2\" href=\"http:\/\/elpais.com\/tag\/evo_morales\/a\/\">presidente Evo Morales<\/a>, gran aficionado al f\u00fatbol, pidi\u00f3 en varias ocasiones que se pusiera a Ch\u00e1vez tras las rejas. Por esta raz\u00f3n, el todav\u00eda presidente del futbol boliviano ha denunciado una \u201cintervenci\u00f3n\u201d pol\u00edtica a la instituci\u00f3n que dirige, y pidi\u00f3 un pronunciamiento de los organismos internacionales de este deporte, el que no se produjo hasta ahora.<\/p>\n<p style=\"color: #333333\">Ch\u00e1vez adem\u00e1s enfrenta una acusaci\u00f3n por un hecho local, y al parecer fue la que m\u00e1s\u00a0<a style=\"color: #016ca2\" href=\"http:\/\/deportes.elpais.com\/deportes\/2015\/05\/28\/actualidad\/1432842464_661451.html\">pes\u00f3 sobre la decisi\u00f3n del juez<\/a>\u00a0de enviarlo al penal de Palmasola, en la ciudad de Santa Cruz. En febrero de 2013 se realiz\u00f3 un partido en la ciudad boliviana de Oruro entre San Jos\u00e9 y Corinthians, en el cual, por un fallo de seguridad, se permiti\u00f3 que algunos hinchas llevaran bengalas al estadio; una de ellas mat\u00f3 al ni\u00f1o Kevin Beltr\u00e1n, al introducirse en uno de sus ojos. M\u00e1s de una decena de hinchas del Corinthians fueron detenidos y poco despu\u00e9s, en abril, se realiz\u00f3 un partido amistoso entre Bolivia y Brasil, cuya recaudaci\u00f3n de medio mill\u00f3n de d\u00f3lares, seg\u00fan la acusaci\u00f3n, deb\u00eda haber beneficiado a la familia del ni\u00f1o muerto, pero que, seg\u00fan Ch\u00e1vez, nunca tuvo este prop\u00f3sito, ya que el partido se hab\u00eda concertado mucho antes del accidente. Uno de los testimonios en contra de Ch\u00e1vez en la primera audiencia fue del padre de Beltr\u00e1n, quien afirm\u00f3 que no hab\u00eda recibido \u201cni un centavo\u201d; mientras que a su favor testific\u00f3 el m\u00e1s c\u00e9lebre entrenador local, el hispano-boliviano Xavier Azkargorta, el cual aclar\u00f3 a la prensa que al juez solo le habl\u00f3 de f\u00fatbol y no de dinero.<\/p>\n<p style=\"color: #333333\">Antes de ir a la c\u00e1rcel, el principal directivo del\u00a0<a style=\"color: #016ca2\" href=\"http:\/\/elpais.com\/tag\/seleccion_futbol_bolivia\/a\/\">futbol boliviano<\/a>\u00a0dijo que pod\u00eda haberse quedado en Asunci\u00f3n, a donde fue hace unas semanas para el sorteo de partidos de la\u00a0<a style=\"color: #016ca2\" href=\"http:\/\/deportes.elpais.com\/deportes\/2015\/06\/25\/actualidad\/1435257475_464799.html\">\u00faltima Copa Am\u00e9rica,<\/a>\u00a0pero que prefiri\u00f3 volver al pa\u00eds a enfrentar el \u201cgolpe de Estado\u201d de algunos dirigentes de clubes en contra de su mandato. Ch\u00e1vez fue reelegido varias veces a la cabeza de la FBF, pese a la oposici\u00f3n de los grandes equipos nacionales. Las dos \u00faltimas veces la votaci\u00f3n se produjo en reuniones tempestuosas, en una de las cuales incluso se tuvo que llamar a la Polic\u00eda.<\/p>\n<p style=\"color: #333333\">Desde la \u00faltima reelecci\u00f3n de Ch\u00e1vez, un a\u00f1o atr\u00e1s, el presidente Morales mostr\u00f3 p\u00fablicamente su disconformidad con la permanencia de este dirigente como mandam\u00e1s del deporte m\u00e1s querido por los bolivianos, pero no pudo hacer nada al respecto hasta que estall\u00f3\u00a0<a style=\"color: #016ca2\" href=\"http:\/\/elpais.com\/deportes\/2015\/05\/28\/actualidad\/1432838771_270429.html\">el esc\u00e1ndalo de la Fifa<\/a>. Desde ese momento, no dej\u00f3 de animar a la fiscal\u00eda a investigar a las organizaciones del f\u00fatbol profesional, que no funciona bien desde hace mucho y que el presidente, dijo una vez, medio en serio medio en broma, \u00e9l quisiera \u201cnacionalizar\u201d.<\/p>\n","protected":false},"excerpt":{"rendered":"<p>El juez tambi\u00e9n ordena el arresto domiciliario del secretario general de la FBF, Lozada.<\/p>\n","protected":false},"author":5842,"featured_media":0,"comment_status":"open","ping_status":"open","sticky":false,"template":"","format":"standard","meta":{"footnotes":""},"categories":[23],"tags":[],"class_list":["post-463119","post","type-post","status-publish","format-standard","hentry","category-latinoamerica"],"_links":{"self":[{"href":"https:\/\/diarioelpopular.com\/index.php\/wp-json\/wp\/v2\/posts\/463119","targetHints":{"allow":["GET"]}}],"collection":[{"href":"https:\/\/diarioelpopular.com\/index.php\/wp-json\/wp\/v2\/posts"}],"about":[{"href":"https:\/\/diarioelpopular.com\/index.php\/wp-json\/wp\/v2\/types\/post"}],"author":[{"embeddable":true,"href":"https:\/\/diarioelpopular.com\/index.php\/wp-json\/wp\/v2\/users\/5842"}],"replies":[{"embeddable":true,"href":"https:\/\/diarioelpopular.com\/index.php\/wp-json\/wp\/v2\/comments?post=463119"}],"version-history":[{"count":1,"href":"https:\/\/diarioelpopular.com\/index.php\/wp-json\/wp\/v2\/posts\/463119\/revisions"}],"predecessor-version":[{"id":463121,"href":"https:\/\/diarioelpopular.com\/index.php\/wp-json\/wp\/v2\/posts\/463119\/revisions\/463121"}],"wp:attachment":[{"href":"https:\/\/diarioelpopular.com\/index.php\/wp-json\/wp\/v2\/media?parent=463119"}],"wp:term":[{"taxonomy":"category","embeddable":true,"href":"https:\/\/diarioelpopular.com\/index.php\/wp-json\/wp\/v2\/categories?post=463119"},{"taxonomy":"post_tag","embeddable":true,"href":"https:\/\/diarioelpopular.com\/index.php\/wp-json\/wp\/v2\/tags?post=463119"}],"curies":[{"name":"wp","href":"https:\/\/api.w.org\/{rel}","templated":true}]}}