{"id":463156,"date":"2015-07-25T00:02:26","date_gmt":"2015-07-25T04:02:26","guid":{"rendered":"http:\/\/diarioelpopular.com\/?p=463156"},"modified":"2015-07-23T18:14:14","modified_gmt":"2015-07-23T22:14:14","slug":"un-muerto-y-varios-desaparecidos-en-incendio-de-drummondville","status":"publish","type":"post","link":"https:\/\/diarioelpopular.com\/index.php\/2015\/07\/25\/un-muerto-y-varios-desaparecidos-en-incendio-de-drummondville\/","title":{"rendered":"Un muerto y varios desaparecidos en incendio de Drummondville"},"content":{"rendered":"<div id=\"attachment_463157\" style=\"width: 570px\" class=\"wp-caption aligncenter\"><a href=\"https:\/\/diarioelpopular.com\/wp-content\/uploads\/2015\/07\/foto-1-nota-115.jpg\"><img loading=\"lazy\" decoding=\"async\" aria-describedby=\"caption-attachment-463157\" class=\"size-large wp-image-463157\" src=\"https:\/\/diarioelpopular.com\/wp-content\/uploads\/2015\/07\/foto-1-nota-115-560x315.jpg\" alt=\"La Polic\u00eda Provincial de Quebec no ha confirmado las p\u00e9rdidas. Foto Cortes\u00eda The Canadian Press. \" width=\"560\" height=\"315\" \/><\/a><p id=\"caption-attachment-463157\" class=\"wp-caption-text\">La Polic\u00eda Provincial de Quebec no ha confirmado las p\u00e9rdidas. Foto Cortes\u00eda The Canadian Press.<\/p><\/div>\n<p><strong><em>MONTREAL.-<\/em><\/strong> Varias personas fueron reportadas desaparecidas despu\u00e9s de que un incendio consumi\u00f3 casi un edificio ubicado en Drummondville, Quebec.<\/p>\n<p>Una agencia de noticias, The Canadian Press, inform\u00f3 el saldo de una persona que perdi\u00f3 la vida en el incendio, que estall\u00f3 poco despu\u00e9s de la medianoche en el segundo piso de un edificio de tres pisos, localizado en Des Merisiers Avenue.<\/p>\n<p>Sin embargo, la Polic\u00eda Provincial de Quebec no ha confirmado las p\u00e9rdidas.<\/p>\n<p>Las autoridades se encuentran investigando si los desaparecidos permanec\u00edan en sus respectivas unidades para en el momento.<\/p>\n<p>El edificio alberga 36 apartamentos.<\/p>\n<p>Un portavoz del departamento de Bomberos en Drummondville, ubicado a unos 100 kil\u00f3metros al noreste de Montreal, dijo que la infraestructura es inestable y los equipos e investigadores no estuvieron seguros de ingresar al edificio.<\/p>\n<p>Isabelle Sawyer, uno de los residentes del edificio, declar\u00f3 que logr\u00f3 escapar despu\u00e9s de que su vecino golpe\u00f3 a su puerta y le advirti\u00f3 sobre el incendio.<\/p>\n<p>&#8220;Se quem\u00f3 como un castillo&#8221;, dijo Sawyer.<\/p>\n<p>&#8220;Escuch\u00e9 gente gritando en los balcones. Fue apocal\u00edptico&#8221;.<\/p>\n<p>Sawyer explic\u00f3 que muchas de las unidades eran apartamentos de un dormitorio, ocupados por personas individuales, muchos sin seguro y bajo asistencia social.<\/p>\n<p>Aur\u00e9lie Guindon, una portavoz de la Polic\u00eda Provincial de Quebec, inform\u00f3 que las causas del incendio est\u00e1n bajo investigaci\u00f3n.<\/p>\n<p>Varios residentes del edificio fueron trasladados al hospital.<\/p>\n<p>Un video publicado en Facebook por un residente local mostr\u00f3 c\u00f3mo el fuego se extendi\u00f3 r\u00e1pidamente por todo el edificio.<\/p>\n<p>Chantal Allard, una residente de la comunidad, dijo que los gritos de la gente despert\u00f3 el vecindario.<\/p>\n<p>\u201cVi las llamas en medio del alboroto y la gente huyendo del edificio\u201d.<\/p>\n<p>Los bomberos lograron controlar el fuego alrededor de las 3:00 am.<\/p>\n<p>Los equipos de emergencia continuaron en la escena por horas.<\/p>\n<p>La Cruz Roja ayud\u00f3 con los esfuerzos de rescate.<\/p>\n","protected":false},"excerpt":{"rendered":"<p>El fuego estall\u00f3 en la medianoche en un edificio de 3 plantas ubicado en Des Merisiers.<\/p>\n","protected":false},"author":5842,"featured_media":0,"comment_status":"open","ping_status":"open","sticky":false,"template":"","format":"standard","meta":{"footnotes":""},"categories":[11191],"tags":[],"class_list":["post-463156","post","type-post","status-publish","format-standard","hentry","category-top-news"],"_links":{"self":[{"href":"https:\/\/diarioelpopular.com\/index.php\/wp-json\/wp\/v2\/posts\/463156","targetHints":{"allow":["GET"]}}],"collection":[{"href":"https:\/\/diarioelpopular.com\/index.php\/wp-json\/wp\/v2\/posts"}],"about":[{"href":"https:\/\/diarioelpopular.com\/index.php\/wp-json\/wp\/v2\/types\/post"}],"author":[{"embeddable":true,"href":"https:\/\/diarioelpopular.com\/index.php\/wp-json\/wp\/v2\/users\/5842"}],"replies":[{"embeddable":true,"href":"https:\/\/diarioelpopular.com\/index.php\/wp-json\/wp\/v2\/comments?post=463156"}],"version-history":[{"count":1,"href":"https:\/\/diarioelpopular.com\/index.php\/wp-json\/wp\/v2\/posts\/463156\/revisions"}],"predecessor-version":[{"id":463158,"href":"https:\/\/diarioelpopular.com\/index.php\/wp-json\/wp\/v2\/posts\/463156\/revisions\/463158"}],"wp:attachment":[{"href":"https:\/\/diarioelpopular.com\/index.php\/wp-json\/wp\/v2\/media?parent=463156"}],"wp:term":[{"taxonomy":"category","embeddable":true,"href":"https:\/\/diarioelpopular.com\/index.php\/wp-json\/wp\/v2\/categories?post=463156"},{"taxonomy":"post_tag","embeddable":true,"href":"https:\/\/diarioelpopular.com\/index.php\/wp-json\/wp\/v2\/tags?post=463156"}],"curies":[{"name":"wp","href":"https:\/\/api.w.org\/{rel}","templated":true}]}}