{"id":463287,"date":"2015-08-05T09:20:42","date_gmt":"2015-08-05T13:20:42","guid":{"rendered":"http:\/\/diarioelpopular.com\/?p=463287"},"modified":"2015-08-05T09:21:01","modified_gmt":"2015-08-05T13:21:01","slug":"inmigrando-a-canada-143","status":"publish","type":"post","link":"https:\/\/diarioelpopular.com\/index.php\/2015\/08\/05\/inmigrando-a-canada-143\/","title":{"rendered":"INMIGRANDO A CANADA"},"content":{"rendered":"<p>Por Vilma Filici<\/p>\n<p>filici@filici.com<\/p>\n<p>&nbsp;<\/p>\n<p>TORONTO. El fin de semana se disolvi\u00f3 el Parlamento y tendremos casi tres meses de campa\u00f1a pol\u00edtica para las elecciones del 19 de Octubre. Ser\u00e1 muy dif\u00edcil separar la pol\u00edtica de la vida cotidiana y de los temas de inmigraci\u00f3n, ya que son las pol\u00edticas de los partidos las que tienen un efecto directo en nuestras vidas.<\/p>\n<p>\u201cNo asistir\u00e9, gracias por la invitaci\u00f3n\u201d, es mi respuesta formal a las frecuentes invitaciones que recibo para asistir a reuniones y picnics de ciertos pol\u00edticos que nos invitan a sus eventos, quienes quieren hacer presencia en los nuestros para ganar simpat\u00edas y votos de nuestra y otras comunidades inmigrantes.<\/p>\n<p>De hecho, la hipocres\u00eda de esta gente me molesta y tambi\u00e9n me molesta la ingenuidad de muchas personas que se sienten alagadas de ser invitadas a asistir. Mi pregunta a estos pol\u00edticos ha sido \u00bfpor qu\u00e9 me invitan hoy y no me invitaron en los pasados tres a\u00f1os y medio?<\/p>\n<p>\u00bfD\u00f3nde estaban estos pol\u00edticos durante los tres a\u00f1os y medio anteriores cuando se les invit\u00f3 a eventos de nuestra comunidad? Sus respuestas fueron mayormente como la m\u00eda: &#8220;I regret to have to decline your invitation due to earlier commitments&#8221;.<\/p>\n<p>\u00bfD\u00f3nde estaban estos pol\u00edticos que ahora buscan a las comunidades \u00e9tnicas cuando se propusieron leyes discriminatorias en contra de las comunidades \u00e9tnicas? Ninguno de ellos se opuso a que se impusiera un nivel de ingl\u00e9s o franc\u00e9s que supera el nivel de muchos canadienses para poder obtener la residencia, descalificando autom\u00e1ticamente a personas que vendr\u00edan de pa\u00edses donde el ingl\u00e9s y el franc\u00e9s no son el idioma oficial.<\/p>\n<p>Me molesta cuando los mismos pol\u00edticos que votaron a favor de esas leyes, en sus discursos nos tratan de saludar en nuestro idioma. &#8220;Buenas tardes amigos&#8221;. No eres mi amigo y dici\u00e9ndome tres palabras en mi idioma natal no te hace mi amigo, al contrario, me ofende que me creas tan ingenua.<\/p>\n<p>Si se sienten tan cercanos a nuestra cultura y a nuestra gente, como lo dicen en sus discursos cuando los eventos electorales se acercan y aparecen en nuestros eventos, \u00bfpor qu\u00e9 votaron a favor de los cambios a la Ley de Ciudadan\u00eda que convierte a nuestros hijos nacidos en Canad\u00e1, y a los que optamos por nacionalizarnos, en ciudadanos de cuarta categor\u00eda que no s\u00f3lo pueden perder el status de ciudadanos sino que tambi\u00e9n pueden ser deportados? Un amigo no act\u00faa de esa forma. Un amigo se preocupa de tu bienestar.<\/p>\n<p>La explicaci\u00f3n de que estas leyes afectan s\u00f3lo a grupos extremistas no es satisfactoria, porque como &#8220;grupos extremistas&#8221; puede catalogarse a cualquier grupo o persona que tenga una posici\u00f3n distinta a la posici\u00f3n del gobierno de turno.<\/p>\n<p>En este momento pienso que yo particularmente no deber\u00eda preocuparme de que este art\u00edculo me pudiera ocasionar problemas porque supuestamente La Carta de Derechos y Responsabilidades del Ciudadano me garantiza la libertad de expresi\u00f3n. Tampoco deber\u00eda tener que preocuparme cada vez que mi hija sale a una demostraci\u00f3n sobre el cambio clim\u00e1tico, a pesar de que a las personas que se preocupan por el medio ambiente un ministro del gobierno los catalog\u00f3 como &#8220;terroristas del medio ambiente&#8221;.<\/p>\n<p>Sin embargo, me preocupa que ser\u00eda de mi hija nacida y criada en Canad\u00e1 si fuera deportada a un pa\u00eds desconocido, como tambi\u00e9n me preocupa cuando una situaci\u00f3n como esta le sucede a cualquier otra persona.<\/p>\n<p>Pr\u00e1cticamente podr\u00edamos decir que estamos viviendo en una dictadura democr\u00e1ticamente electa que justamente lleg\u00f3 al poder por la ingenuidad de las comunidades \u00e9tnicas que creyeron en los discursos y agradecieron las visitas de los pol\u00edticos en sus eventos durante el periodo de elecci\u00f3n, y los recompensaron con votos. Esos votos, y con ellos la obtenci\u00f3n de un gobierno de mayor\u00eda, le dio al actual partido en el poder la posibilidad de demostrar qui\u00e9nes realmente son.<\/p>\n<p>Porque el actual gobierno est\u00e1 constituido por un grupo de hombres y mujeres que no aprecian verdaderamente al inmigrante, solamente lo usan. Lo usan para llegar al poder, lo usan para venir a hacer los trabajos que nadie m\u00e1s quiere hacer, y luego los regresan a sus pa\u00edses de origen sin darles la oportunidad de permanecer en Canad\u00e1. Este es un gobierno que al parecer no asume que los seres humanos, no importa de qu\u00e9 pa\u00eds vengamos, no somos desechables.<\/p>\n<p>En realidad pareciera que nos consideran tan tontos y nos tienen tan poco respeto que creen que nos van a enga\u00f1ar otra vez en este nuevo periodo electoral. Pero queda en cada uno de nosotros recordar el pasado y no caer en la trampa nuevamente. Tambi\u00e9n queda en nosotros el tener claro que estos hombres y mujeres son funcionarios p\u00fablicos a quienes elegimos y pagamos un sueldo, que no son estrellas de cine, y que no todos merecen admiraci\u00f3n y respeto.<\/p>\n<p>No tenga duda que estos pol\u00edticos, durante el resto del verano, vendr\u00e1n a todos los eventos de la comunidad y le dar\u00e1n la mano. Pero recuerde que el gobierno fue disuelto y, por tanto, a menos que por una situaci\u00f3n especial se tenga que reabrir el Parlamento, estas personas ya no son ministros ni funcionarios federales. Ahora son solamente pol\u00edticos tratando de obtener su voto.<\/p>\n<p>Ese voto se lo van a pedir a trav\u00e9s de todas las formas posibles, incluso habl\u00e1ndole algunas palabras en espa\u00f1ol. Pero antes de d\u00e1rselo, no olvide preguntarle exactamente cu\u00e1l es la posici\u00f3n que tiene con respecto a las leyes antiinmigrantes que se han pasado recientemente en el Parlamento.<\/p>\n<p>Si ese pol\u00edtico vot\u00f3 en contra de esas legislaciones que bien se podr\u00edan catalogar como racistas, o si se compromete a revocarlas una vez que el partido al que pertenece llega al poder, definitivamente merece el voto de un inmigrante como usted. Pero si ese candidato que busca su voto estuvo a favor de esas leyes discriminatorias, o si no est\u00e1 dispuesto a revocarlas, definitivamente no merece el apoyo de nuestra comunidad inmigrante.<\/p>\n<p>En estas elecciones haga valer su voto a favor suyo, de su familia y de su comunidad inmigrante.<\/p>\n<p>&nbsp;<\/p>\n","protected":false},"excerpt":{"rendered":"<p>Comenz\u00f3 la campa\u00f1a electoral, haga valer su voto a favor de los inmigrantes<\/p>\n","protected":false},"author":5842,"featured_media":0,"comment_status":"open","ping_status":"open","sticky":false,"template":"","format":"standard","meta":{"footnotes":""},"categories":[81,25,290],"tags":[],"class_list":["post-463287","post","type-post","status-publish","format-standard","hentry","category-columnistas","category-inmigracion","category-inmigrando-a-canada"],"_links":{"self":[{"href":"https:\/\/diarioelpopular.com\/index.php\/wp-json\/wp\/v2\/posts\/463287","targetHints":{"allow":["GET"]}}],"collection":[{"href":"https:\/\/diarioelpopular.com\/index.php\/wp-json\/wp\/v2\/posts"}],"about":[{"href":"https:\/\/diarioelpopular.com\/index.php\/wp-json\/wp\/v2\/types\/post"}],"author":[{"embeddable":true,"href":"https:\/\/diarioelpopular.com\/index.php\/wp-json\/wp\/v2\/users\/5842"}],"replies":[{"embeddable":true,"href":"https:\/\/diarioelpopular.com\/index.php\/wp-json\/wp\/v2\/comments?post=463287"}],"version-history":[{"count":1,"href":"https:\/\/diarioelpopular.com\/index.php\/wp-json\/wp\/v2\/posts\/463287\/revisions"}],"predecessor-version":[{"id":463288,"href":"https:\/\/diarioelpopular.com\/index.php\/wp-json\/wp\/v2\/posts\/463287\/revisions\/463288"}],"wp:attachment":[{"href":"https:\/\/diarioelpopular.com\/index.php\/wp-json\/wp\/v2\/media?parent=463287"}],"wp:term":[{"taxonomy":"category","embeddable":true,"href":"https:\/\/diarioelpopular.com\/index.php\/wp-json\/wp\/v2\/categories?post=463287"},{"taxonomy":"post_tag","embeddable":true,"href":"https:\/\/diarioelpopular.com\/index.php\/wp-json\/wp\/v2\/tags?post=463287"}],"curies":[{"name":"wp","href":"https:\/\/api.w.org\/{rel}","templated":true}]}}