{"id":463300,"date":"2015-08-05T09:44:42","date_gmt":"2015-08-05T13:44:42","guid":{"rendered":"http:\/\/diarioelpopular.com\/?p=463300"},"modified":"2015-08-05T09:45:55","modified_gmt":"2015-08-05T13:45:55","slug":"hombre-acusado-de-acto-sexual-en-national-war-memorial","status":"publish","type":"post","link":"https:\/\/diarioelpopular.com\/index.php\/2015\/08\/05\/hombre-acusado-de-acto-sexual-en-national-war-memorial\/","title":{"rendered":"Hombre acusado de acto sexual en National War Memorial"},"content":{"rendered":"<div id=\"attachment_463301\" style=\"width: 570px\" class=\"wp-caption aligncenter\"><a href=\"https:\/\/diarioelpopular.com\/wp-content\/uploads\/2015\/08\/foto-1-breves-2.jpg\"><img loading=\"lazy\" decoding=\"async\" aria-describedby=\"caption-attachment-463301\" class=\"size-large wp-image-463301\" src=\"https:\/\/diarioelpopular.com\/wp-content\/uploads\/2015\/08\/foto-1-breves-2-560x315.jpg\" alt=\"El acusado se subi\u00f3 al National War Memorial. Foto Cortes\u00eda The Canadian Press.\" width=\"560\" height=\"315\" \/><\/a><p id=\"caption-attachment-463301\" class=\"wp-caption-text\">El acusado se subi\u00f3 al National War Memorial. Foto Cortes\u00eda The Canadian Press.<\/p><\/div>\n<p><strong><em>OTTAWA.-<\/em><\/strong> Un hombre de 22 a\u00f1os de edad, fue acusado despu\u00e9s que la polic\u00eda lo acus\u00f3 de \u201cestar fornicando\u201d en una estatua en el National War Memorial.<\/p>\n<p>El incidente ocurri\u00f3 a las 11:30 pm, cuando Andrej Szczpka, residente de Toronto, fue arrestado en el sitio.<\/p>\n<p>La fuerza policial lo mantuvo en custodia hasta su comparecencia ante el tribunal.<\/p>\n<p>Szczypka fue acusado de travesura.<\/p>\n<p>Seg\u00fan la polic\u00eda, el acusado se subi\u00f3 al National War Memorial y luego &#8220;procedi\u00f3 con actos de fornicar en la estatua\u201d.<\/p>\n","protected":false},"excerpt":{"rendered":"<p>Un hombre de 22 a\u00f1os de edad, fue acusado despu\u00e9s que la polic\u00eda lo acus\u00f3 de \u201cestar fornicando\u201d en una estatua en el National War Memorial.<\/p>\n","protected":false},"author":5842,"featured_media":0,"comment_status":"open","ping_status":"open","sticky":false,"template":"","format":"standard","meta":{"footnotes":""},"categories":[21],"tags":[],"class_list":["post-463300","post","type-post","status-publish","format-standard","hentry","category-canada"],"_links":{"self":[{"href":"https:\/\/diarioelpopular.com\/index.php\/wp-json\/wp\/v2\/posts\/463300","targetHints":{"allow":["GET"]}}],"collection":[{"href":"https:\/\/diarioelpopular.com\/index.php\/wp-json\/wp\/v2\/posts"}],"about":[{"href":"https:\/\/diarioelpopular.com\/index.php\/wp-json\/wp\/v2\/types\/post"}],"author":[{"embeddable":true,"href":"https:\/\/diarioelpopular.com\/index.php\/wp-json\/wp\/v2\/users\/5842"}],"replies":[{"embeddable":true,"href":"https:\/\/diarioelpopular.com\/index.php\/wp-json\/wp\/v2\/comments?post=463300"}],"version-history":[{"count":2,"href":"https:\/\/diarioelpopular.com\/index.php\/wp-json\/wp\/v2\/posts\/463300\/revisions"}],"predecessor-version":[{"id":463304,"href":"https:\/\/diarioelpopular.com\/index.php\/wp-json\/wp\/v2\/posts\/463300\/revisions\/463304"}],"wp:attachment":[{"href":"https:\/\/diarioelpopular.com\/index.php\/wp-json\/wp\/v2\/media?parent=463300"}],"wp:term":[{"taxonomy":"category","embeddable":true,"href":"https:\/\/diarioelpopular.com\/index.php\/wp-json\/wp\/v2\/categories?post=463300"},{"taxonomy":"post_tag","embeddable":true,"href":"https:\/\/diarioelpopular.com\/index.php\/wp-json\/wp\/v2\/tags?post=463300"}],"curies":[{"name":"wp","href":"https:\/\/api.w.org\/{rel}","templated":true}]}}