{"id":463318,"date":"2015-08-06T00:05:33","date_gmt":"2015-08-06T04:05:33","guid":{"rendered":"http:\/\/diarioelpopular.com\/?p=463318"},"modified":"2015-08-05T21:49:25","modified_gmt":"2015-08-06T01:49:25","slug":"el-nino-podria-causar-temporada-de-tornados","status":"publish","type":"post","link":"https:\/\/diarioelpopular.com\/index.php\/2015\/08\/06\/el-nino-podria-causar-temporada-de-tornados\/","title":{"rendered":"El Ni\u00f1o podr\u00eda causar temporada de tornados"},"content":{"rendered":"<div id=\"attachment_463319\" style=\"width: 570px\" class=\"wp-caption aligncenter\"><a href=\"https:\/\/diarioelpopular.com\/wp-content\/uploads\/2015\/08\/foto-1-breves-31.jpg\"><img loading=\"lazy\" decoding=\"async\" aria-describedby=\"caption-attachment-463319\" class=\"size-large wp-image-463319\" src=\"https:\/\/diarioelpopular.com\/wp-content\/uploads\/2015\/08\/foto-1-breves-31-560x315.jpg\" alt=\"Imagen de la tormenta en Alberta. Foto Cortes\u00eda CBC. \" width=\"560\" height=\"315\" \/><\/a><p id=\"caption-attachment-463319\" class=\"wp-caption-text\">Imagen de la tormenta en Alberta. Foto Cortes\u00eda CBC.<\/p><\/div>\n<p><strong><em>TORONTO.-<\/em><\/strong> Un n\u00famero superior a la media de tornados puede tener lugar en Canad\u00e1 este verano, de acuerdo a los investigadores que esperan predecir c\u00f3mo los tornados se ver\u00e1n afectados por el cambio clim\u00e1tico.<\/p>\n<p>El tornado cerca de Guelph, Ontario, devast\u00f3 \u00e1rboles, cableados el\u00e9ctricos y dos viviendas. El llamado &#8220;monstruo&#8221; demoli\u00f3 el suroeste a trav\u00e9s de Manitoba, rompiendo cercas y edificios durante casi tres horas. D\u00edas antes, un tornado toc\u00f3 tierra al suroeste de Calgary en medio de una tormenta.<\/p>\n<p>De hecho, una serie de tornados de verano han sido reportados en Canad\u00e1 desde principios de junio.<\/p>\n<p>\u201cCanad\u00e1 puede ver m\u00e1s que el n\u00famero habitual de tornados este a\u00f1o porque es un a\u00f1o en que el fen\u00f3meno El Ni\u00f1o podr\u00eda impulsar la actividad de tornados en Canad\u00e1\u201d, de acuerdo el Instituto Internacional de Investigaci\u00f3n para el Clima.<\/p>\n<p>&#8220;El Ni\u00f1o parece crear m\u00e1s tornados en Canad\u00e1, similares a lo que se vieron en Florida en a\u00f1os anteriores\u201d.<\/p>\n","protected":false},"excerpt":{"rendered":"<p> Un n\u00famero superior a la media de tornados puede tener lugar en Canad\u00e1 este verano, de acuerdo a los investigadores.<\/p>\n","protected":false},"author":5842,"featured_media":0,"comment_status":"open","ping_status":"open","sticky":false,"template":"","format":"standard","meta":{"footnotes":""},"categories":[21],"tags":[],"class_list":["post-463318","post","type-post","status-publish","format-standard","hentry","category-canada"],"_links":{"self":[{"href":"https:\/\/diarioelpopular.com\/index.php\/wp-json\/wp\/v2\/posts\/463318","targetHints":{"allow":["GET"]}}],"collection":[{"href":"https:\/\/diarioelpopular.com\/index.php\/wp-json\/wp\/v2\/posts"}],"about":[{"href":"https:\/\/diarioelpopular.com\/index.php\/wp-json\/wp\/v2\/types\/post"}],"author":[{"embeddable":true,"href":"https:\/\/diarioelpopular.com\/index.php\/wp-json\/wp\/v2\/users\/5842"}],"replies":[{"embeddable":true,"href":"https:\/\/diarioelpopular.com\/index.php\/wp-json\/wp\/v2\/comments?post=463318"}],"version-history":[{"count":1,"href":"https:\/\/diarioelpopular.com\/index.php\/wp-json\/wp\/v2\/posts\/463318\/revisions"}],"predecessor-version":[{"id":463320,"href":"https:\/\/diarioelpopular.com\/index.php\/wp-json\/wp\/v2\/posts\/463318\/revisions\/463320"}],"wp:attachment":[{"href":"https:\/\/diarioelpopular.com\/index.php\/wp-json\/wp\/v2\/media?parent=463318"}],"wp:term":[{"taxonomy":"category","embeddable":true,"href":"https:\/\/diarioelpopular.com\/index.php\/wp-json\/wp\/v2\/categories?post=463318"},{"taxonomy":"post_tag","embeddable":true,"href":"https:\/\/diarioelpopular.com\/index.php\/wp-json\/wp\/v2\/tags?post=463318"}],"curies":[{"name":"wp","href":"https:\/\/api.w.org\/{rel}","templated":true}]}}