{"id":463551,"date":"2015-08-26T09:18:22","date_gmt":"2015-08-26T13:18:22","guid":{"rendered":"http:\/\/diarioelpopular.com\/?p=463551"},"modified":"2015-08-26T09:18:32","modified_gmt":"2015-08-26T13:18:32","slug":"donald-trump-expulsa-de-una-rueda-de-prensa-al-periodista-jorge-ramos","status":"publish","type":"post","link":"https:\/\/diarioelpopular.com\/index.php\/2015\/08\/26\/donald-trump-expulsa-de-una-rueda-de-prensa-al-periodista-jorge-ramos\/","title":{"rendered":"Donald Trump expulsa de una rueda de prensa al periodista Jorge Ramos"},"content":{"rendered":"<p style=\"color: #333333\"><a href=\"https:\/\/diarioelpopular.com\/wp-content\/uploads\/2015\/08\/images1.jpg\"><img loading=\"lazy\" decoding=\"async\" class=\"aligncenter size-full wp-image-463552\" src=\"https:\/\/diarioelpopular.com\/wp-content\/uploads\/2015\/08\/images1.jpg\" alt=\"images\" width=\"299\" height=\"168\" \/><\/a>El enfrentamiento del\u00a0<a style=\"color: #016ca2\" href=\"http:\/\/elpais.com\/tag\/donald_trump\/a\/\">candidato republicano Donald Trump<\/a>\u00a0con la comunidad latina alcanz\u00f3 este martes una nueva cota cuando el magnate devenido en pol\u00edtico expuls\u00f3 de una rueda de prensa en Iowa a Jorge Ramos, el periodista estrella de la cadena hispana Univisi\u00f3n.<\/p>\n<p style=\"color: #333333\">\u201cSi\u00e9ntese, no le he dado la palabra. Vu\u00e9lvase a Univisi\u00f3n\u201d, le espet\u00f3 Trump al periodista de origen mexicano, uno de los m\u00e1s cr\u00edticos con la postura antiinmigrante del magnate neoyorquino, cuando Ramos trat\u00f3 de hacerle una pregunta sobre inmigraci\u00f3n en una conferencia previa a un mitin del empresario en Dubuque, Iowa, al que seg\u00fan la prensa estadounidense acudieron unas 3.000 personas.<\/p>\n<p style=\"color: #333333\">Poco despu\u00e9s, un miembro del equipo de seguridad de Trump oblig\u00f3 a salir a Ramos de la sala de prensa, mientras el periodista segu\u00eda tratando de arrancarle una respuesta al candidato republicano, que<a style=\"color: #016ca2\" href=\"http:\/\/internacional.elpais.com\/internacional\/2015\/08\/20\/actualidad\/1440098271_651644.html\">lidera todas las encuestas entre los 17 presidenciables de su partido.<\/a><\/p>\n<p style=\"color: #333333\">Cuestionado por otros periodistas de la sala por su decisi\u00f3n, Trump insisti\u00f3 en que Ramos se hab\u00eda puesto a lanzar preguntas sin que \u00e9l le diera la palabra. \u201cCreo que ni siquiera lo hab\u00eda conocido antes. Empez\u00f3 a gritar y yo no soy el que le escolt\u00f3 hasta la salida, eso fue el personal de seguridad\u201d, dijo Trump, visiblemente molesto. \u201cSe puso de pie y empez\u00f3 a gritar, as\u00ed que quiz\u00e1s tambi\u00e9n \u00e9l cometi\u00f3 una falta\u201d, acus\u00f3. \u201cObviamente es alguien muy emocional, as\u00ed que no tengo problemas con su expulsi\u00f3n&#8221;, agreg\u00f3.<\/p>\n<p style=\"color: #333333\">El incidente, recogido por las c\u00e1maras que grababan la rueda de prensa, se convirti\u00f3 r\u00e1pidamente en noticia en las principales cadenas nacionales. Hecho por el que quiz\u00e1s Trump reconsider\u00f3 su postura y su equipo volvi\u00f3 a dejar a entrar a Ramos a la sala.<\/p>\n<p class=\"texto_grande\" style=\"color: #333333\">Un duro y pol\u00e9mico plan<\/p>\n<p style=\"color: #333333\">Casi de inmediato, Ramos volvi\u00f3 a pedir la palabra para retar al candidato republicano a que explicara\u00a0<a style=\"color: #016ca2\" href=\"http:\/\/internacional.elpais.com\/internacional\/2015\/08\/17\/actualidad\/1439834405_464891.html\">c\u00f3mo piensa expulsar a 11 millones de indocumentados<\/a>\u00a0del pa\u00eds, negar la ciudadan\u00eda a los beb\u00e9s nacidos en territorio estadounidense de padres indocumentados o construir un muro de miles de kil\u00f3metros que divida la frontera, como afirma en su plan migratorio, el \u00fanico programa de gobierno que ha presentado hasta el momento.<\/p>\n<p>\u201c\u00bfC\u00f3mo construir miles de kil\u00f3metros de muro? Muy f\u00e1cil, soy un constructor. Es m\u00e1s dif\u00edcil construir un edificio de 95 plantas\u201d, replic\u00f3 Trump, que volvi\u00f3 a reafirmarse en sus acusaciones de que los inmigrantes que cruzan la frontera de M\u00e9xico son en buena parte criminales y \u201clanzan drogas por la valla\u201d fronteriza.<\/p>\n<p>Seg\u00fan el candidato republicano, su plan de expulsar a indocumentados se realizar\u00eda \u201cde manera muy humana\u201d, aunque no especific\u00f3 c\u00f3mo lo har\u00eda m\u00e1s all\u00e1 de afirmar que empezar\u00eda por devolver a sus pa\u00edses a las \u201cbandas criminales, con los verdaderamente malos\u201d.<\/p>\n<p>El periodista mexicano le recrimin\u00f3 tambi\u00e9n por el uso del t\u00e9rmino altamente despectivo\u00a0<em>anchor babies<\/em>\u00a0(beb\u00e9s ancla) para referirse a los hijos de indocumentados que reciben la nacionalidad estadounidense. \u201cYo tengo un coraz\u00f3n m\u00e1s grande que usted\u201d, le contest\u00f3 Trump a Ramos, a quien acus\u00f3 de hablar tambi\u00e9n de \u201cilegales\u201d. Cuando el periodista hispano le corrigi\u00f3 y le dijo que no era cierto, porque \u201cno hay seres humanos ilegales\u201d, Trump le respondi\u00f3: \u201cPues deber\u00eda usar (ese t\u00e9rmino), eso es lo que son, \u2018inmigrantes ilegales\u2019\u201d, recalc\u00f3.<\/p>\n<p>El magnate de la construcci\u00f3n le record\u00f3 adem\u00e1s a Ramos que forma parte de la demanda por 500 millones de d\u00f3lares que present\u00f3 el magnate contra\u00a0<a style=\"color: #016ca2\" href=\"http:\/\/internacional.elpais.com\/internacional\/2015\/06\/25\/actualidad\/1435254353_949954.html\" target=\"_blank\">Univision<\/a>\u00a0despu\u00e9s de que la emisora hispana rompiera el contrato que manten\u00eda con el empresario para retransmitir el concurso Miss Universo por sus ofensas hacia los inmigrantes y la comunidad latina en general al lanzar su campa\u00f1a presidencial en junio.<\/p>\n<p class=\"texto_grande\">Trump y la prensa<\/p>\n<p><a style=\"color: #016ca2\" href=\"http:\/\/internacional.elpais.com\/internacional\/2015\/04\/24\/actualidad\/1429835675_678705.html\" target=\"_blank\">Jorge Ramos<\/a>\u00a0es una referencia en el panorama period\u00edstico de Estados Unidos -no solo entre la comunidad hispana- cuando se trata de hablar de temas de inter\u00e9s de la comunidad latina, especialmente el asunto de la reforma migratoria. En conversaci\u00f3n con periodistas de su cadena tras el incidente, Ramos se manifest\u00f3 muy preocupado por &#8220;este uso de la fuerza para suprimir la libertad de expresi\u00f3n&#8221;.<\/p>\n<p>&#8220;De la misma forma que a m\u00ed me saca de una conferencia de prensa, querr\u00eda sacar a 11 millones de indocumentados de los Estados Unidos&#8221;, denunci\u00f3 Ramos, quien rechaz\u00f3 ser un activista. \u201cMi trabajo fue exclusivamente period\u00edstico. Mi trabajo es hacer preguntas, a quien sea y en cualquier lugar del mundo, y eso es exactamente lo que hice\u201d,\u00a0<a style=\"color: #016ca2\" href=\"http:\/\/noticias.univision.com\/article\/2442816\/2015-08-25\/estados-unidos\/destino-2016\/noticias-elecciones\/jorge-ramos-nunca-me-habian-sacado-de-una-conferencia-de-prensa?cmpid=444222\" target=\"_blank\">afirm\u00f3 a Univision<\/a>.<\/p>\n<p>El periodista hispano no es el \u00fanico informador con quien se enfrenta el pol\u00e9mico candidato presidencial.<\/p>\n<p>Trump aprovech\u00f3 el regreso en la noche del lunes a su programa tras unas vacaciones de la periodista\u00a0<a style=\"color: #016ca2\" href=\"http:\/\/smoda.elpais.com\/articulos\/megyn-kelly-la-periodista-que-enfurece-a-donald-trump\/6683\">Megyn Kelly<\/a>\u00a0para reabrir el frente que mantiene con la estrella de la cadena Fox con una serie de ataques en Twitter. \u201cMegyn Kelly debe haber tenido unas vacaciones terribles, realmente est\u00e1 fuera de juego\u201d o \u201cdeber\u00eda volver a irse de vacaciones, qu\u00e9 manera de perder una hora con Fox\u201d, fueron algunos de sus mensajes, a la par que retuite\u00f3 otros en los que se usaba el t\u00e9rmino machista\u00a0<em>bimbo<\/em>\u00a0(mu\u00f1eca o\u00a0<em>barbie<\/em>) para describir a la periodista.<\/p>\n<p>El candidato republicano lleva atacando a la informadora desde que esta le hiciera duras preguntas por sus posiciones -especialmente contra las mujeres-\u00a0<a style=\"color: #016ca2\" href=\"http:\/\/internacional.elpais.com\/internacional\/2015\/08\/07\/actualidad\/1438980984_040701.html\">durante el primer debate republicano<\/a>\u00a0a comienzos de agosto, que ella moder\u00f3 con ayuda. Los comentarios mis\u00f3ginos de Trump contra Kelly, insinuando que la periodista estaba menstruando y que por eso hab\u00eda sido tan agresiva con \u00e9l, le valieron una reprobaci\u00f3n generalizada y\u00a0<a style=\"color: #016ca2\" href=\"http:\/\/internacional.elpais.com\/internacional\/2015\/08\/08\/actualidad\/1439052216_338699.html\">su expulsi\u00f3n de un importante evento conservador<\/a>. Sus redoblados ataques tambi\u00e9n han sido condenados. El presidente de Fox, Roger Ailes, exigi\u00f3 a Trump que se disculpe por su \u201cinaceptable ataque sin provocaci\u00f3n\u201d previa contra la periodista. \u201cDonald Trump rara vez se disculpa, pero en este caso deber\u00eda hacerlo\u201d, insisti\u00f3\u00a0<a style=\"color: #016ca2\" href=\"http:\/\/www.foxnews.com\/politics\/2015\/08\/25\/ailes-calls-on-trump-to-apologize-for-unprovoked-attack-on-megyn-kelly\/?intcmp=hpbt4\" target=\"_blank\">el jefe de la influyente cadena conservadora<\/a>, un referente del electorado republicano. Trump les est\u00e1 haciendo esperar con esa disculpa que no llega.<\/p>\n","protected":false},"excerpt":{"rendered":"<p>\u201cSi\u00e9ntese, no le he dado la palabra. Vu\u00e9lvase a Univisi\u00f3n\u201d, le dijo el magnate al presentador estrella de la cadena en espa\u00f1ol<\/p>\n","protected":false},"author":5842,"featured_media":0,"comment_status":"open","ping_status":"open","sticky":false,"template":"","format":"standard","meta":{"footnotes":""},"categories":[24],"tags":[],"class_list":["post-463551","post","type-post","status-publish","format-standard","hentry","category-mundo"],"_links":{"self":[{"href":"https:\/\/diarioelpopular.com\/index.php\/wp-json\/wp\/v2\/posts\/463551","targetHints":{"allow":["GET"]}}],"collection":[{"href":"https:\/\/diarioelpopular.com\/index.php\/wp-json\/wp\/v2\/posts"}],"about":[{"href":"https:\/\/diarioelpopular.com\/index.php\/wp-json\/wp\/v2\/types\/post"}],"author":[{"embeddable":true,"href":"https:\/\/diarioelpopular.com\/index.php\/wp-json\/wp\/v2\/users\/5842"}],"replies":[{"embeddable":true,"href":"https:\/\/diarioelpopular.com\/index.php\/wp-json\/wp\/v2\/comments?post=463551"}],"version-history":[{"count":1,"href":"https:\/\/diarioelpopular.com\/index.php\/wp-json\/wp\/v2\/posts\/463551\/revisions"}],"predecessor-version":[{"id":463553,"href":"https:\/\/diarioelpopular.com\/index.php\/wp-json\/wp\/v2\/posts\/463551\/revisions\/463553"}],"wp:attachment":[{"href":"https:\/\/diarioelpopular.com\/index.php\/wp-json\/wp\/v2\/media?parent=463551"}],"wp:term":[{"taxonomy":"category","embeddable":true,"href":"https:\/\/diarioelpopular.com\/index.php\/wp-json\/wp\/v2\/categories?post=463551"},{"taxonomy":"post_tag","embeddable":true,"href":"https:\/\/diarioelpopular.com\/index.php\/wp-json\/wp\/v2\/tags?post=463551"}],"curies":[{"name":"wp","href":"https:\/\/api.w.org\/{rel}","templated":true}]}}