{"id":463577,"date":"2015-08-27T13:18:31","date_gmt":"2015-08-27T17:18:31","guid":{"rendered":"http:\/\/diarioelpopular.com\/?p=463577"},"modified":"2015-08-27T13:18:53","modified_gmt":"2015-08-27T17:18:53","slug":"el-historico-alegato-de-francisco","status":"publish","type":"post","link":"https:\/\/diarioelpopular.com\/index.php\/2015\/08\/27\/el-historico-alegato-de-francisco\/","title":{"rendered":"El hist\u00f3rico alegato de Francisco"},"content":{"rendered":"<p style=\"color: #333333\"><a href=\"https:\/\/diarioelpopular.com\/wp-content\/uploads\/2015\/08\/1438250644_872779_1440592303_noticia_normal.jpg\"><img loading=\"lazy\" decoding=\"async\" class=\"aligncenter size-full wp-image-463578\" src=\"https:\/\/diarioelpopular.com\/wp-content\/uploads\/2015\/08\/1438250644_872779_1440592303_noticia_normal.jpg\" alt=\"1438250644_872779_1440592303_noticia_normal\" width=\"300\" height=\"496\" \/><\/a>La enc\u00edclica del papa Francisco<em>Laudato si\u2019<\/em>\u00a0ha supuesto un hito en la conversaci\u00f3n global sobre la situaci\u00f3n ambiental de nuestro mundo. Tras el documento de Bergoglio nada ser\u00e1 igual en la mirada de la comunidad cat\u00f3lica hacia la custodia de la naturaleza. El texto ha hecho historia por razones que van m\u00e1s all\u00e1 de su importante repercusi\u00f3n en el actual debate sobre el cambio clim\u00e1tico.<\/p>\n<p style=\"color: #333333\">El que el m\u00e1ximo responsable de una tradici\u00f3n religiosa milenaria en la que se reconocen cientos de millones de personas haga una apelaci\u00f3n expresa a sus fieles, en el marco de un documento formal del m\u00e1s alto rango, a una profunda conversi\u00f3n ecol\u00f3gica es algo inaudito, por mucho que algunas voces insistan en la continuidad de esa ense\u00f1anza respecto a las impartidas por papas anteriores.<\/p>\n<div id=\"sumario_3|despiece\" class=\"derecha\" style=\"color: #333333\"><\/div>\n<p style=\"color: #333333\">Bergoglio ha escrito un texto de hondo contenido espiritual, pol\u00edtico, ecol\u00f3gico y social, en el que el compromiso con los m\u00e1s vulnerables y desfavorecidos de la Tierra cruza transversalmente todo el documento. Mi intuici\u00f3n es que su repercusi\u00f3n perdurar\u00e1 a lo largo de los pr\u00f3ximos a\u00f1os, contribuyendo a alimentar los necesarios debates sobre la reconducci\u00f3n de la crisis ambiental, el problema de la pobreza extrema y la desigualdad Norte-Sur.<\/p>\n<p style=\"color: #333333\">Es tambi\u00e9n un escrito de rica urdimbre intelectual en la mejor tradici\u00f3n de la Compa\u00f1\u00eda de Jes\u00fas. El jesuita argentino ha presentado un diagn\u00f3stico implacable sobre la crisis ambiental y ha tenido el acierto de situar el problema del cambio clim\u00e1tico en ese marco m\u00e1s amplio, incorporando a su reflexi\u00f3n otros temas cruciales como la p\u00e9rdida de diversidad biol\u00f3gica, la escasez de agua potable o la degradaci\u00f3n de los oc\u00e9anos. En ese sentido, estamos ante un diagn\u00f3stico alineado con los informes m\u00e1s serios de las instituciones internacionales de referencia.<\/p>\n<p style=\"color: #333333\">En la descripci\u00f3n de la crisis ambiental global existe una amplia coincidencia entre la comunidad epist\u00e9mica de la ciencia, el movimiento ambiental internacional y las instituciones de la ONU relacionadas con el tema, si bien a la hora de explicar las causas profundas del deterioro, las explicaciones y los \u00e9nfasis, como no pod\u00eda ser de otro modo, son diversos.<\/p>\n<p style=\"color: #333333\">Desde el prisma de la ecolog\u00eda cient\u00edfica, el punto m\u00e1s d\u00e9bil de la aproximaci\u00f3n de Bergoglio a las causas de la crisis ambiental es la no inclusi\u00f3n de la variable demogr\u00e1fica. Hay razones doctrinales en la cosmovisi\u00f3n cat\u00f3lica relacionadas con la natalidad y la planificaci\u00f3n familiar que se interponen en esa comprensi\u00f3n. Ahora bien, desde una perspectiva cient\u00edfica el hecho de que la poblaci\u00f3n humana se haya multiplicado casi por 10 en los dos \u00faltimos siglos (ha pasado de 790 a 7.300 millones y la previsi\u00f3n es que alcance los 9.600 millones a mediados de este siglo) es un dato muy contundente que no puede quedar fuera de una explicaci\u00f3n rigurosa de la crisis ambiental.<\/p>\n<p style=\"color: #333333\">Siempre ha sido un falso debate la disyuntiva causal entre la explicaci\u00f3n demogr\u00e1fica\u00a0<em>versus<\/em>\u00a0el modelo de producci\u00f3n y consumo de los pa\u00edses desarrollados. Ambas cadenas de argumentos se complementan y refuerzan.<\/p>\n<p style=\"color: #333333\">Explicar el deterioro ambiental en funci\u00f3n exclusivamente del modelo de producci\u00f3n y consumo de los pa\u00edses ricos es reduccionista y no se ajusta a los datos disponibles de la realidad emp\u00edrica. El diferente modelo de producci\u00f3n y consumo que prevaleci\u00f3 durante siete d\u00e9cadas en las econom\u00edas planificadas sovi\u00e9ticas dej\u00f3 un balance ambiental desolador. Asimismo, una de las mayores debilidades del actual sistema mixto de China, en el que la econom\u00eda de mercado est\u00e1 sujeta a un f\u00e9rreo control planificador por parte de su Gobierno comunista, ha sido el desastre ambiental provocado por su modelo de desarrollo.<\/p>\n<p style=\"color: #333333\">En otras palabras, la orientaci\u00f3n consumista y la tendencia al exceso y el despilfarro que, sin duda, forman parte de la econom\u00eda capitalista de mercado y del modelo de consumo de las sociedades opulentas, siendo relevantes, no agotan la explicaci\u00f3n de las causas profundas de la crisis ambiental.<\/p>\n<p style=\"color: #333333\">M\u00e1s all\u00e1 de esa divergencia, un aspecto fundamental del documento de Bergoglio es su contribuci\u00f3n a la ampliaci\u00f3n\/renovaci\u00f3n del marco de referencia en el que se ha situado el debate sobre el cambio clim\u00e1tico, sesgado hacia su formulaci\u00f3n exclusiva en t\u00e9rminos cient\u00edficos-t\u00e9cnicos.<\/p>\n<p style=\"color: #333333\">Ha existido al respecto una interesada confusi\u00f3n entre el papel imprescindible de la ciencia para comprender la esfera de los hechos \u2014el origen, las causas directas y la din\u00e1mica del cambio clim\u00e1tico\u2014 y la esfera de los significados, es decir, c\u00f3mo afecta la desestabilizaci\u00f3n del clima a nuestra autocomprensi\u00f3n como comunidad global. Esa confusi\u00f3n ha hecho que el n\u00facleo moral del problema haya quedado relegado durante demasiado tiempo.<\/p>\n<p style=\"color: #333333\">Sin embargo, el cambio clim\u00e1tico afecta a consideraciones muy relevantes de la justicia intrageneracional e intergeneracional y plantea serios interrogantes sobre los fundamentos de equidad a los que aspiran nuestras sociedades democr\u00e1ticas. Sus consecuencias negativas impactan e impactar\u00e1n de forma devastadora a los cientos de millones de personas pertenecientes a las comunidades m\u00e1s pobres y vulnerables de los pa\u00edses en desarrollo, precisamente quienes menos han contribuido a generar el problema.<\/p>\n<p style=\"color: #333333\">En el caso de diversos Estados-isla del Sur supone incluso una amenaza existencial a su propia supervivencia f\u00edsico-geogr\u00e1fica. Adem\u00e1s, un incremento de la temperatura por encima de los dos grados cent\u00edgrados supondr\u00e1 un desastre sin paliativos para el mundo que recibir\u00e1n nuestras hijas y nietos, as\u00ed como para el resto de formas de vida que comparten con nosotros la biosfera. Muy oportunamente, el alegato de Bergoglio ha situado en el centro del debate el desaf\u00edo moral con que nos confronta este grave problema.<\/p>\n<p style=\"color: #333333\">La reconducci\u00f3n de la alteraci\u00f3n del clima s\u00f3lo es posible si se avanza hacia una econom\u00eda de bajo contenido en carbono. Esa transici\u00f3n precisa poner fecha de caducidad al sistema energ\u00e9tico basado en los combustibles f\u00f3siles, como lo ha reconocido la reciente cumbre de l\u00edderes del G-7. Un elemento imprescindible para garantizar ese proceso es contar con un Gobierno clim\u00e1ticamente responsable en Estados Unidos, ya que la necesaria transici\u00f3n energ\u00e9tica-clim\u00e1tica internacional podr\u00eda descarrilar si futuros Gobiernos de ese pa\u00eds se retirasen de una diplomacia clim\u00e1tica constructiva.<\/p>\n<p style=\"color: #333333\">En consecuencia, generar all\u00ed un consenso b\u00e1sico como el que ha predominado en Europa en los \u00faltimos 25 a\u00f1os es un elemento crucial para el \u00e9xito de esa transformaci\u00f3n. Si hay alguien con autoridad para lograr la conversi\u00f3n ecol\u00f3gica de los numerosos congresistas cat\u00f3licos negacionistas y de los millones de personas que les apoyan en las urnas, es el papa Francisco. Ya se ha anunciado que, cuando en septiembre se dirija en persona al pleno del Congreso, cientos de miles de norteamericanos van a acompa\u00f1arle desde las plazas, las calles y los lugares de culto con las velas de su conciencia encendidas. Ser\u00e1 un momento para recordar. Quiero pensar que el gran Stefan Zweig lo incluir\u00eda entre sus momentos estelares de la humanidad.<\/p>\n","protected":false},"excerpt":{"rendered":"<p>La lucha contra el cambio clim\u00e1tico depende de decisiones pol\u00edticas y si hay alguien con autoridad para lograr la conversi\u00f3n ecol\u00f3gica de los legisladores cat\u00f3licos negacionistas y de las personas que les apoyan en las urnas, es el Papa<\/p>\n","protected":false},"author":5842,"featured_media":0,"comment_status":"open","ping_status":"open","sticky":false,"template":"","format":"standard","meta":{"footnotes":""},"categories":[24],"tags":[],"class_list":["post-463577","post","type-post","status-publish","format-standard","hentry","category-mundo"],"_links":{"self":[{"href":"https:\/\/diarioelpopular.com\/index.php\/wp-json\/wp\/v2\/posts\/463577","targetHints":{"allow":["GET"]}}],"collection":[{"href":"https:\/\/diarioelpopular.com\/index.php\/wp-json\/wp\/v2\/posts"}],"about":[{"href":"https:\/\/diarioelpopular.com\/index.php\/wp-json\/wp\/v2\/types\/post"}],"author":[{"embeddable":true,"href":"https:\/\/diarioelpopular.com\/index.php\/wp-json\/wp\/v2\/users\/5842"}],"replies":[{"embeddable":true,"href":"https:\/\/diarioelpopular.com\/index.php\/wp-json\/wp\/v2\/comments?post=463577"}],"version-history":[{"count":2,"href":"https:\/\/diarioelpopular.com\/index.php\/wp-json\/wp\/v2\/posts\/463577\/revisions"}],"predecessor-version":[{"id":463580,"href":"https:\/\/diarioelpopular.com\/index.php\/wp-json\/wp\/v2\/posts\/463577\/revisions\/463580"}],"wp:attachment":[{"href":"https:\/\/diarioelpopular.com\/index.php\/wp-json\/wp\/v2\/media?parent=463577"}],"wp:term":[{"taxonomy":"category","embeddable":true,"href":"https:\/\/diarioelpopular.com\/index.php\/wp-json\/wp\/v2\/categories?post=463577"},{"taxonomy":"post_tag","embeddable":true,"href":"https:\/\/diarioelpopular.com\/index.php\/wp-json\/wp\/v2\/tags?post=463577"}],"curies":[{"name":"wp","href":"https:\/\/api.w.org\/{rel}","templated":true}]}}