{"id":463684,"date":"2015-09-08T11:04:43","date_gmt":"2015-09-08T15:04:43","guid":{"rendered":"http:\/\/diarioelpopular.com\/?p=463684"},"modified":"2015-09-08T11:04:43","modified_gmt":"2015-09-08T15:04:43","slug":"el-papa-anuncia-que-la-anulacion-matrimonial-sera-gratuita","status":"publish","type":"post","link":"https:\/\/diarioelpopular.com\/index.php\/2015\/09\/08\/el-papa-anuncia-que-la-anulacion-matrimonial-sera-gratuita\/","title":{"rendered":"El Papa anuncia que la anulaci\u00f3n matrimonial ser\u00e1 gratuita"},"content":{"rendered":"<div id=\"attachment_463685\" style=\"width: 570px\" class=\"wp-caption aligncenter\"><a href=\"https:\/\/diarioelpopular.com\/wp-content\/uploads\/2015\/09\/1441708568_097955_1441710418_noticia_normal.jpg\"><img loading=\"lazy\" decoding=\"async\" aria-describedby=\"caption-attachment-463685\" class=\"size-full wp-image-463685\" src=\"https:\/\/diarioelpopular.com\/wp-content\/uploads\/2015\/09\/1441708568_097955_1441710418_noticia_normal.jpg\" alt=\"El cardenal Francesco Coccopalmerio (derecha), presidente del Consejo Pontificio para Textos Legislativos, lee los decretos de Francismo hoy en el Vaticano. \" width=\"560\" height=\"389\" \/><\/a><p id=\"caption-attachment-463685\" class=\"wp-caption-text\">El cardenal Francesco Coccopalmerio (derecha), presidente del Consejo Pontificio para Textos Legislativos, lee los decretos de Francismo hoy en el Vaticano.<\/p><\/div>\n<p style=\"color: #333333\">La nulidad matrimonial ser\u00e1 r\u00e1pida y gratuita, o sea, todo lo contrario que hasta ahora. La reforma del proceso can\u00f3nico puesta en marcha por el\u00a0<a style=\"color: #016ca2\" href=\"http:\/\/elpais.com\/tag\/francisco_i\/a\/\">papa Francisco<\/a>, mediante la publicaci\u00f3n de dos<em>motu proprio<\/em>\u00a0o decretos papales \u2013uno para el c\u00f3digo latino y otro para el oriental&#8211;, se justifica, seg\u00fan palabras de Jorge Mario Bergoglio, en \u201cla presi\u00f3n reformista de un enorme n\u00famero de fieles\u201d que se estaba alejando de \u201clas estructuras jur\u00eddicas de la Iglesia a causa de la distancia f\u00edsica y moral\u201d.<\/p>\n<p style=\"color: #333333\">El texto de los decretos papales, presentado en el\u00a0<a style=\"color: #016ca2\" href=\"http:\/\/elpais.com\/tag\/ciudad_del_vaticano\/a\/\">Vaticano<\/a>\u00a0por algunos de los expertos elegidos por el Papa para ejecutar su reforma, establece que la declaraci\u00f3n de nulidad sea posible despu\u00e9s de \u201cuna sola sentencia\u201d \u2013en vez de dos como hasta ahora&#8211;, firmada por \u201cun juez \u00fanico bajo la responsabilidad del obispo\u201d y como consecuencia de \u201cun proceso m\u00e1s breve\u201d, sobre todo en los casos, advierte Francisco, \u201cen los que la nulidad del matrimonio sea m\u00e1s evidente\u201d. El proceso para la nulidad durar\u00e1 entre un mes y medio y un a\u00f1o.<\/p>\n<p style=\"color: #333333\">Sobre el coste econ\u00f3mico de la nulidad, el Papa no deja lugar a dudas. Dice que \u201c<a style=\"color: #016ca2\" href=\"http:\/\/internacional.elpais.com\/internacional\/2015\/09\/08\/actualidad\/1441708568_097955.html\">la gratuidad del procedimiento tiene que ser asegurada<\/a>, porque la Iglesia, mostr\u00e1ndose ante los fieles madre generosa, en una materia tan estrechamente ligada a la salvaci\u00f3n de las almas, manifieste el amor gratuito de Cristo\u201d. Bergoglio encarga a los Conferencias Episcopales que garantice la &#8220;justa y digna retribuci\u00f3n de los operadores de los tribunales&#8221;. Hace 10 meses, a principios de octubre de 2014, el papa Francisco critic\u00f3 con dureza el sistema de nulidad matrimonial que aplica la Iglesia, lleg\u00e1ndolo a definir como largo, pesado, caro y, en algunas ocasiones, corrupto. \u201cLa Iglesia\u201d, adelant\u00f3 el Papa entonces, \u201ctiene que tener generosidad para hacer justicia gratuitamente\u201d.<\/p>\n<div id=\"DvidInText\" class=\"stvidInText\" style=\"color: #333333\"><\/div>\n<p style=\"color: #333333\">La reforma, adem\u00e1s de la sentencia \u00fanica y del juez \u00fanico \u2013medidas que ya de por s\u00ed simplifican el proceso&#8211;, establece una mayor implicaci\u00f3n de los obispos. En primer lugar, para que se encargue de juzgar los casos m\u00e1s evidentes y por tanto m\u00e1s breves. Y, adem\u00e1s, para que \u201ctanto en las grandes como en las peque\u00f1as\u00a0<a style=\"color: #016ca2\" href=\"http:\/\/elpais.com\/tag\/diocesis\/a\/\">di\u00f3cesis<\/a>\u00a0ofrezca un signo de la conversi\u00f3n de las estructuras eclesi\u00e1sticas, y no delegue completamente a la administraci\u00f3n de la curia la funci\u00f3n judicial en materia matrimonial\u201d. Esto es, el Papa quiere que los obispos se conviertan en c\u00f3mplices de su papado y bajen del palacio arzobispal a enfrentarse con los problemas reales de los cristianos.<\/p>\n<p style=\"color: #333333\">En las \u00faltimas semanas, las palabras y las acciones de Francisco han estado encaminadas precisamente a una actitud m\u00e1s comprensiva hacia los cristianos en dificultades, ya se trate de los divorciados vueltos a casar o de las mujeres que decidieron abortar. El primer d\u00eda de septiembre,\u00a0<a style=\"color: #016ca2\" href=\"http:\/\/internacional.elpais.com\/internacional\/2015\/07\/12\/actualidad\/1436723945_346441.html\">Francisco<\/a>\u00a0anunci\u00f3 que durante la celebraci\u00f3n del jubileo de la Misericordia &#8211;desde el pr\u00f3ximo 8 de diciembre al 20 de noviembre de 2016\u2014 todos los sacerdotes tendr\u00e1n la facultad de absolver a las mujeres que hayan cometido \u201cel pecado del aborto\u201d, porque \u201cel perd\u00f3n de Dios no se puede negar a todo el que se haya arrepentido\u201d y &#8220;muchas de ellas llevan en su coraz\u00f3n una cicatriz por esa elecci\u00f3n sufrida y dolorosa\u201d. Seg\u00fan la doctrina cat\u00f3lica, el aborto es un pecado muy grave que comporta la excomuni\u00f3n y que solo se puede absolver por orden de un obispo o del propio papa.<\/p>\n","protected":false},"excerpt":{"rendered":"<p>Los dos decretos publicados hoy simplifican el proceso de anulaci\u00f3n del sacramento<\/p>\n","protected":false},"author":5842,"featured_media":0,"comment_status":"open","ping_status":"open","sticky":false,"template":"","format":"standard","meta":{"footnotes":""},"categories":[24],"tags":[],"class_list":["post-463684","post","type-post","status-publish","format-standard","hentry","category-mundo"],"_links":{"self":[{"href":"https:\/\/diarioelpopular.com\/index.php\/wp-json\/wp\/v2\/posts\/463684","targetHints":{"allow":["GET"]}}],"collection":[{"href":"https:\/\/diarioelpopular.com\/index.php\/wp-json\/wp\/v2\/posts"}],"about":[{"href":"https:\/\/diarioelpopular.com\/index.php\/wp-json\/wp\/v2\/types\/post"}],"author":[{"embeddable":true,"href":"https:\/\/diarioelpopular.com\/index.php\/wp-json\/wp\/v2\/users\/5842"}],"replies":[{"embeddable":true,"href":"https:\/\/diarioelpopular.com\/index.php\/wp-json\/wp\/v2\/comments?post=463684"}],"version-history":[{"count":1,"href":"https:\/\/diarioelpopular.com\/index.php\/wp-json\/wp\/v2\/posts\/463684\/revisions"}],"predecessor-version":[{"id":463686,"href":"https:\/\/diarioelpopular.com\/index.php\/wp-json\/wp\/v2\/posts\/463684\/revisions\/463686"}],"wp:attachment":[{"href":"https:\/\/diarioelpopular.com\/index.php\/wp-json\/wp\/v2\/media?parent=463684"}],"wp:term":[{"taxonomy":"category","embeddable":true,"href":"https:\/\/diarioelpopular.com\/index.php\/wp-json\/wp\/v2\/categories?post=463684"},{"taxonomy":"post_tag","embeddable":true,"href":"https:\/\/diarioelpopular.com\/index.php\/wp-json\/wp\/v2\/tags?post=463684"}],"curies":[{"name":"wp","href":"https:\/\/api.w.org\/{rel}","templated":true}]}}