{"id":463782,"date":"2015-09-15T22:40:14","date_gmt":"2015-09-16T02:40:14","guid":{"rendered":"http:\/\/diarioelpopular.com\/?p=463782"},"modified":"2015-09-15T22:40:32","modified_gmt":"2015-09-16T02:40:32","slug":"donald-trump-vende-la-compania-que-organiza-miss-universo","status":"publish","type":"post","link":"https:\/\/diarioelpopular.com\/index.php\/2015\/09\/15\/donald-trump-vende-la-compania-que-organiza-miss-universo\/","title":{"rendered":"Donald Trump vende la compa\u00f1\u00eda que organiza Miss Universo"},"content":{"rendered":"<div id=\"attachment_463783\" style=\"width: 570px\" class=\"wp-caption aligncenter\"><a href=\"https:\/\/diarioelpopular.com\/wp-content\/uploads\/2015\/09\/1442308966_015434_1442309288_noticia_normal.jpg\"><img loading=\"lazy\" decoding=\"async\" aria-describedby=\"caption-attachment-463783\" class=\"size-full wp-image-463783\" src=\"https:\/\/diarioelpopular.com\/wp-content\/uploads\/2015\/09\/1442308966_015434_1442309288_noticia_normal.jpg\" alt=\"Donald Trump con Erin Brady, Miss Estados Unidos 2013, en Las Vegas, el 16 de junio de 2013. \" width=\"560\" height=\"310\" \/><\/a><p id=\"caption-attachment-463783\" class=\"wp-caption-text\">Donald Trump con Erin Brady, Miss Estados Unidos 2013, en Las Vegas, el 16 de junio de 2013.<\/p><\/div>\n<p style=\"color: #333333\">El precandidato republicano a la presidencia de Estados Unidos<a style=\"color: #016ca2\" href=\"http:\/\/elpais.com\/tag\/donald_trump\/a\/\">Donald Trump<\/a>\u00a0ha decidido vender la compa\u00f1\u00eda que organiza Miss Universo, d\u00edas despu\u00e9s de que comprara a la cadena NBC la mitad que no pose\u00eda de esa empresa. La compa\u00f1\u00eda de eventos de entretenimiento WME\/IMG ha anunciado este martes la compra, aunque se desconoce el precio de la transacci\u00f3n.<\/p>\n<p style=\"color: #333333\">El pasado viernes, Trump anunci\u00f3 que hab\u00eda comprado la mitad de la empresa que organiza Miss Universo a la cadena NBC, convirti\u00e9ndose en el \u00fanico due\u00f1o, y ahora se desprende totalmente de la compa\u00f1\u00eda. &#8220;Disfrut\u00e9 mucho siendo el due\u00f1o del Miss Universo, Miss USA y Miss Teen USA. Cuando los adquir\u00ed, estaban en serios problemas. Ha sido un honor convertirlos en todo un \u00e9xito mundial&#8221;, dijo Trump en un comunicado.<\/p>\n<p style=\"color: #333333\">&#8220;Estos concursos est\u00e1n ahora en manos de una gran compa\u00f1\u00eda que los llevar\u00e1 a un nivel de \u00e9xito a\u00fan m\u00e1s grande&#8221;, ha agregado. Los problemas entre Trump y la cadena NBC empezaron en junio, cuando el magnate inmobiliario hizo\u00a0<a style=\"color: #016ca2\" href=\"http:\/\/internacional.elpais.com\/internacional\/2015\/08\/26\/actualidad\/1440588689_079830.html\">comentarios pol\u00e9micos contra los inmigrantes mexicanos<\/a>. Ante estos comentarios, NBC cancel\u00f3 la transmisi\u00f3n del concurso para elegir la candidata de EE UU al pr\u00f3ximo certamen de belleza Miss Universo. Las cadenas\u00a0<a style=\"color: #016ca2\" href=\"http:\/\/internacional.elpais.com\/internacional\/2015\/08\/26\/actualidad\/1440545117_144276.html\">Univisi\u00f3n<\/a>\u00a0y Televisa tambi\u00e9n rompieron lazos profesionales con \u00e9l.<\/p>\n","protected":false},"excerpt":{"rendered":"<p>La cadena NBC dej\u00f3 de transmitir el concurso por los comentarios pol\u00e9micos de Trump<br \/>\nDonald Trump llama hip\u00f3crita a la Miss Universo colombiana<\/p>\n","protected":false},"author":5842,"featured_media":0,"comment_status":"open","ping_status":"open","sticky":false,"template":"","format":"standard","meta":{"footnotes":""},"categories":[24],"tags":[],"class_list":["post-463782","post","type-post","status-publish","format-standard","hentry","category-mundo"],"_links":{"self":[{"href":"https:\/\/diarioelpopular.com\/index.php\/wp-json\/wp\/v2\/posts\/463782","targetHints":{"allow":["GET"]}}],"collection":[{"href":"https:\/\/diarioelpopular.com\/index.php\/wp-json\/wp\/v2\/posts"}],"about":[{"href":"https:\/\/diarioelpopular.com\/index.php\/wp-json\/wp\/v2\/types\/post"}],"author":[{"embeddable":true,"href":"https:\/\/diarioelpopular.com\/index.php\/wp-json\/wp\/v2\/users\/5842"}],"replies":[{"embeddable":true,"href":"https:\/\/diarioelpopular.com\/index.php\/wp-json\/wp\/v2\/comments?post=463782"}],"version-history":[{"count":1,"href":"https:\/\/diarioelpopular.com\/index.php\/wp-json\/wp\/v2\/posts\/463782\/revisions"}],"predecessor-version":[{"id":463784,"href":"https:\/\/diarioelpopular.com\/index.php\/wp-json\/wp\/v2\/posts\/463782\/revisions\/463784"}],"wp:attachment":[{"href":"https:\/\/diarioelpopular.com\/index.php\/wp-json\/wp\/v2\/media?parent=463782"}],"wp:term":[{"taxonomy":"category","embeddable":true,"href":"https:\/\/diarioelpopular.com\/index.php\/wp-json\/wp\/v2\/categories?post=463782"},{"taxonomy":"post_tag","embeddable":true,"href":"https:\/\/diarioelpopular.com\/index.php\/wp-json\/wp\/v2\/tags?post=463782"}],"curies":[{"name":"wp","href":"https:\/\/api.w.org\/{rel}","templated":true}]}}