{"id":463791,"date":"2015-09-16T00:04:24","date_gmt":"2015-09-16T04:04:24","guid":{"rendered":"http:\/\/diarioelpopular.com\/?p=463791"},"modified":"2015-09-15T22:52:40","modified_gmt":"2015-09-16T02:52:40","slug":"facebook-incluira-el-boton-de-no-me-gusta","status":"publish","type":"post","link":"https:\/\/diarioelpopular.com\/index.php\/2015\/09\/16\/facebook-incluira-el-boton-de-no-me-gusta\/","title":{"rendered":"Facebook incluir\u00e1 el bot\u00f3n de \u201cNo me gusta\u201d"},"content":{"rendered":"<p style=\"color: #333333\"><a href=\"https:\/\/diarioelpopular.com\/wp-content\/uploads\/2015\/09\/1442345889_130111_1442346212_noticia_normal.jpg\"><img loading=\"lazy\" decoding=\"async\" class=\"aligncenter size-full wp-image-463792\" src=\"https:\/\/diarioelpopular.com\/wp-content\/uploads\/2015\/09\/1442345889_130111_1442346212_noticia_normal.jpg\" alt=\"1442345889_130111_1442346212_noticia_normal\" width=\"560\" height=\"362\" \/><\/a>\u201cNo me gusta\u201d, en ingl\u00e9s, Dislike. Esa ser\u00e1 la pr\u00f3xima gran novedad de Facebook, un bot\u00f3n para mostrar que algo no nos agrada.\u00a0<a style=\"color: #016ca2\" href=\"https:\/\/www.facebook.com\/qawithmark\/posts\/992028247521617\">Durante una sesi\u00f3n de preguntas y respuestas online con los usuarios, Mark Zuckerberg<\/a>\u00a0ha desvelado lo que desde hace varios a\u00f1os se ped\u00eda, la opci\u00f3n de manifestar el desacuerdo. \u201cLa gente me lo lleva pidiendo durante a\u00f1os. Hoy es un d\u00eda especial, porque s\u00ed, quiero confirmar que estamos trabajando en ellos y estamos muy cerca de comenzar con las pruebas\u201d, confirm\u00f3.<\/p>\n<p dir=\"ltr\" style=\"color: #333333\">Lo que s\u00ed dej\u00f3 claro es que no quiere que cambie la filosof\u00eda de su invento. No pretenden que se expresen sentimientos negativos. Tampoco que se deprima nadie, pero s\u00ed que se empatice. Un punto de vista que encaja en ciertas situaciones, como cuando alguien publica la p\u00e9rdida de un ser querido, o un despido, y debajo aparece una retah\u00edla de \u201cMe gusta\u201d que podr\u00eda confundirse con una celebraci\u00f3n.<\/p>\n<p dir=\"ltr\" style=\"color: #333333\">Al hilo del bot\u00f3n de \u201cNo me gusta\u201d podr\u00edan aparece que se dedique a expresar sentimiento, aunque el consejero delegado ha subrayado que quieren mantener Facebook lo m\u00e1s sencillo posible. \u201cEs sorprendentemente complicado esto de mantener algo sencillo\u201d, insisti\u00f3.<\/p>\n<div id=\"DvidInText\" class=\"stvidInText\" style=\"color: #333333\"><\/div>\n<p dir=\"ltr\" style=\"color: #333333\">A\u00f1os despu\u00e9s de negar esta opci\u00f3n, Facebook, con m\u00e1s de 1.400 millones de usuarios activos, cede a la petici\u00f3n m\u00e1s reiterada.<\/p>\n<p dir=\"ltr\" style=\"color: #333333\">En noviembre de 2014, Zuckerberg comenz\u00f3 a discutir en p\u00fablico a trav\u00e9s de este formato. Desde entonces\u00a0<a style=\"color: #016ca2\" href=\"http:\/\/www.cnet.com\/news\/facebooks-zuckerberg-muses-on-net-neutrality-defends-internet-org\/\">ha cuestionado algunas de las normas que rigen la Red<\/a>,\u00a0<a style=\"color: #016ca2\" href=\"http:\/\/www.cnet.com\/news\/facebooks-zuckerberg-discusses-terrorism-entrepreneurship\/\">debatido sobre terrorismo<\/a>\u00a0y el pr\u00f3ximo mes mantendr\u00e1 un encuentro\u00a0<a style=\"color: #016ca2\" href=\"http:\/\/www.cnet.com\/news\/indian-prime-minister-narendra-modi-to-join-facebook-q-a\/\">con el Primer Ministro de India, Narendra Modi<\/a>.<\/p>\n","protected":false},"excerpt":{"rendered":"<p>Mark Zuckerberg confirma una de las opciones m\u00e1s demandada por los usuarios. Mil millones de personas conectadas en un solo d\u00eda<\/p>\n","protected":false},"author":5842,"featured_media":0,"comment_status":"open","ping_status":"open","sticky":false,"template":"","format":"standard","meta":{"footnotes":""},"categories":[24],"tags":[],"class_list":["post-463791","post","type-post","status-publish","format-standard","hentry","category-mundo"],"_links":{"self":[{"href":"https:\/\/diarioelpopular.com\/index.php\/wp-json\/wp\/v2\/posts\/463791","targetHints":{"allow":["GET"]}}],"collection":[{"href":"https:\/\/diarioelpopular.com\/index.php\/wp-json\/wp\/v2\/posts"}],"about":[{"href":"https:\/\/diarioelpopular.com\/index.php\/wp-json\/wp\/v2\/types\/post"}],"author":[{"embeddable":true,"href":"https:\/\/diarioelpopular.com\/index.php\/wp-json\/wp\/v2\/users\/5842"}],"replies":[{"embeddable":true,"href":"https:\/\/diarioelpopular.com\/index.php\/wp-json\/wp\/v2\/comments?post=463791"}],"version-history":[{"count":1,"href":"https:\/\/diarioelpopular.com\/index.php\/wp-json\/wp\/v2\/posts\/463791\/revisions"}],"predecessor-version":[{"id":463793,"href":"https:\/\/diarioelpopular.com\/index.php\/wp-json\/wp\/v2\/posts\/463791\/revisions\/463793"}],"wp:attachment":[{"href":"https:\/\/diarioelpopular.com\/index.php\/wp-json\/wp\/v2\/media?parent=463791"}],"wp:term":[{"taxonomy":"category","embeddable":true,"href":"https:\/\/diarioelpopular.com\/index.php\/wp-json\/wp\/v2\/categories?post=463791"},{"taxonomy":"post_tag","embeddable":true,"href":"https:\/\/diarioelpopular.com\/index.php\/wp-json\/wp\/v2\/tags?post=463791"}],"curies":[{"name":"wp","href":"https:\/\/api.w.org\/{rel}","templated":true}]}}