{"id":463826,"date":"2015-09-18T00:06:44","date_gmt":"2015-09-18T04:06:44","guid":{"rendered":"http:\/\/diarioelpopular.com\/?p=463826"},"modified":"2015-09-17T13:11:08","modified_gmt":"2015-09-17T17:11:08","slug":"profesores-de-ontario-de-la-escuela-francesa-llegan-a-un-acuerdo-con-la-provincia","status":"publish","type":"post","link":"https:\/\/diarioelpopular.com\/index.php\/2015\/09\/18\/profesores-de-ontario-de-la-escuela-francesa-llegan-a-un-acuerdo-con-la-provincia\/","title":{"rendered":"Profesores de Ontario de la Escuela francesa llegan a un acuerdo con la Provincia"},"content":{"rendered":"<div id=\"attachment_463827\" style=\"width: 570px\" class=\"wp-caption aligncenter\"><a href=\"https:\/\/diarioelpopular.com\/wp-content\/uploads\/2015\/09\/foto-1-breve-1-pagina-3.jpg\"><img loading=\"lazy\" decoding=\"async\" aria-describedby=\"caption-attachment-463827\" class=\"size-large wp-image-463827\" src=\"https:\/\/diarioelpopular.com\/wp-content\/uploads\/2015\/09\/foto-1-breve-1-pagina-3-560x315.jpg\" alt=\"Ministra de Educaci\u00f3n de Ontario Liz Sandals\" width=\"560\" height=\"315\" \/><\/a><p id=\"caption-attachment-463827\" class=\"wp-caption-text\">Ministra de Educaci\u00f3n de Ontario Liz Sandals<\/p><\/div>\n<p><strong><em>TORONTO.-<\/em><\/strong> El sindicato de Profesores de Ontario, que representa a los docentes de las escuelas de la lengua francesa, han alcanzado un acuerdo con la provincia este mi\u00e9rcoles.<\/p>\n<p>\u201cLa Association des enseignantes et des enseignants franco-ontariens\u201c (AEFO)= ( Asociaci\u00f3n de Maestros Franco- Ontario), llegaron a un\u00a0 acuerdo tentativo y\u00a0 est\u00e1n a la espera de la ratificaci\u00f3n de la oferta, la cual ha sido confirmada por el ministro de Educaci\u00f3n de Ontario Liz Sandals.<\/p>\n<p>&#8220;Me complace que ambas partes fueron capaces de arremangarse para resolver cuestiones dif\u00edciles&#8221;, dijo Sandals en un comunicado de prensa.<\/p>\n<p>Ontario tiene ahora acuerdos con AEFO, la Federaci\u00f3n de Profesores de Ense\u00f1anza Secundaria de Ontario y la Asociaci\u00f3n de Docentes Cat\u00f3licos de Ontario de Ingl\u00e9s.<\/p>\n<p>Los 76.000 docentes representados por la Federaci\u00f3n de Maestros de Primaria de Ontario (ETFO), sin embargo, todav\u00eda est\u00e1n trabajando sin contrato. Las conversaciones entre ETFO y la provincia se rompi\u00f3a principios de esta semana y el sindicato ya ha amenazado con intensificar su actual campa\u00f1a,\u00a0 trabajo- digno.<\/p>\n","protected":false},"excerpt":{"rendered":"<p>El sindicato de Profesores de Ontario, que representa a los docentes de las escuelas de la lengua francesa, han alcanzado un acuerdo con la provincia este mi\u00e9rcoles.<\/p>\n","protected":false},"author":5842,"featured_media":0,"comment_status":"open","ping_status":"open","sticky":false,"template":"","format":"standard","meta":{"footnotes":""},"categories":[21],"tags":[],"class_list":["post-463826","post","type-post","status-publish","format-standard","hentry","category-canada"],"_links":{"self":[{"href":"https:\/\/diarioelpopular.com\/index.php\/wp-json\/wp\/v2\/posts\/463826","targetHints":{"allow":["GET"]}}],"collection":[{"href":"https:\/\/diarioelpopular.com\/index.php\/wp-json\/wp\/v2\/posts"}],"about":[{"href":"https:\/\/diarioelpopular.com\/index.php\/wp-json\/wp\/v2\/types\/post"}],"author":[{"embeddable":true,"href":"https:\/\/diarioelpopular.com\/index.php\/wp-json\/wp\/v2\/users\/5842"}],"replies":[{"embeddable":true,"href":"https:\/\/diarioelpopular.com\/index.php\/wp-json\/wp\/v2\/comments?post=463826"}],"version-history":[{"count":1,"href":"https:\/\/diarioelpopular.com\/index.php\/wp-json\/wp\/v2\/posts\/463826\/revisions"}],"predecessor-version":[{"id":463828,"href":"https:\/\/diarioelpopular.com\/index.php\/wp-json\/wp\/v2\/posts\/463826\/revisions\/463828"}],"wp:attachment":[{"href":"https:\/\/diarioelpopular.com\/index.php\/wp-json\/wp\/v2\/media?parent=463826"}],"wp:term":[{"taxonomy":"category","embeddable":true,"href":"https:\/\/diarioelpopular.com\/index.php\/wp-json\/wp\/v2\/categories?post=463826"},{"taxonomy":"post_tag","embeddable":true,"href":"https:\/\/diarioelpopular.com\/index.php\/wp-json\/wp\/v2\/tags?post=463826"}],"curies":[{"name":"wp","href":"https:\/\/api.w.org\/{rel}","templated":true}]}}