{"id":463889,"date":"2015-09-22T20:20:54","date_gmt":"2015-09-23T00:20:54","guid":{"rendered":"http:\/\/diarioelpopular.com\/?p=463889"},"modified":"2015-09-22T20:21:13","modified_gmt":"2015-09-23T00:21:13","slug":"francisco-la-voz-de-la-esperanza-para-los-indocumentados-en-ee-uu","status":"publish","type":"post","link":"https:\/\/diarioelpopular.com\/index.php\/2015\/09\/22\/francisco-la-voz-de-la-esperanza-para-los-indocumentados-en-ee-uu\/","title":{"rendered":"Francisco, la voz de la esperanza para los indocumentados en EE UU"},"content":{"rendered":"<div id=\"attachment_463890\" style=\"width: 428px\" class=\"wp-caption aligncenter\"><a href=\"https:\/\/diarioelpopular.com\/wp-content\/uploads\/2015\/09\/1442948801_152051_1442954904_portada_normal.jpg\"><img loading=\"lazy\" decoding=\"async\" aria-describedby=\"caption-attachment-463890\" class=\"size-full wp-image-463890\" src=\"https:\/\/diarioelpopular.com\/wp-content\/uploads\/2015\/09\/1442948801_152051_1442954904_portada_normal.jpg\" alt=\"El Papa con los Obama a su llegada a Estados Unidos.\" width=\"418\" height=\"240\" \/><\/a><p id=\"caption-attachment-463890\" class=\"wp-caption-text\">El Papa con los Obama a su llegada a Estados Unidos.<\/p><\/div>\n<p style=\"color: #333333\">Mar\u00eda Galleta suspiraba aliviada mientras una compa\u00f1era le masajeaba los pies, hinchados tras las largas jornadas de marcha. Al igual que en otros puntos de su periplo, varios baldes de agua fresca aguardaban listos la noche del lunes para recibir otros pies cansados en el pabell\u00f3n de la iglesia St Camillus en Silver Spring, Maryland, pen\u00faltima estaci\u00f3n del peregrinaje de un centenar de mujeres hasta Washington. Bajo el lema\u00a0<a style=\"color: #016ca2\" href=\"http:\/\/www.webelongtogether.org\/\" target=\"_blank\">\u201ccien mujeres, cien millas\u201d<\/a>, peregrinas de todas las edades y lugares de Estados Unidos partieron de Nueva York el 15 de septiembre rumbo a la capital, a la que llegaron este martes con una \u00fanica misi\u00f3n: ser escuchadas por\u00a0<a style=\"color: #016ca2\" href=\"http:\/\/elpais.com\/elpais\/2015\/09\/22\/album\/1442927453_874165.html#1442927453_874165_1442927608\">el papa Francisco<\/a>con la esperanza de que \u00e9l pueda interceder a favor de los m\u00e1s de 11 millones de indocumentados que viven e EE UU.<\/p>\n<p style=\"color: #333333\">Todas ellas son inmigrantes, algunas legales, otras sin papeles. Pero cada una tiene una historia de separaci\u00f3n familiar por deportaci\u00f3n o de lucha por sobrevivir en las sombras.<\/p>\n<p style=\"color: #333333\">Mar\u00eda Galleta, californiana, ayuda a veteranos de guerra que han sido deportados a M\u00e9xico por no saber c\u00f3mo regularizarse tras cumplir el servicio militar, algunos en Irak o Afganist\u00e1n. Alejandra S\u00e1nchez es una indocumentada de Arizona. De sus cinco hijos, uno es estadounidense y otros cuatro dreamers. Vive bajo el miedo permanente de ser deportada a su M\u00e9xico natal junto con su marido, que tampoco tiene papeles, y que sus hijos se queden solos en EE UU. Eso es lo que le pas\u00f3 al marido de Yethel Franco, que lleva cinco a\u00f1os en M\u00e9xico sin poder regresar con su esposa y su hijo de nueve a\u00f1os, que sufre graves episodios de epilepsia por el trauma de la separaci\u00f3n de su padre.<\/p>\n<p class=\"texto_grande\" style=\"color: #333333\">Francisco, la voz de los sin voz<\/p>\n<p style=\"color: #333333\">Las tres, as\u00ed como el resto de las \u201cperegrinas\u201d, han desafiado el calor de los \u00faltimos d\u00edas del verano, las primeras lluvias del oto\u00f1o y los m\u00e1s de 160 kil\u00f3metros de distancia caminados para que el papa pueda o\u00edr de su boca sus historias e interceda para que los pol\u00edticos, tanto\u00a0<a style=\"color: #016ca2\" href=\"http:\/\/internacional.elpais.com\/tag\/accion_ejecutiva_reforma_inmigracion_2014\/a\/\">los candidatos presidenciales como los legisladores en el Congreso, apoyen y aprueben, de una vez, la reforma migratoria que se les viene negando desde hace a\u00f1os y hasta d\u00e9cadas.<\/a><\/p>\n<p style=\"color: #333333\">\u201cEsperamos que el papa sea nuestro portavoz, que pueda tocar el coraz\u00f3n de esas personas en cuyas manos est\u00e1 nuestro futuro\u201d, explicaba Yethel Franco. Ella presenciar\u00e1 en el Capitolio, invitada por su congresista, el dem\u00f3crata Juan Vargas, el momento en el que Jorge Bergoglio se convierta el jueves en el primer papa que habla ante el Congreso de EE UU. En primera fila estar\u00e1 el presidente de la c\u00e1mara baja, el republicano -y cat\u00f3lico-\u00a0<a style=\"color: #016ca2\" href=\"http:\/\/internacional.elpais.com\/internacional\/2014\/12\/04\/actualidad\/1417723113_015350.html\">John Boehner, art\u00edfice de la in\u00e9dita invitaci\u00f3n papal y uno de los responsables de que fracasara en 2014 una propuesta de reforma migratoria que ya hab\u00eda sido aprobada por el Senado.<\/a><\/p>\n<p style=\"color: #333333\">\u201cTenemos la esperanza de que el papa pueda cambiarle un poco la mentalidad a John Boehner, puede ser un intermediario para que lo nuestro salga\u201d, confiaba Alejandra S\u00e1nchez, que tambi\u00e9n ha sido invitada al Congreso por su congresista, Rub\u00e9n Gallegos.<\/p>\n<p style=\"color: #333333\">El papa \u201cles va a dar los tirones de orejas que se merecen\u201d\u00a0<a style=\"color: #016ca2\" href=\"http:\/\/internacional.elpais.com\/internacional\/2015\/02\/17\/actualidad\/1424157385_448939.html\">a los pol\u00edticos que se oponen a un camino para regularizar a los indocumentados<\/a>, \u201cporque no es justo que los inmigrantes est\u00e9n pasando por esto\u201d, asever\u00f3 otra de las caminantes, Ale Saucedo, argentina como Francisco y fundadora de Dreamer\u2019s Moms, una organizaci\u00f3n de madres de los j\u00f3venes indocumentados, los \u201cdreamers\u201d, que pudieron acogerse al programa de regularizaci\u00f3n establecido por el presidente Barack Obama en 2012. Saucedo no ir\u00e1 al Congreso, pero s\u00ed formar\u00e1 parte de los 15.000 invitados a los jardines de la Casa Blanca cuando el mi\u00e9rcoles el papa se re\u00fana con el presidente dem\u00f3crata en el Despacho Oval.<\/p>\n<p class=\"texto_grande\" style=\"color: #333333\">Una avalancha de inmigrantes para ver al papa<\/p>\n<p style=\"color: #333333\">Las \u201cperegrinas\u201d no son las \u00fanicas inmigrantes que centran sus esperanzas en el papa Francisco. Hasta Washington han llegado en los \u00faltimos d\u00edas y horas centenares de activistas de todo el pa\u00eds que esperan de Jorge Bergoglio si no un milagro, que pueda al menos aliviar el ambiente hostil hacia los inmigrantes, reavivado por la agresiva campa\u00f1a electoral y los duros mensajes en esta materia de los aspirantes presidenciales republicanos.<\/p>\n<p style=\"color: #333333\">Veinticinco inmigrantes -entre ellos varios ni\u00f1os cuyos padres han sido deportados- de California viajaron hasta Washington este martes con la esperanza de que \u201cla legalizaci\u00f3n sea la bendici\u00f3n del papa\u201d a su paso por EE UU.\u00a0<a style=\"color: #016ca2\" href=\"http:\/\/internacional.elpais.com\/internacional\/2015\/09\/14\/actualidad\/1442264695_703976.html\">Los ocho inmigrantes hondure\u00f1os mutilados por La Bestia, el tren sobre el que millares de inmigrantes centroamericanos atraviesan M\u00e9xico para llegar a EE UU y que llevan desde junio intentando ser recibidos por Obama o por el papa<\/a>, tambi\u00e9n han logrado entrar en el Congreso.<\/p>\n<p style=\"color: #333333\">Otros, como Guillermina Castellanos, activista de San Francisco y que tambi\u00e9n ha participado en la caminata de las mujeres, se conformar\u00e1n con ver desde la calle el paso del pont\u00edfice en el que han centrado tantas esperanzas. \u00bfDemasiadas? No, afirma Castellanos. \u201cEl papa ha llegado a Cuba, algo hist\u00f3rico. Y ha hablado bien de la comundiad gay, algo que nunca se hab\u00eda escuchado. Tenemos mucha fe en que va a hacer cambios en la vida del inmigrante\u201d.<\/p>\n","protected":false},"excerpt":{"rendered":"<p>Los sin papeles esperan que el papa haga suyo su mensaje ante el Congreso<\/p>\n","protected":false},"author":5842,"featured_media":0,"comment_status":"open","ping_status":"open","sticky":false,"template":"","format":"standard","meta":{"footnotes":""},"categories":[24],"tags":[],"class_list":["post-463889","post","type-post","status-publish","format-standard","hentry","category-mundo"],"_links":{"self":[{"href":"https:\/\/diarioelpopular.com\/index.php\/wp-json\/wp\/v2\/posts\/463889","targetHints":{"allow":["GET"]}}],"collection":[{"href":"https:\/\/diarioelpopular.com\/index.php\/wp-json\/wp\/v2\/posts"}],"about":[{"href":"https:\/\/diarioelpopular.com\/index.php\/wp-json\/wp\/v2\/types\/post"}],"author":[{"embeddable":true,"href":"https:\/\/diarioelpopular.com\/index.php\/wp-json\/wp\/v2\/users\/5842"}],"replies":[{"embeddable":true,"href":"https:\/\/diarioelpopular.com\/index.php\/wp-json\/wp\/v2\/comments?post=463889"}],"version-history":[{"count":1,"href":"https:\/\/diarioelpopular.com\/index.php\/wp-json\/wp\/v2\/posts\/463889\/revisions"}],"predecessor-version":[{"id":463891,"href":"https:\/\/diarioelpopular.com\/index.php\/wp-json\/wp\/v2\/posts\/463889\/revisions\/463891"}],"wp:attachment":[{"href":"https:\/\/diarioelpopular.com\/index.php\/wp-json\/wp\/v2\/media?parent=463889"}],"wp:term":[{"taxonomy":"category","embeddable":true,"href":"https:\/\/diarioelpopular.com\/index.php\/wp-json\/wp\/v2\/categories?post=463889"},{"taxonomy":"post_tag","embeddable":true,"href":"https:\/\/diarioelpopular.com\/index.php\/wp-json\/wp\/v2\/tags?post=463889"}],"curies":[{"name":"wp","href":"https:\/\/api.w.org\/{rel}","templated":true}]}}