{"id":463902,"date":"2015-09-24T13:21:42","date_gmt":"2015-09-24T17:21:42","guid":{"rendered":"http:\/\/diarioelpopular.com\/?p=463902"},"modified":"2015-09-24T13:21:58","modified_gmt":"2015-09-24T17:21:58","slug":"el-papa-pide-en-estados-unidos-la-abolicion-de-la-pena-de-muerte","status":"publish","type":"post","link":"https:\/\/diarioelpopular.com\/index.php\/2015\/09\/24\/el-papa-pide-en-estados-unidos-la-abolicion-de-la-pena-de-muerte\/","title":{"rendered":"El Papa pide en Estados Unidos la abolici\u00f3n de la pena de muerte"},"content":{"rendered":"<div class=\"columna_texto\">\n<div id=\"cuerpo_noticia\" class=\"cuerpo_noticia\" style=\"color: #333333\">\n<p><a href=\"https:\/\/diarioelpopular.com\/wp-content\/uploads\/2015\/09\/1443009248_839928_1443111767_noticia_normal.jpg\"><img loading=\"lazy\" decoding=\"async\" class=\"aligncenter size-full wp-image-463903\" src=\"https:\/\/diarioelpopular.com\/wp-content\/uploads\/2015\/09\/1443009248_839928_1443111767_noticia_normal.jpg\" alt=\"1443009248_839928_1443111767_noticia_normal\" width=\"560\" height=\"349\" \/><\/a>El mensaje inc\u00f3modo que el\u00a0<a style=\"color: #016ca2\" href=\"http:\/\/elpais.com\/tag\/francisco_i\/a\/\">papa Francisco<\/a>\u00a0dirigi\u00f3 al Congreso de los Estados Unidos puede resumirse en una de sus frases: \u201cHagan ustedes con los dem\u00e1s como quieran que los dem\u00e1s hagan con ustedes\u201d. Jorge Mario Bergoglio, que se present\u00f3 como \u201chijo de este gran continente\u201d, repas\u00f3 ante los congresistas todos los asuntos \u2013<a style=\"color: #016ca2\" href=\"http:\/\/elpais.com\/internacional\/2015\/09\/23\/actualidad\/1443014773_017133.html\">cambio clim\u00e1tico, redistribuci\u00f3n de la riqueza, regulaci\u00f3n de la inmigraci\u00f3n<\/a>, pol\u00edtica exterior multilateral\u2014 que la mayor\u00eda republicana ha venido bloqueando. El Papa pidi\u00f3 que la respuesta hacia la llegada de inmigrantes sea \u201chumana, justa y fraterna\u201d, y abog\u00f3 por la abolici\u00f3n de la pena de muerte.<\/p>\n<p><a style=\"color: #016ca2\" href=\"http:\/\/elpais.com\/elpais\/2015\/09\/23\/album\/1443008816_300195.html#1443008816_300195_1443012302\">El Papa, que fue recibido<\/a>\u00a0con un largo aplauso, volvi\u00f3 a levantar a los congresistas cuando, nada m\u00e1s empezar, dijo: \u201cLes agradezco la invitaci\u00f3n que me han hecho a que les dirija la palabra en esta sesi\u00f3n conjunta del Congreso en la tierra de los libres y en la patria de los valientes\u201d. Pero, enseguida, empez\u00f3 un discurso menos complaciente. \u201cSi es verdad que la pol\u00edtica debe servir a la persona humana\u201d, plante\u00f3 Bergoglio, \u201cno puede ser esclava de la econom\u00eda y de las finanzas. La pol\u00edtica responde a la necesidad imperiosa de convivir para construir juntos el bien com\u00fan posible, el de una comunidad que resigna intereses particulares para poder compartir, con justicia y paz, sus bienes, sus intereses, su vida social. No subestimo la dificultad que esto conlleva, pero los aliento en este esfuerzo\u201d. Y a\u00f1adi\u00f3: \u201cTratemos a los dem\u00e1s con la misma pasi\u00f3n y compasi\u00f3n con la que queremos ser tratados. Busquemos para los dem\u00e1s las mismas posibilidades que deseamos para nosotros. Acompa\u00f1emos el crecimiento de los otros como queremos ser acompa\u00f1ados. En definitiva: queremos seguridad, demos seguridad; queremos vida, demos vida; queremos oportunidades, brindemos oportunidades. El par\u00e1metro que usemos para los dem\u00e1s ser\u00e1 el par\u00e1metro que el tiempo usar\u00e1 con nosotros\u201d.<\/p>\n<p>El mensaje del Papa es inc\u00f3modo para la mayor\u00eda republicana del Congreso. En el cambio clim\u00e1tico, en las desigualdades, en la inmigraci\u00f3n y\u00a0<a style=\"color: #016ca2\" href=\"http:\/\/internacional.elpais.com\/internacional\/2015\/09\/22\/actualidad\/1442952751_428486.html\">en la defensa impl\u00edcita del di\u00e1logo con Cuba e Ir\u00e1n<\/a>, Francisco se alinea con el presidente Barack Obama y el Partido Dem\u00f3crata. El Papa no es un l\u00edder pol\u00edtico, es un l\u00edder espiritual, pero el discurso del Capitolio puede leerse como una lista de reproches contra un partido que en los \u00faltimos a\u00f1os ha negado el cambio clim\u00e1tico, ha vilipendiado las pol\u00edticas econ\u00f3micas redistributivas,\u00a0<a style=\"color: #016ca2\" href=\"http:\/\/internacional.elpais.com\/internacional\/2015\/09\/22\/actualidad\/1442945753_653941.html\">ha bloqueado los intentos de regular la inmigraci\u00f3n<\/a>\u00a0y se ha opuesto con virulencia a la pol\u00edtica exterior multilateral de Obama. Si Bergoglio fuese uno m\u00e1s de los parlamentarios que le escuchaban no hay ninguna duda de la bancada en la que se sentar\u00eda.<\/p>\n<p>Y, aun as\u00ed, el mensaje del Papa, suave en las formas, sin entrar a fondo en ninguno de los asuntos, quer\u00eda ser conciliador. Lo primero que hizo Francisco, despu\u00e9s de volver a presentarse como \u201chijo de este gran continente\u201d, fue colocar a los estadounidenses ante el espejo de su propia historia, para demostrarles que personajes como Abraham Lincoln, Martin Luther King, Dorothy Day y Thomas Merton ya \u201capostaron, con trabajo abnegaci\u00f3n y hasta con su propia sangre, por forjar un futuro mejor\u201d. Bergoglio, al que una parte del Congreso tiene por un peronista argentino, un papa rojo, pretend\u00eda as\u00ed demostrar que su discurso inc\u00f3modo, los baluartes de la doctrina social de la Iglesia, tambi\u00e9n est\u00e1 en el ADN de Estados Unidos. Francisco, no obstante, fue taca\u00f1o con los gestos hacia la derecha religiosa. Solo mencion\u00f3 de pasada uno de los caballos de batalla de los obispos locales y del sector conservador, el matrimonio homosexual, legal desde junio en todo EE UU.<\/p>\n<div id=\"sumario_1|foto\" class=\"izquierda\"><a style=\"color: #016ca2\" name=\"sumario_1\"><\/a><\/p>\n<div class=\"media\">\n<div class=\"foto figure\"><img loading=\"lazy\" decoding=\"async\" title=\"\" src=\"http:\/\/ep01.epimg.net\/internacional\/imagenes\/2015\/09\/24\/actualidad\/1443107064_296345_1443107542_sumario_normal.jpg\" alt=\"\" width=\"300\" height=\"394\" \/><\/p>\n<p class=\"figcaption estirar\" style=\"color: #888888\">El Papa en el Congreso. \/\u00a0<span class=\"firma\" style=\"color: #999999\">VINCENZO PINTO\u00a0(AFP)<\/span><\/p>\n<p class=\"figcaption estirar\" style=\"color: #888888\">\n<\/div>\n<\/div>\n<\/div>\n<p>\u201cA trav\u00e9s de ustedes\u201d, se dirigi\u00f3 el Papa a los congresistas, \u201cquisiera tener la oportunidad de dialogar con miles de hombres y mujeres que luchan cada d\u00eda para trabajar honradamente (\u2026), con tantos abuelos que atesoran la sabidur\u00eda forjada por los a\u00f1os e intentan de muchas maneras, especialmente a trav\u00e9s del voluntariado, compartir sus experiencias (\u2026), con todos esos j\u00f3venes que luchan por sus deseos nobles y altos, que no se dejan atomizar por las ofertas f\u00e1ciles, que saben enfrentar situaciones dif\u00edciles, fruto muchas veces de la inmadurez de los adultos\u201d.<\/p>\n<p>El papa Francisco se refiri\u00f3 tambi\u00e9n a la violencia provocada por el fundamentalismo religioso para pedir a los congresistas mucho tacto y mesura a la hora de luchar contra ella: \u201cCombatir la violencia perpetrada bajo el nombre de una religi\u00f3n, una ideolog\u00eda, o un sistema econ\u00f3mico y, al mismo tiempo, proteger la libertad de las religiones, de las ideas, de las personas requiere un delicado equilibrio en el que tenemos que trabajar. Y, por otra parte, puede generarse una tentaci\u00f3n a la que hemos de prestar especial atenci\u00f3n: el reduccionismo simplista que divide la realidad en buenos y malos; perm\u00edtanme usar la expresi\u00f3n en justos y pecadores. El mundo contempor\u00e1neo con sus heridas, que sangran en tantos hermanos nuestros, nos convoca a afrontar todas las polarizaciones que pretenden dividirlo en dos bandos. Sabemos que en el af\u00e1n de querer liberarnos del enemigo exterior podemos caer en la tentaci\u00f3n de ir alimentando el enemigo interior. Copiar el odio y la violencia del tirano y del asesino es la mejor manera de ocupar su lugar. A eso este pueblo dice: No\u201d.<\/p>\n<p>La imagen de Francisco dirigi\u00e9ndose al Congreso de Estados Unidos es un s\u00edmbolo poderoso del lugar central que el catolicismo ocupa en la sociedad y la pol\u00edtica estadounidense. No siempre fue as\u00ed. El Vaticano y EE UU no establecieron relaciones diplom\u00e1ticas hasta 1984, despu\u00e9s de un intervalo de 134 a\u00f1os. Hace 55 a\u00f1os, durante la campa\u00f1a presidencial de 1960, el candidato dem\u00f3crata, John F. Kennedy, que era cat\u00f3lico, tuvo que esforzarse para deshacer la sospecha de que gobernar\u00eda al dictado del Papa de Roma. Incluso personalidades como el reverendo Martin Luther King, que acab\u00f3 apoy\u00e1ndolo, cuestionaran por este motivo sus credenciales para ser presidente.<\/p>\n<p>\u201cCreo en una Am\u00e9rica que oficialmente no sea ni cat\u00f3lica, ni protestante ni jud\u00eda, en la que ning\u00fan funcionario p\u00fablico requiera ni acepte instrucciones sobre pol\u00edtica p\u00fablica del Papa, del Consejo Nacional de las Iglesias ni de ninguna otra fuente eclesial\u201d, dijo Kennedy en un discurso ante l\u00edderes religiosos en Houston. Entonces se dec\u00eda que un cat\u00f3lico \u2014religi\u00f3n asociada entonces a los inmigrantes irlandeses, italianos y centroeuropeos\u2014 no pod\u00eda ser presidente. El pron\u00f3stico se incumpli\u00f3 y Kennedy fue el primero, y hasta ahora el \u00fanico, presidente cat\u00f3lico.<\/p>\n<p>Estados Unidos se ha transformado. La hegemon\u00eda WASP (el acr\u00f3nimo ingl\u00e9s de los protestantes blancos y anglosajones) se ha diluido. En 2010, la retirada del juez del Tribunal Supremo John Paul Stevens y su sustituci\u00f3n por Elena Kagan, puso fin a una era. Por primera vez en la historia, el alto tribunal no ten\u00eda ning\u00fan juez protestante. Seis de los nueves jueces y un 31% de congresistas son hoy cat\u00f3licos, una proporci\u00f3n mayor al 20% que representan en la sociedad. Joe Biden es el primer vicepresidente cat\u00f3lico y 6 de los 15 candidatos a la nominaci\u00f3n del Partido Republicano para las elecciones presidenciales del 2016 tambi\u00e9n lo son. Francisco habl\u00f3 ante el Congreso invitado por otro cat\u00f3lico, el\u00a0<em>speaker<\/em>\u00a0o presidente de la C\u00e1mara de Representantes, el republicano John Boehner.<\/p>\n<\/div>\n<\/div>\n","protected":false},"excerpt":{"rendered":"<p>Francisco elabora un mensaje inc\u00f3modo en el que pide compasi\u00f3n con los inmigrantes, con una respuesta &#8220;humana, justa y fraterna&#8221;, atenci\u00f3n al planeta y la abolici\u00f3n de la pena de muerte<\/p>\n","protected":false},"author":5842,"featured_media":0,"comment_status":"open","ping_status":"open","sticky":false,"template":"","format":"standard","meta":{"footnotes":""},"categories":[24],"tags":[],"class_list":["post-463902","post","type-post","status-publish","format-standard","hentry","category-mundo"],"_links":{"self":[{"href":"https:\/\/diarioelpopular.com\/index.php\/wp-json\/wp\/v2\/posts\/463902","targetHints":{"allow":["GET"]}}],"collection":[{"href":"https:\/\/diarioelpopular.com\/index.php\/wp-json\/wp\/v2\/posts"}],"about":[{"href":"https:\/\/diarioelpopular.com\/index.php\/wp-json\/wp\/v2\/types\/post"}],"author":[{"embeddable":true,"href":"https:\/\/diarioelpopular.com\/index.php\/wp-json\/wp\/v2\/users\/5842"}],"replies":[{"embeddable":true,"href":"https:\/\/diarioelpopular.com\/index.php\/wp-json\/wp\/v2\/comments?post=463902"}],"version-history":[{"count":1,"href":"https:\/\/diarioelpopular.com\/index.php\/wp-json\/wp\/v2\/posts\/463902\/revisions"}],"predecessor-version":[{"id":463904,"href":"https:\/\/diarioelpopular.com\/index.php\/wp-json\/wp\/v2\/posts\/463902\/revisions\/463904"}],"wp:attachment":[{"href":"https:\/\/diarioelpopular.com\/index.php\/wp-json\/wp\/v2\/media?parent=463902"}],"wp:term":[{"taxonomy":"category","embeddable":true,"href":"https:\/\/diarioelpopular.com\/index.php\/wp-json\/wp\/v2\/categories?post=463902"},{"taxonomy":"post_tag","embeddable":true,"href":"https:\/\/diarioelpopular.com\/index.php\/wp-json\/wp\/v2\/tags?post=463902"}],"curies":[{"name":"wp","href":"https:\/\/api.w.org\/{rel}","templated":true}]}}