{"id":464017,"date":"2015-10-02T17:03:59","date_gmt":"2015-10-02T21:03:59","guid":{"rendered":"http:\/\/diarioelpopular.com\/?p=464017"},"modified":"2015-10-02T17:04:11","modified_gmt":"2015-10-02T21:04:11","slug":"la-investigacion-de-roseburg-se-centra-en-un-joven-solitario-e-inquietante","status":"publish","type":"post","link":"https:\/\/diarioelpopular.com\/index.php\/2015\/10\/02\/la-investigacion-de-roseburg-se-centra-en-un-joven-solitario-e-inquietante\/","title":{"rendered":"La investigaci\u00f3n de Roseburg se centra en un joven solitario e inquietante"},"content":{"rendered":"<p style=\"color: #333333\"><a href=\"https:\/\/diarioelpopular.com\/wp-content\/uploads\/2015\/10\/images.jpg\"><img loading=\"lazy\" decoding=\"async\" class=\"aligncenter size-full wp-image-464018\" src=\"https:\/\/diarioelpopular.com\/wp-content\/uploads\/2015\/10\/images.jpg\" alt=\"images\" width=\"297\" height=\"170\" \/><\/a>Pasaban siete horas desde el\u00a0<a style=\"color: #016ca2\" href=\"http:\/\/internacional.elpais.com\/internacional\/2015\/10\/02\/actualidad\/1443752825_664600.html\">tiroteo en un campus de Roseburg, Oreg\u00f3n<\/a>, cuando la polic\u00eda estatal revel\u00f3 la indentidad del supuesto asesino, y lo hizo sin decir su nombre. Fueron los medios locales y nacionales, citando agentes del sheriff, quienes dieron el nombre de Chris Harper Mercer, de 26 a\u00f1os, que falleci\u00f3 por disparos de la polic\u00eda, y vecino del cercano Winchester. Cuando sali\u00f3 a dar su \u00faltima rueda de prensa del d\u00eda, el sheriff se neg\u00f3 a decir el nombre del sospechoso. \u201cNo le dar\u00e9 la fama que probablemente buscaba con sus cobardes actos\u201d. Mientras sus agentes confirmaban la identidad, John Hanlin ped\u00eda a la prensa que no diera el nombre para \u201cno glorificarlo\u201d.<\/p>\n<p style=\"color: #333333\">Para entonces las especulaciones sobre la identidad y el m\u00f3vil del sospechoso estaban descontroladas. Sobre todo porque una testigo relat\u00f3 a los medios locales que el asesino, desde la puerta del aula, iba pidiendo a sus v\u00edctimas que se pusieran de pie y dijeran cu\u00e1l era su religi\u00f3n. Si dec\u00edan que eran cristianos, los ejecutaba.<\/p>\n<p style=\"color: #333333\">Algunos detalles permit\u00edan ya en la noche del jueves hacer un bosquejo de la vida de Mercer, aunque faltan las respuestas m\u00e1s importantes: c\u00f3mo consigui\u00f3 las armas y cu\u00e1l era el motivo por el que quer\u00eda atacar el campus universitario de Umpqua. Seg\u00fan CNN, llevaba un chaleco antibalas, tres armas cortas y una larga tipo AR15.<\/p>\n<p style=\"color: #333333\">Una vecina de la casa de Mercer lo describi\u00f3 como \u201crealmente antip\u00e1tico\u201d. La vecina asegura que \u201cse sentaba por las noches solo en el balc\u00f3n con una peque\u00f1a luz\u201d.<\/p>\n<p style=\"color: #333333\">Una hermanastra del sospechoso dijo a CBS en Los \u00c1ngeles que este hab\u00eda nacido en Reino Unido pero se mud\u00f3 de peque\u00f1o a EE UU cuando su padre se cas\u00f3 de nuevo. El padre del sospechoso vive en Tarzana, un pueblo del norte de Los \u00c1ngeles. Su padre, Ian Mercer, dijo a los medios en la puerta de su casa que estaba \u201cimpactado\u201d. \u201cEs todo lo que puedo decir\u201d.<\/p>\n<p style=\"color: #333333\">Por el momento, el rastreo de este hombre en Internet ha dado como resultado una p\u00e1gina de MySpace en la que aparece una foto posando con un arma y se le localiza en Torrance, California, donde vivi\u00f3 unos a\u00f1os. Existe otro perfil en una web de contactos llamada Spiritual Passions en la que aparece la misma persona y se declara heterosexual, \u201ct\u00edmido al principio\u201d, y \u201cconservador, republicano\u201d. En esa web dice que estudia en la universidad. La polic\u00eda asegur\u00f3 que no era un estudiante de UCC.<\/p>\n<p style=\"color: #333333\">Por \u00faltimo, los medios norteamericanos citan un blog en la web Kickass Torrents en el que supuestamente el mismo Mercer hace una reflexi\u00f3n sobre los tiroteos a ra\u00edz de un documental compartido sobre la matanza de Sandy Hook. Sobre el asesino Vester Flanagan, que el pasado 26 de agosto mat\u00f3 en directo en televisi\u00f3n a una reportera y a su camar\u00f3grafo en Virginia, dice: \u201cEs interesante, me doy cuenta de que hay mucha gente como \u00e9l que est\u00e1n solos y son desconocidos, pero entonces derraman un poco de sangre y el mundo entero sabe quienes son\u201d.<\/p>\n<p style=\"color: #333333\">Ninguna fuente oficial ha confirmado que estas fuentes sean de verdad del sospechoso muerto a tiros por la polic\u00eda el jueves por la ma\u00f1ana en Roseburg.<\/p>\n","protected":false},"excerpt":{"rendered":"<p>Chris Harper Mercer, de 26 a\u00f1os, viv\u00eda en un pueblo vecino y dej\u00f3 en las redes sociales rastro de su inter\u00e9s por las armas y los tiroteos<\/p>\n","protected":false},"author":5842,"featured_media":0,"comment_status":"open","ping_status":"open","sticky":false,"template":"","format":"standard","meta":{"footnotes":""},"categories":[24],"tags":[],"class_list":["post-464017","post","type-post","status-publish","format-standard","hentry","category-mundo"],"_links":{"self":[{"href":"https:\/\/diarioelpopular.com\/index.php\/wp-json\/wp\/v2\/posts\/464017","targetHints":{"allow":["GET"]}}],"collection":[{"href":"https:\/\/diarioelpopular.com\/index.php\/wp-json\/wp\/v2\/posts"}],"about":[{"href":"https:\/\/diarioelpopular.com\/index.php\/wp-json\/wp\/v2\/types\/post"}],"author":[{"embeddable":true,"href":"https:\/\/diarioelpopular.com\/index.php\/wp-json\/wp\/v2\/users\/5842"}],"replies":[{"embeddable":true,"href":"https:\/\/diarioelpopular.com\/index.php\/wp-json\/wp\/v2\/comments?post=464017"}],"version-history":[{"count":1,"href":"https:\/\/diarioelpopular.com\/index.php\/wp-json\/wp\/v2\/posts\/464017\/revisions"}],"predecessor-version":[{"id":464019,"href":"https:\/\/diarioelpopular.com\/index.php\/wp-json\/wp\/v2\/posts\/464017\/revisions\/464019"}],"wp:attachment":[{"href":"https:\/\/diarioelpopular.com\/index.php\/wp-json\/wp\/v2\/media?parent=464017"}],"wp:term":[{"taxonomy":"category","embeddable":true,"href":"https:\/\/diarioelpopular.com\/index.php\/wp-json\/wp\/v2\/categories?post=464017"},{"taxonomy":"post_tag","embeddable":true,"href":"https:\/\/diarioelpopular.com\/index.php\/wp-json\/wp\/v2\/tags?post=464017"}],"curies":[{"name":"wp","href":"https:\/\/api.w.org\/{rel}","templated":true}]}}