{"id":464454,"date":"2015-11-05T13:22:56","date_gmt":"2015-11-05T18:22:56","guid":{"rendered":"http:\/\/diarioelpopular.com\/?p=464454"},"modified":"2015-11-05T13:23:03","modified_gmt":"2015-11-05T18:23:03","slug":"algo-mas-que-palabras-264","status":"publish","type":"post","link":"https:\/\/diarioelpopular.com\/index.php\/2015\/11\/05\/algo-mas-que-palabras-264\/","title":{"rendered":"ALGO M\u00c1S QUE PALABRAS"},"content":{"rendered":"<p><strong><em>============================<\/em><\/strong><\/p>\n<p><strong><em>V\u00edctor Corcoba Herrero\/ Escritor<\/em><\/strong><\/p>\n<p><strong><em>corcoba@telefonica.net<\/em><\/strong><\/p>\n<p><strong>============================<\/strong><\/p>\n<p><strong>\u00a0\u00a0\u00a0\u00a0\u00a0\u00a0\u00a0\u00a0\u00a0\u00a0\u00a0 <\/strong><\/p>\n<p>El mundo cada d\u00eda tiene m\u00e1s seguidores de la mentira, empleados a fondo para cubrir el rostro de tantas falsedades, para borrar el rastro de tantos fingimientos, y de este modo parezca verdad lo que es hipocres\u00eda, disimulando las trampas y ocultando los prop\u00f3sitos. La incoherencia nos gobierna adoctrin\u00e1ndonos en la insensibilidad. Las v\u00edas de la ficci\u00f3n son tan largas como anchas, hasta el punto que nos dejan sin abecedario para poder expresar cu\u00e1n necesaria es la regeneraci\u00f3n de esta tribu. Por una parte, se pone de manifiesto un mayor reconocimiento de la necesidad de crear sociedades y econom\u00edas que sean ecol\u00f3gicas; y, en cambio, se olvida que entre las v\u00edctimas del aluvi\u00f3n de in\u00fatiles contiendas, est\u00e1 nuestro propio h\u00e1bitat, que es torturado como jam\u00e1s, cada vez que se queman los cultivos, que los bosques son talados, que los suelos son envenados o que los mismos pozos de agua se contaminen.<\/p>\n<p>&nbsp;<\/p>\n<p>Ciertamente, en esta mundanidad que soportamos, tenemos gran cosecha de farsantes revestidos de pregoneros, con promesas falsas que enga\u00f1an a la gente, que incitan al odio, a la rivalidad y a la rebeli\u00f3n. Son organizadores de levantamientos que parecen allanarnos el camino y lo que nos causan es un da\u00f1o irreparable en nuestro propio avance humano hacia el bien colectivo y la familiaridad como horizonte. Las escenas de personas comprimidas en un tren es un claro modelo de que los refugiados no son tratados como seres humanos, como parte de nuestra familia. Tantas veces se nos llena la boca de auxiliar a las sociedades de todos los continentes, a crear y participar conocimientos; y, sin embargo, la insolidaridad es manifiesta. No podemos ser solidarios, porque el mismo sistema productivo insta a un estilo ego\u00edsta y competitivo de vida. Si en lugar de pregonar tanto, nos don\u00e1semos m\u00e1s, s\u00ed cada uno hiciese lo que le corresponde, si todos pusi\u00e9semos en el centro a nuestro semejante y no al dinero, ver\u00edan como el compartir fraterno se volver\u00eda una realidad.<\/p>\n<p>&nbsp;<\/p>\n<p>Est\u00e1 visto, en consecuencia, que el mayor ferrocarril del mundo es el de las v\u00edas anchas y largas de la maldita mentira; el arsenal no puede estar m\u00e1s poblado, nos desborda con su retah\u00edla de peligros. Que se lo digan a los activistas de derechos humanos, que afrontan cada vez m\u00e1s riesgos en la medida que destapen la aut\u00e9ntica verdad, siendo en tantas ocasiones detenidos de manera arbitraria, torturados e incluso asesinados. No podemos silenciar lo que es evidente. La verdad se ha corrompido tanto con la doblez del ciudadano como con la pasividad o indiferencia ciudadana. Nos llena de tristeza, pues, que los ojos de un ni\u00f1o crezcan a la sombra de la soberbia y de la mentira. Crecer sin verdad es como entregar el alma a la necedad y arrogancia, pues suprimido el amor de la inocencia, el amor dentro de uno mismo, nuestra propia visi\u00f3n se convierte en odio al adversario, aunque sea de nuestro espec\u00edfico linaje.<\/p>\n<p>&nbsp;<\/p>\n<p>Para desdicha nuestra, cuando no se respeta ni el propio derecho natural, la posibilidad de buscar la verdad libremente, dentro de los l\u00edmites del orden moral y del bien colectivo, queda reducida a nada, ya que todo se somete e impone. As\u00ed, los ciudadanos de todo el planeta, son cada vez m\u00e1s conscientes de la ausencia de dignidades humanas m\u00e1s all\u00e1 de la letra impresa, advirtiendo retrocesos verdaderamente alarmantes, pues son muchos los ciudadanos que no pueden gozar de su criterio propio, y aunque ans\u00edan ser guiados por su conciencia del deber, en realidad son movidos por la coacci\u00f3n. La verdad no admite ambig\u00fcedades y es lo que es, aunque no se reconozca actualmente, en la medida que nos armoniza y nos sosiega. De ah\u00ed la importancia de hacer leyes tan justas como aut\u00e9nticas, o sea, directas en la defensa de las libertades fundamentales. En este sentido, un grupo de expertos de Naciones Unidas, acaba de advertir sobre la imprecisi\u00f3n de una nueva ley sobre terrorismo en Brasil. Es tan solo un ejemplo reciente, de las muchas contrariedades que a diario se nos sirven desde las bandejas del poder a la sociedad, y que suele caminar en detrimento de la defensa de los derechos de minor\u00edas, religiosos, laborales y pol\u00edticos, sabiendo que no hay mayor mentira que la verdad mal entendida.<\/p>\n<p>&nbsp;<\/p>\n<p><strong><em>V\u00edctor Corcoba Herrero\/ Escritor<\/em><\/strong><\/p>\n<p><strong><em><a href=\"mailto:corcoba@telefonica.net\">corcoba@telefonica.net<\/a><\/em><\/strong><\/p>\n<p><strong><em>4 de noviembre de 2015<\/em><\/strong><\/p>\n","protected":false},"excerpt":{"rendered":"<p>LAS V\u00cdAS ANCHAS Y LARGAS DE LA MENTIRA<\/p>\n","protected":false},"author":5842,"featured_media":0,"comment_status":"open","ping_status":"open","sticky":false,"template":"","format":"standard","meta":{"footnotes":""},"categories":[81],"tags":[],"class_list":["post-464454","post","type-post","status-publish","format-standard","hentry","category-columnistas"],"_links":{"self":[{"href":"https:\/\/diarioelpopular.com\/index.php\/wp-json\/wp\/v2\/posts\/464454","targetHints":{"allow":["GET"]}}],"collection":[{"href":"https:\/\/diarioelpopular.com\/index.php\/wp-json\/wp\/v2\/posts"}],"about":[{"href":"https:\/\/diarioelpopular.com\/index.php\/wp-json\/wp\/v2\/types\/post"}],"author":[{"embeddable":true,"href":"https:\/\/diarioelpopular.com\/index.php\/wp-json\/wp\/v2\/users\/5842"}],"replies":[{"embeddable":true,"href":"https:\/\/diarioelpopular.com\/index.php\/wp-json\/wp\/v2\/comments?post=464454"}],"version-history":[{"count":1,"href":"https:\/\/diarioelpopular.com\/index.php\/wp-json\/wp\/v2\/posts\/464454\/revisions"}],"predecessor-version":[{"id":464455,"href":"https:\/\/diarioelpopular.com\/index.php\/wp-json\/wp\/v2\/posts\/464454\/revisions\/464455"}],"wp:attachment":[{"href":"https:\/\/diarioelpopular.com\/index.php\/wp-json\/wp\/v2\/media?parent=464454"}],"wp:term":[{"taxonomy":"category","embeddable":true,"href":"https:\/\/diarioelpopular.com\/index.php\/wp-json\/wp\/v2\/categories?post=464454"},{"taxonomy":"post_tag","embeddable":true,"href":"https:\/\/diarioelpopular.com\/index.php\/wp-json\/wp\/v2\/tags?post=464454"}],"curies":[{"name":"wp","href":"https:\/\/api.w.org\/{rel}","templated":true}]}}