{"id":464456,"date":"2015-11-05T13:25:15","date_gmt":"2015-11-05T18:25:15","guid":{"rendered":"http:\/\/diarioelpopular.com\/?p=464456"},"modified":"2015-11-05T13:25:25","modified_gmt":"2015-11-05T18:25:25","slug":"la-juez-imputa-a-benzema-por-el-chantaje-sexual-a-valbuena","status":"publish","type":"post","link":"https:\/\/diarioelpopular.com\/index.php\/2015\/11\/05\/la-juez-imputa-a-benzema-por-el-chantaje-sexual-a-valbuena\/","title":{"rendered":"La juez imputa a Benzema por el chantaje sexual a Valbuena"},"content":{"rendered":"<p>&nbsp;<\/p>\n<div id=\"attachment_464457\" style=\"width: 570px\" class=\"wp-caption aligncenter\"><a href=\"https:\/\/diarioelpopular.com\/wp-content\/uploads\/2015\/11\/1446653128_587117_1446668821_noticia_normal.jpg\"><img loading=\"lazy\" decoding=\"async\" aria-describedby=\"caption-attachment-464457\" class=\"size-full wp-image-464457\" src=\"https:\/\/diarioelpopular.com\/wp-content\/uploads\/2015\/11\/1446653128_587117_1446668821_noticia_normal.jpg\" alt=\"La juez imputa a Benzema por el chantaje sexual a Valbuena.\" width=\"560\" height=\"369\" \/><\/a><p id=\"caption-attachment-464457\" class=\"wp-caption-text\">La juez imputa a Benzema por el chantaje sexual a Valbuena.<\/p><\/div>\n<p>La juez de Versalles que instruye el caso del delantero del Real Madrid\u00a0<a href=\"http:\/\/elpais.com\/tag\/karim_benzema\/a\/\">Karim Benzema<\/a>\u00a0ha decidido hoy mantener la imputaci\u00f3n de la fiscal\u00eda y ha impuesto al futbolista la prohibici\u00f3n de mantener contacto alguno con el jugador\u00a0<a href=\"http:\/\/elpais.com\/tag\/mathieu_valbuena\/a\/\">Mathieu Valbuena<\/a>, v\u00edctima, supuestamente, de un chantaje sexual. El madridista tampoco podr\u00e1 encontrarse con ninguno de los implicados en este esc\u00e1ndalo. La fiscal\u00eda le acusa de &#8220;complicidad en una tentativa de extorsi\u00f3n&#8221;, un delito penado con hasta cinco a\u00f1os de prisi\u00f3n. El futbolista, que podr\u00eda quedar inmediatamente excluido de los pr\u00f3ximos encuentros de la selecci\u00f3n francesa de f\u00fatbol, ha abandonado el Palacio de Justicia de Versalles en torno a la una de la tarde de este jueves y ha quedado bajo tutela judicial.<\/p>\n<p>Benzema, seg\u00fan ha informado AFP, ha reconocido a la polic\u00eda su implicaci\u00f3n en el chantaje sexual a Mathieu Valbuena, en el que el jugador del Olympique de Lyon \u2014compa\u00f1ero del madridista en la selecci\u00f3n de Francia\u2014 aparecer\u00eda manteniendo relaciones sexuales con una mujer y por el que le habr\u00edan reclamado 150.000 euros para evitar su difusi\u00f3n. Seg\u00fan fuentes pr\u00f3ximas a la investigaci\u00f3n, el ariete franc\u00e9s habr\u00eda reconocido que particip\u00f3 en la extorsi\u00f3n a Valbuena a petici\u00f3n de un amigo de la infancia, al que se acercaron tres individuos que pose\u00edan la cinta.<\/p>\n<p>Benzema ha declarado que &#8220;se puso de acuerdo&#8221; con ese amigo de la infancia &#8220;sobre lo que deb\u00eda decir&#8221;, para que Valbuena &#8220;negociase exclusivamente con \u00e9l&#8221;, ha se\u00f1alado esta fuente que indic\u00f3 que el atacante quer\u00eda hacer un favor a su amigo de la infancia sin pensar que iba a perjudicar al centrocampista del Lyon. Benzema habl\u00f3 del asunto con Valbuena durante una concentraci\u00f3n de la selecci\u00f3n francesa el pasado 5 de octubre. Seg\u00fan la televisi\u00f3n BFM TV, fue el propio Valbuena quien cont\u00f3 la conversaci\u00f3n con Benzema a los investigadores, al sentir que las palabras de su compa\u00f1ero de selecci\u00f3n ten\u00edan un tono &#8220;amenazante&#8221;.<\/p>\n<p><a href=\"http:\/\/deportes.elpais.com\/deportes\/2015\/11\/04\/actualidad\/1446627959_349338.html\">Durante su interrogatorio de este mi\u00e9rcoles<\/a>, el madridista reconoci\u00f3 haber tenido esa conversaci\u00f3n, pero precis\u00f3 que lo hizo simplemente para alertar a Valbuena. Ahora, la justicia sospecha que, adem\u00e1s, tambi\u00e9n le aconsej\u00f3 que no acudiese a la polic\u00eda. El abogado del jugador del Madrid, Sylvain Cormier, ha desmentido categ\u00f3ricamente que Benzema haya reconocido su participaci\u00f3n en el chantaje y se ha mostrado sorprendido por las informaciones difundidas hasta el momento. &#8220;Hay elementos interpretables&#8221;, ha explicado a las puertas del tribunal para explicar la imputaci\u00f3n fiscal, &#8220;pero Karim Benzema no ha tomado parte en ninguna tentativa de chantaje y va a demostrar su buena fe&#8221;. Benzema ha abandonado el juzgado de instrucci\u00f3n despu\u00e9s de 28 horas de interrogatorio policial y una vez que, a primera hora de la ma\u00f1ana, hab\u00eda sido puesto a disposici\u00f3n judicial.<\/p>\n<p>El amigo de la infancia de Benzema, arrestado el pasado lunes y considerado el enlace entre el madridista y los presuntos chantajistas, tambi\u00e9n comparecer\u00e1 en las pr\u00f3ximas horas ante la justicia.<\/p>\n<p>La tormenta judicial que pesa sobre Benzema es un varapalo an\u00edmico para la selecci\u00f3n francesa de f\u00fatbol, que este jueves ha hecho p\u00fablica la convocatoria para los pr\u00f3ximos partidos amistosos contra Alemania e Inglaterra, a jugar respectivamente el 13 y el 17 de noviembre, y de la que se han ca\u00eddo ambos futbolistas. Francia, adem\u00e1s, organizar\u00e1 el pr\u00f3ximo Europeo, que se disputa en junio del a\u00f1o que viene, y porque para Didier Deschamps, seleccionador galo, el nueve del Madrid es indiscutible en el equipo y la referencia ofensiva. La prohibici\u00f3n de contactar a Valbuena impide de hecho que ambos coincidan en el terreno de juego.<\/p>\n<p>&#8220;Valbuena no est\u00e1 participando tanto en el Lyon, pero sobre todo hay que entender que no est\u00e1 en las mejores condiciones psicol\u00f3gicas por todo lo que est\u00e1 sucediendo&#8221;, ha explicado Deschamps en una rueda de prensa. El seleccionador se ha referido tambi\u00e9n a Benzema ya a por qu\u00e9 ha renunciado a convocarlo para los dos pr\u00f3ximos amistosos. &#8220;Todav\u00eda no se ha recuperado de la lesi\u00f3n. Y con respecto a los asuntos extradeportivos, dejemos trabajar a la justicia&#8221;.<\/p>\n<h1>La \u2018ficha policial\u2019 de Benzema<\/h1>\n<p>La trayectoria judicial de\u00a0<a href=\"http:\/\/elpais.com\/tag\/karim_benzema\/a\/\">Karim Benzema<\/a>\u00a0comienza a alcanzar una magnitud superior a la de sus gestas deportivas. Desde su fichaje por el Real Madrid en 2009, el franc\u00e9s, de 27 a\u00f1os, se ha visto inmerso en multitud de incidentes con las autoridades policiales espa\u00f1olas y francesas, que si bien han sido de distinta \u00edndole (desde la prostituci\u00f3n de menores a las carreras de coches), s\u00ed demuestran que su vida fuera de los terrenos de juego le ha jugado m\u00e1s de una mala pasada. Una ecuaci\u00f3n que hasta el momento le ha llevado a visitar en numerosas ocasiones los juzgados de Madrid. Esta es la relaci\u00f3n de incidentes que acumula hasta el momento el delantero galo.<\/p>\n<h3>1 de diciembre de 2009<\/h3>\n<p><strong>Estrella su Audi Q7 contra una valla en Pozuelo (Madrid)<\/strong><\/p>\n<p>Su primer problema con el volante, al menos del que se tenga referencia en Espa\u00f1a, se remonta a 2009 cuando, reci\u00e9n aterrizado, estrell\u00f3 su Audi Q7 contra una valla en la localidad madrile\u00f1a de Pozuelo de Alarc\u00f3n. &#8220;Estoy muy bien, no ha pasado nada. No he tenido miedo, ni siquiera un susto\u201d, declar\u00f3 el jugador tras el accidente, de poca consideraci\u00f3n y que se resolvi\u00f3 con unas cuantas abolladuras en el veh\u00edculo. \u201cMenos mal que el coche se fue contra la valla porque si no hubiera ca\u00eddo a un estanque\u201d, confes\u00f3.<\/p>\n<h3>24 de diciembre de 2009<\/h3>\n<p><a href=\"http:\/\/deportes.elpais.com\/deportes\/2009\/12\/26\/actualidad\/1261815714_850215.html\">Sufre un accidente sin consecuencias en Isla Reuni\u00f3n (Francia)<\/a><\/p>\n<p>No hab\u00eda pasado un mes desde su percance en Pozuelo y Benzema volvi\u00f3 a protagonizar otro siniestro en la carretera. Seg\u00fan inform\u00f3 entonces el diario franc\u00e9s\u00a0<em>Le Parisien<\/em>, el jugador sufri\u00f3 un peque\u00f1o accidente de circulaci\u00f3n en la isla Reuni\u00f3n (Francia), situada al este de Madagascar, en pleno oc\u00e9ano \u00cdndico, cuando en la madrugada del mi\u00e9rcoles al jueves sal\u00eda de una discoteca donde festej\u00f3 su 22\u00ba cumplea\u00f1os.<\/p>\n<h3>10 de julio de 2010<\/h3>\n<p><a href=\"http:\/\/elpais.com\/diario\/2010\/04\/25\/agenda\/1272146402_850215.html\">Es imputado junto a Rib\u00e9ry por contratar a una prostituta menor de edad<\/a><\/p>\n<p>Seguramente el ocurrido hace cinco a\u00f1os haya sido el peor momento judicial vivido por Benzema en sus 27 a\u00f1os de vida. Junto a otros compa\u00f1eros de la selecci\u00f3n francesa como Franck Rib\u00e9ry, fue acusado, imputado y procesado por recurrir a los servicios de una prostituta menor de edad, de nombre Zahia. Despu\u00e9s de casi cuatro a\u00f1os de batalla judicial, y tras\u00a0la celebraci\u00f3n del juicio\u00a0sin la presencia de los jugadores, el tribunal correccional de Par\u00eds absolvi\u00f3 a ambos deportistas por considerar que desconoc\u00edan la edad de\u00a0la joven Zahia Dehar.<\/p>\n<h3>16 de junio de 2011<\/h3>\n<p><strong>Es multado por protagonizar carreras ilegales en el centro de Ibiza<\/strong><\/p>\n<p>Tras quedar absuelto por el juicio por prostituci\u00f3n en Francia, Benzema fue multado por la Polic\u00eda Local de Ibiza por conducci\u00f3n temeraria al protagonizar carreras ilegales en el centro de la isla. Tras ser interceptado por las autoridades policiales el jugador pag\u00f3 al contado la multa, de 250 euros. La carrera la llev\u00f3 a cabo al volante de un Porsche azul y otros dos veh\u00edculos m\u00e1s de alta cilindrada.<\/p>\n<h3>3 de febrero de 2013<\/h3>\n<p><a href=\"http:\/\/ccaa.elpais.com\/ccaa\/2013\/02\/27\/madrid\/1361997418_276295.html\">Un radar fotograf\u00eda su coche cuando circulaba a 214 kil\u00f3metros por hora<\/a><\/p>\n<p>Su afici\u00f3n por la velocidad volvi\u00f3 a jugarle una mala pasada dos a\u00f1os despu\u00e9s cuando de nuevo fue fotografiado por un radar de la polic\u00eda madrile\u00f1a superando los l\u00edmites de velocidad permitidos. En este caso, los hechos ocurrieron cerca de La Finca, la exclusiva urbanizaci\u00f3n donde residen otros famosos del deporte, cuando con su veh\u00edculo lleg\u00f3 a alcanzar los 216 kil\u00f3metros por hora en una zona limitada a 100. Benzema fue condenado tras un juicio r\u00e1pido a una multa de 18.000 euros y a la retirada del carn\u00e9 de conducir durante ocho meses por exceso de velocidad.<\/p>\n<h3>11 de mayo de 2015<\/h3>\n<p><strong>La Polic\u00eda Municipal lo detiene por conducir sin carn\u00e9<\/strong><\/p>\n<p>Sin embargo, no poseer un documento v\u00e1lido para conducir no detuvo al futbolista, que el pasado mes de mayo fue pillado por agentes de la Polic\u00eda Municipal conduciendo sin carn\u00e9. El jugador fue detenido en un control rutinario y no mostr\u00f3 ning\u00fan documento que acreditara su aptitud para llevar un veh\u00edculo, por lo que\u00a0su turismofue inmovilizado. Benzema ense\u00f1\u00f3 la documentaci\u00f3n del veh\u00edculo, pero no mostr\u00f3 nada que acreditara que pod\u00eda conducir. El acompa\u00f1ante de Benzema se hizo cargo del veh\u00edculo y ambos pudieron continuar su trayecto, despu\u00e9s de que los agentes le entregaran la documentaci\u00f3n como imputado por un delito contra la seguridad vial.<\/p>\n<h3>30 de octubre de 2015<\/h3>\n<p><a href=\"http:\/\/deportes.elpais.com\/deportes\/2015\/10\/30\/actualidad\/1446161653_248047.html\">Es pillado de nuevo sin el carn\u00e9 de conducir<\/a><\/p>\n<p>La polic\u00eda municipal de Madrid volvi\u00f3 a inmovilizar el coche de Benzema por conducir sin la documentaci\u00f3n necesaria. En esta ocasi\u00f3n fue detenido a la altura de la calle de Atocha 114, en el cruce con la calle del Marqu\u00e9s de Cota. El jugador pilotaba un Audi RS7 sin carn\u00e9 de conducir, puesto que se le hab\u00eda retirado anteriormente. El juicio r\u00e1pido contra el delantero galo tendr\u00e1 lugar el pr\u00f3ximo 23 de noviembre en los juzgados de Plaza de Castilla de Madrid.<\/p>\n","protected":false},"excerpt":{"rendered":"<p>La fiscal\u00eda de Versalles acusa al futbolista de complicidad en una tentativa de extorsi\u00f3n<\/p>\n","protected":false},"author":5842,"featured_media":0,"comment_status":"open","ping_status":"open","sticky":false,"template":"","format":"standard","meta":{"footnotes":""},"categories":[28,24],"tags":[],"class_list":["post-464456","post","type-post","status-publish","format-standard","hentry","category-deportes","category-mundo"],"_links":{"self":[{"href":"https:\/\/diarioelpopular.com\/index.php\/wp-json\/wp\/v2\/posts\/464456","targetHints":{"allow":["GET"]}}],"collection":[{"href":"https:\/\/diarioelpopular.com\/index.php\/wp-json\/wp\/v2\/posts"}],"about":[{"href":"https:\/\/diarioelpopular.com\/index.php\/wp-json\/wp\/v2\/types\/post"}],"author":[{"embeddable":true,"href":"https:\/\/diarioelpopular.com\/index.php\/wp-json\/wp\/v2\/users\/5842"}],"replies":[{"embeddable":true,"href":"https:\/\/diarioelpopular.com\/index.php\/wp-json\/wp\/v2\/comments?post=464456"}],"version-history":[{"count":1,"href":"https:\/\/diarioelpopular.com\/index.php\/wp-json\/wp\/v2\/posts\/464456\/revisions"}],"predecessor-version":[{"id":464458,"href":"https:\/\/diarioelpopular.com\/index.php\/wp-json\/wp\/v2\/posts\/464456\/revisions\/464458"}],"wp:attachment":[{"href":"https:\/\/diarioelpopular.com\/index.php\/wp-json\/wp\/v2\/media?parent=464456"}],"wp:term":[{"taxonomy":"category","embeddable":true,"href":"https:\/\/diarioelpopular.com\/index.php\/wp-json\/wp\/v2\/categories?post=464456"},{"taxonomy":"post_tag","embeddable":true,"href":"https:\/\/diarioelpopular.com\/index.php\/wp-json\/wp\/v2\/tags?post=464456"}],"curies":[{"name":"wp","href":"https:\/\/api.w.org\/{rel}","templated":true}]}}