{"id":464510,"date":"2015-11-09T21:36:11","date_gmt":"2015-11-10T02:36:11","guid":{"rendered":"http:\/\/diarioelpopular.com\/?p=464510"},"modified":"2015-11-09T21:36:28","modified_gmt":"2015-11-10T02:36:28","slug":"el-parlament-se-situa-fuera-de-la-ley","status":"publish","type":"post","link":"https:\/\/diarioelpopular.com\/index.php\/2015\/11\/09\/el-parlament-se-situa-fuera-de-la-ley\/","title":{"rendered":"El Parlament se sit\u00faa fuera de la ley"},"content":{"rendered":"<div id=\"attachment_464511\" style=\"width: 570px\" class=\"wp-caption aligncenter\"><a href=\"https:\/\/diarioelpopular.com\/wp-content\/uploads\/2015\/11\/1447098249_076066_1447099323_noticia_normal.jpg\"><img loading=\"lazy\" decoding=\"async\" aria-describedby=\"caption-attachment-464511\" class=\"size-full wp-image-464511\" src=\"https:\/\/diarioelpopular.com\/wp-content\/uploads\/2015\/11\/1447098249_076066_1447099323_noticia_normal.jpg\" alt=\"Una pantalla muestra en el Parlamento de Catalu\u00f1a el resultado de la votaci\u00f3n de la declaraci\u00f3n de independencia.\" width=\"560\" height=\"439\" \/><\/a><p id=\"caption-attachment-464511\" class=\"wp-caption-text\">Una pantalla muestra en el Parlamento de Catalu\u00f1a el resultado de la votaci\u00f3n de la declaraci\u00f3n de independencia.<\/p><\/div>\n<p style=\"color: #333333\">El Parlamento de Catalu\u00f1a ha traspasado este lunes una barrera in\u00e9dita desde que hay democracia y aprob\u00f3 por 72 votos frente a 63 la resoluci\u00f3n que proclama el inicio del proceso hacia la independencia, aboga por desobedecer a las instituciones espa\u00f1olas (empezando por el Tribunal Constitucional) e insta a la Generalitat a cumplir solo las leyes emanadas de la C\u00e1mara auton\u00f3mica.<\/p>\n<p style=\"color: #333333\">La votaci\u00f3n refleja la divisi\u00f3n que vive la sociedad catalana entre partidarios y detractores de la independencia y que ayer se traslad\u00f3 a un debate sin el acaloramiento de otras jornadas.\u00a0<a style=\"color: #016ca2\" href=\"http:\/\/elpais.com\/tag\/junts_pel_si\/a\/\">Junts pel S\u00ed<\/a>\u00a0y la CUP justificaron la propuesta en \u201cuna demanda social mayoritaria\u201d, legitimada por las\u00a0<a style=\"color: #016ca2\" href=\"http:\/\/elpais.com\/tag\/elecciones_catalanas\/a\/\">elecciones del 27 de septiembre<\/a>, mientras que los dem\u00e1s partidos niegan ese argumento y recuerdan que aquel d\u00eda perdieron el plebiscito.<\/p>\n<p style=\"color: #333333\">El debate parlamentario y la votaci\u00f3n de la resoluci\u00f3n secesionista estuvo exenta de la tensi\u00f3n dial\u00e9ctica que cab\u00eda imaginar, a la vista de las maniobras de la semana pasada. PP y Ciudadanos acudieron, sin \u00e9xito, al Tribunal Constitucional para reclamar la suspensi\u00f3n de la sesi\u00f3n y las fuerzas independentistas forzaron la interpretaci\u00f3n del reglamento de la C\u00e1mara para votar la resoluci\u00f3n cuanto antes.<\/p>\n<p style=\"color: #333333\">No se produjo ni una interrupci\u00f3n, en forma de abucheo o aplauso, a los portavoces de los diferentes grupos. Cada uno expuso sus argumentos ya conocidos, a favor y en contra de la independencia y de la resoluci\u00f3n. Tampoco hubo tr\u00e1nsfugas, a diferencia de lo que sucedi\u00f3 con la elecci\u00f3n de la presidenta de la C\u00e1mara, Carme Forcadell, que el 26 de octubre fue apoyada por cinco diputados de Catalunya s\u00ed que es Pot.<\/p>\n<p style=\"color: #333333\">Al debate y la votaci\u00f3n de ayer le falt\u00f3 el grado de \u00e9pica con el que el independentismo ha impregnado algunas jornadas desde que el presidente en funciones Artur Mas lanzase su \u00f3rdago hace ya tres a\u00f1os. En el exterior del Parlament hab\u00eda una pantalla gigante de televisi\u00f3n ante la previsible asistencia de miles de personas, pero apenas acudieron unas decenas de manifestantes de signo muy distinto, provistos de banderas espa\u00f1olas y\u00a0<em>estelades<\/em>. La divisi\u00f3n no deriv\u00f3 en ning\u00fan incidente.<\/p>\n<p style=\"color: #333333\">El interior del Parlament s\u00ed se convirti\u00f3 en un enjambre de c\u00e1maras de televisi\u00f3n y micr\u00f3fonos de radio por los que desfilaron todos los l\u00edderes pol\u00edticos. Y en el hemiciclo rein\u00f3 la frialdad en los gestos, con aplausos m\u00e1s que tibios o inexistentes de algunos consejeros del Gobierno catal\u00e1n tras la aprobaci\u00f3n de la resoluci\u00f3n.<\/p>\n<p style=\"color: #333333\">Fue un debate que apenas dur\u00f3 dos horas y en el que la nota de color la pusieron los diputados del PP, que desplegaron banderas catalanas y espa\u00f1olas mientras los diputados independentistas aplaud\u00edan el resultado de la votaci\u00f3n. De la tribuna de invitados tampoco surgieron gritos a favor de la independencia ni son\u00f3 el himno de Catalu\u00f1a (<em>Els segadors<\/em>) como otras veces.<\/p>\n<p style=\"color: #333333\">Los 11 parlamentarios de Catalunya s\u00ed que es Pot, por su parte, desplegaron cartulinas a favor de la celebraci\u00f3n de un refer\u00e9ndum sobre el futuro pol\u00edtico de Catalu\u00f1a. Eso es lo que defendi\u00f3 su portavoz, Joan Coscubiela, en otra resoluci\u00f3n que tambi\u00e9n debati\u00f3 la C\u00e1mara y que solo obtuvo el apoyo de su grupo. Los 10 diputados de la CUP se abstuvieron y todos los dem\u00e1s partidos votaron en contra.<\/p>\n<p style=\"color: #333333\">Junts pel S\u00ed y la CUP invocan en la resoluci\u00f3n que \u201cel mandato democr\u00e1tico\u201d recibido el 27 de septiembre justifica la ruptura de legalidad espa\u00f1ola porque lograron \u201cuna amplia mayor\u00eda en votos y en esca\u00f1os\u201d. La oposici\u00f3n coincide en pleno en que no existe tal vinculaci\u00f3n con el resultado de las urnas y recuerdan que los independentistas convirtieron las \u00faltimas elecciones en un plebiscito sobre la independencia y lo perdieron, pues las fuerzas secesionistas lograron el 47,8% de los votos.<\/p>\n<p style=\"color: #333333\">La resoluci\u00f3n est\u00e1 redactada en un lenguaje que nada tiene que ver con la moderaci\u00f3n que ha caracterizado a Converg\u00e8ncia Democr\u00e0tica desde su fundaci\u00f3n, hace ya 41 a\u00f1os. El texto parece una cesi\u00f3n de este partido y de Esquerra Republicana hacia la CUP con la intenci\u00f3n de que esta vote la investidura de Artur Mas, quien horas despu\u00e9s de aprobarse la resoluci\u00f3n ley\u00f3 su discurso de investidura.<\/p>\n<div id=\"sumario_2|video\" class=\"centro\" style=\"color: #333333\"><a style=\"color: #016ca2\" name=\"sumario_2\"><\/a><\/p>\n<div class=\"media\">\n<div class=\"foto figure\">\n<div id=\"VideoPlayer_001819374\" class=\"video_MPEP\">\n<div id=\"divimg_1447062560_615293_1447092335ep-2\" class=\"img_MPEP\"><a id=\"posicionador_1447062560_615293_1447092335ep-2\" class=\"posicionador\" style=\"color: #016ca2\" title=\"Ver v\u00eddeo\"><\/a><img loading=\"lazy\" decoding=\"async\" id=\"caratula_1447062560_615293_1447092335ep-2\" src=\"http:\/\/ep02.epimg.net\/ccaa\/videos\/2015\/11\/09\/catalunya\/1447062560_615293_55905400_fotograma_5.jpg\" alt=\"\" width=\"460\" height=\"258\" border=\"0\" \/><\/div>\n<\/div>\n<\/div>\n<\/div>\n<\/div>\n<p style=\"color: #333333\">El deseo de Junts pel S\u00ed de celebrar la votaci\u00f3n de manera apresurada y horas antes de la investidura se antoja como un intento de apuntalar a Mas, precisamente en el momento m\u00e1s delicado de su carrera pol\u00edtica. Pese al acuerdo visualizado en la votaci\u00f3n, la CUP insiste en que cumplir\u00e1 su reiterada promesa de no hacer presidente a Mas, por lo que si no se busca un candidato alternativo habr\u00e1 nuevas elecciones en marzo.<\/p>\n<p style=\"color: #333333\">La resoluci\u00f3n secesionista proclama sin reparos el inicio del \u201cproceso de desconexi\u00f3n democr\u00e1tica\u201d con Espa\u00f1a para lograr el \u201cempoderamiento\u201d de la ciudadan\u00eda, un sustantivo empleado por las fuerzas de la izquierda emergentes nacidas tras el 15-M. Por si quedase alguna duda de su intencionalidad, la resoluci\u00f3n insta al Gobierno catal\u00e1n a cumplir exclusivamente los acuerdos que surjan de la C\u00e1mara catalana. Es decir, se anuncia la desobediencia a las \u201cinstituciones del Estado espa\u00f1ol\u201d y la vulneraci\u00f3n de las leyes vigentes, y se se\u00f1ala directamente al Tribunal Constitucional, del que se dice que est\u00e1 \u201cdeslegitimado\u201d tras la sentencia del Estatuto de 2010.<\/p>\n<p style=\"color: #333333\">Para posibilitar la anunciada \u201cdesconexi\u00f3n\u201d de la legalidad espa\u00f1ola, la resoluci\u00f3n promete que en el plazo m\u00e1ximo de 30 d\u00edas se iniciar\u00e1 la tramitaci\u00f3n de las leyes que hagan factible ese proceso constituyente, as\u00ed como de la Seguridad Social y de Hacienda p\u00fablica. Eso significa que antes de que se celebren las elecciones generales, la C\u00e1mara habr\u00e1 seguido dando pasos hacia la secesi\u00f3n, pero para entonces el Tribunal Constitucional ya habr\u00e1 suspendido la resoluci\u00f3n y habr\u00e1 advertido al Parlament y a su presidenta de que no facilite ese proceso bajo el peligro de incurrir en desobediencia, como advirti\u00f3 la oposici\u00f3n.<\/p>\n<p style=\"color: #333333\">En el debate previo a la votaci\u00f3n, Ra\u00fcl Romeva, cabeza de lista de Junts pel S\u00ed en el 27 de septiembre, ha defendido es la\u00a0<a style=\"color: #016ca2\" href=\"http:\/\/ccaa.elpais.com\/ccaa\/2015\/11\/09\/catalunya\/1447025613_451379.html\" target=\"_blank\">propuesta de resoluci\u00f3n independentista<\/a>\u00a0porque se trata de una &#8220;demanda masiva&#8221; de la poblaci\u00f3n catalana. &#8220;Se cuente como se cuente, en votos o en esca\u00f1os, el resultado de las elecciones expresa una voluntad clara, incontestable&#8221;, ha dicho Romeva, para quien aquellos comicios fueron &#8220;el refer\u00e9ndum que no pudimos hacer&#8221;, por el veto del Gobierno espa\u00f1ol\u00a0<a style=\"color: #016ca2\" href=\"http:\/\/politica.elpais.com\/politica\/2014\/11\/09\/actualidad\/1415542400_466311.html\" target=\"_blank\">a la consulta que se acab\u00f3 celebrando hace hoy un a\u00f1o.<\/a><\/p>\n<p style=\"color: #333333\">Romeva, que se estrenaba como parlamentario, ha insistido en\u00a0<a style=\"color: #016ca2\" href=\"http:\/\/ccaa.elpais.com\/ccaa\/2015\/10\/02\/catalunya\/1443813081_080249.html\" target=\"_blank\">el tono social de la resoluci\u00f3n<\/a>\u00a0y en que resulta &#8220;imprescindible para empezar a trabajar ya&#8221; y &#8220;dar respuesta a las urgencias y los retos sociales&#8221; que tiene la sociedad catalana.\u00a0La rep\u00fablica catalana que se pretende crear a partir de la resoluci\u00f3n, ha insistido Romeva, asegurar\u00e1 la existencia de un Estado de derecho que ahora no se da, permitir\u00e1 luchar contra la corrupci\u00f3n y asegurar\u00e1 la separaci\u00f3n de poderes.<\/p>\n<p style=\"color: #333333\">El diputado de Junts pel S\u00ed ha advertido que\u00a0<a style=\"color: #016ca2\" href=\"http:\/\/politica.elpais.com\/politica\/2015\/11\/06\/actualidad\/1446835187_854957.html\" target=\"_blank\">el deseo de independencia no ser\u00e1 detenido por la &#8220;artiller\u00eda legalista&#8221;<\/a>, en alusi\u00f3n a la suspensi\u00f3n que aprobar\u00e1 el Tribunal Constitucional tras el recurso que presente el Gobierno. &#8220;Si no es hoy, ser\u00e1 ma\u00f1ana, ha llegado la hora de ir a por todas&#8221;, ha a\u00f1adido Romeva en tono solemne.<\/p>\n<p style=\"color: #333333\">Anna Gabriel, diputada de la CUP, se ha sumado tambi\u00e9n a la defensa de la resoluci\u00f3n asegurando que se trata de &#8220;<a style=\"color: #016ca2\" href=\"http:\/\/politica.elpais.com\/politica\/2015\/11\/06\/actualidad\/1446835187_854957.html\" target=\"_blank\">un acto de ruptura con la legalidad y la imposici\u00f3n espa\u00f1ola<\/a>&#8220;, pues &#8220;el Estado espa\u00f1ol no nos representa&#8221;. En la misma l\u00ednea que Romeva, la parlamentaria de la formaci\u00f3n anticapitalista ha cargado tambi\u00e9n contra el &#8220;fundamentalismo constitucionalista&#8221; y ha reivindicado la legitimidad democr\u00e1tica frente a la legalidad.<\/p>\n<h3 style=\"color: #222222\">Catalunya S\u00ed que es Pot<\/h3>\n<div id=\"sumario_3|video\" class=\"centro\" style=\"color: #333333\"><a style=\"color: #016ca2\" name=\"sumario_3\"><\/a><\/p>\n<div class=\"media\">\n<div class=\"foto figure\">\n<div id=\"VideoPlayer_892831040\" class=\"video_MPEP\">\n<div id=\"divimg_1447062560_615293_1447092383ep-3\" class=\"img_MPEP\"><a id=\"posicionador_1447062560_615293_1447092383ep-3\" class=\"posicionador\" style=\"color: #016ca2\" title=\"Ver v\u00eddeo\"><\/a><img loading=\"lazy\" decoding=\"async\" id=\"caratula_1447062560_615293_1447092383ep-3\" src=\"http:\/\/ep02.epimg.net\/ccaa\/videos\/2015\/11\/09\/catalunya\/1447062560_615293_20515900_fotograma_4.jpg\" alt=\"\" width=\"460\" height=\"258\" border=\"0\" \/><\/div>\n<\/div>\n<\/div>\n<\/div>\n<\/div>\n<p style=\"color: #333333\">Joan Coscubiela, portavoz de Catalunya S\u00ed que es Pot, ha presentado su propia propuesta de resoluci\u00f3n a favor de un refer\u00e9ndum que se ha debatido y se votar\u00e1 gracias a Junts pel S\u00ed. \u201cNo se puede construir nada sin dar la voz al pueblo de Catalu\u00f1a. Ese camino a\u00fan no lo hemos recorrido del todo\u201d, ha afirmado el diputado ecosocialista, que ha destacado que ese instrumento es el \u00fanico que tendr\u00e1 eficacia jur\u00eddica y pol\u00edtica.<\/p>\n<p style=\"color: #333333\">Su plan es que se pueda celebrar en 2016 y ha subrayado el respaldo que la votaci\u00f3n goza de la complicidad de Podemos, Izquierda Unida y Ayuntamientos del cambio. En una intervenci\u00f3n dur\u00edsima, Coscubiela ha afirmado que la legislatura no puede empezar peor al recordar los casos de corrupci\u00f3n que asuelan a Converg\u00e8ncia, ha acusado a Carme Forcadell de violentar el reglamento del Parlament y ha lamentado la &#8220;pol\u00edtica de b\u00fankeres&#8221;. A su juicio, el proceso nace viciado porque a su juicio el 27-S no arroj\u00f3 ning\u00fan mandato democr\u00e1tico. \u201cEsto es un enga\u00f1o que solo llevar\u00e1 a la frustraci\u00f3n salvo que piensen en choque de trenes. Es una fuga hacia delante\u201d, ha dicho el ecosocialista que ha incidido en la necesidad de afrontar la situaci\u00f3n de emergencia social antes que el debate de la resoluci\u00f3n. \u201cTienen todo el derecho a discutir su propuesta pero no a paralizar el gobierno en esta situaci\u00f3n de emergencia social\u201d, ha insistido.<\/p>\n<h3 style=\"color: #222222\">Ciudadanos<\/h3>\n<p style=\"color: #333333\">La l\u00edder de la oposici\u00f3n, In\u00e9s Arrimadas, ha calificado el plan de Junts pel S\u00ed y la CUP de \u201clocura\u201d\u00a0<a style=\"color: #016ca2\" href=\"http:\/\/ccaa.elpais.com\/ccaa\/2015\/10\/23\/catalunya\/1445629237_785668.html\" target=\"_blank\">por querer \u201csaltarse las leyes\u201d a su antojo<\/a>\u00a0adem\u00e1s de no tener ni siquiera la mayor\u00eda suficiente ni para reformar el Estatuto. \u201cEs el mayor desaf\u00edo a la democracia en los \u00faltimos 30 a\u00f1os\u201d, ha insistido.<\/p>\n<p style=\"color: #333333\">De forma meridiana, la diputada de Ciudadanos ha sostenido que los diputados de Converg\u00e8ncia se han convertido al independentismo para tapar los casos de corrupci\u00f3n. \u201c<a style=\"color: #016ca2\" href=\"http:\/\/ccaa.elpais.com\/ccaa\/2015\/10\/22\/catalunya\/1445514602_182037.html\" target=\"_blank\">Tienen ustedes 15 sedes embargadas por el 3% y a su tesorero en prisi\u00f3n y sin fianza<\/a>. \u00a1Qu\u00e9 curioso! No tiene nada que ver \u00bfno?\u201d, ha se\u00f1alado Arrimadas que ha centrado todo su discurso en criticar a Mas. \u201c\u00a1Que colonia tan extra\u00f1o somos en Catalu\u00f1a! Se han equivocado de siglo y de lugar. Estamos en la Uni\u00f3n Europea y en el siglo XXI\u201d, ha remarcado Arrimadas.<\/p>\n<h3 style=\"color: #222222\">PSC<\/h3>\n<p style=\"color: #333333\">Miquel Iceta, primer secretario del PSC, ha insistido en rebatir la idea de Junts pel S\u00ed y la CUP de que la independencia es un deseo mayritario entre kla poblaci\u00f3n catalana. &#8220;Se perdi\u00f3 el plebiscito el 27 de septiembre y el objetivo de la legislatura ha de ser otro&#8221; ha dicho el l\u00edder socialista, quien ha rebatido punto por punto el contenido de la resoluci\u00f3n.<\/p>\n<p style=\"color: #333333\">&#8220;Hablan de negociar despu\u00e9s de negar legitimidad a las instituciones espa\u00f1olas&#8221;, ha dicho Iceta, quien considera que la resoluci\u00f3n divide a los catalanes. &#8220;Y situar a las instituciones catalanas fuera de la ley es temerario y nos lleva a un desastre seguro que tendr\u00f1a unos costes temerarios&#8221;, ha insistido el l\u00edder socialista.<\/p>\n<p style=\"color: #333333\">Iceta ha reiterado que los impulsores de la resoluci\u00f3n &#8220;no tienen ning\u00fan mandato democr\u00e1tico para dar este paso&#8221; y ha insistido en que &#8220;nos piden que desconectemos del Estado de derecho pero est\u00e1n desconectando de la mayor\u00eda&#8221;.<\/p>\n<h3 style=\"color: #222222\">PP<\/h3>\n<h3 style=\"color: #222222\">Por su parte, el l\u00edder del PP Xavier Garc\u00eda Albiol, rebati\u00f3 la idea de Ra\u00fcl Romeva de que el deseo de independencia sea mayoritario en la sociedad catalana. &#8220;\u00bfDe verdad se creen que la mayor\u00eda de los catalanes apoya este camino?&#8221;, se ha preguntado el diputado durante su intervenci\u00f3n, en la que ha defendido una enmienda de modificaci\u00f3n a la propuesta de resoluci\u00f3n.En una intervenci\u00f3n realizada casi totalmente en castellano, Albiol ha recordado la aportaci\u00f3n de los inmigrantes en la construcci\u00f3n de Catalu\u00f1a y dirigi\u00e9ndose directamente a Mas, le ha advertido: &#8220;ni usted ni nadie nos va a expulsar de Espa\u00f1a&#8221;. El dirigente del PP ha insistido en que su partido &#8220;no va a permitir que nadie tenga que usar el pasaporte para salir de Catalu\u00f1a&#8221; y ha acabado su intervenci\u00f3n con vivas a Espa\u00f1a y a Catalu\u00f1a.<\/h3>\n<div id=\"sumario_4|despiece\" class=\"centro\" style=\"color: #333333\"><a style=\"color: #016ca2\" name=\"sumario_4\"><\/a><\/p>\n<div class=\"aside estirar\">\n<h2 style=\"color: #30302b\">\u201cComo depositario de la soberan\u00eda&#8230;\u201d<\/h2>\n<p style=\"color: #30302b\">El Parlamento de Catalu\u00f1a:<\/p>\n<p style=\"color: #30302b\"><strong>Primero.<\/strong>\u00a0Constata que el mandato democr\u00e1tico obtenido en las pasadas elecciones del 27 de septiembre de 2015 se basa en una mayor\u00eda de esca\u00f1os de las fuerzas parlamentarias con el objetivo de que Catalu\u00f1a se convierta en un Estado independiente y [en] una amplia mayor\u00eda soberanista en votos y esca\u00f1os que apuesta por la apertura de un proceso constituyente no subordinado.<\/p>\n<p style=\"color: #30302b\"><strong>Segundo.<\/strong>\u00a0Declara solemnemente el inicio del proceso de creaci\u00f3n del Estado catal\u00e1n independiente en forma de rep\u00fablica.<\/p>\n<p style=\"color: #30302b\"><strong>Tercero.<\/strong>\u00a0Proclama la apertura de un proceso constituyente ciudadano, participativo, abierto, integrador y activo con el fin de preparar las bases de la futura Constituci\u00f3n catalana.<\/p>\n<p style=\"color: #30302b\"><strong>Cuarto.<\/strong>\u00a0Insta al futuro Gobierno [catal\u00e1n] a adoptar las medidas necesarias para hacer efectivas estas declaraciones.<\/p>\n<p style=\"color: #30302b\"><strong>Quinto.<\/strong>\u00a0Considera pertinente iniciar en el plazo m\u00e1ximo de 30 d\u00edas la tramitaci\u00f3n de las leyes de proceso constituyente, de seguridad social y de hacienda p\u00fablica.<\/p>\n<p style=\"color: #30302b\"><strong>Sexto.<\/strong>\u00a0Como depositario de &lt;CJ4&gt;la soberan\u00eda y expresi\u00f3n del poder&lt;\/CJ&gt; constituyente, reitera que este Parlamento y el proceso de desconexi\u00f3n democr\u00e1tica no se supeditar\u00e1n a las decisiones de las instituciones del Estado espa\u00f1ol, en particular del Tribunal Constitucional, al que considera deslegitimado y sin competencia a ra\u00edz de la sentencia de junio de 2010 sobre el Estatuto de Autonom\u00eda [&#8230;].<\/p>\n<p style=\"color: #30302b\"><strong>S\u00e9ptimo.<\/strong>\u00a0Adoptar\u00e1 las medidas necesarias para abrir este proceso de desconexi\u00f3n democr\u00e1tica, masiva, sostenida y pac\u00edfica con el Estado espa\u00f1ol de manera tal que permita el empoderamiento de la ciudadan\u00eda a todos los niveles y en base a una participaci\u00f3n abierta, activa e integradora.<\/p>\n<p style=\"color: #30302b\"><strong>Octavo.<\/strong>\u00a0Insta al futuro Gobierno a cumplir exclusivamente aquellas normas o mandatos emanados de esta C\u00e1mara, leg\u00edtima y democr\u00e1tica, a fin de blindar los derechos fundamentales que puedan estar afectados por decisiones de las instituciones del Estado espa\u00f1ol.<\/p>\n<p style=\"color: #30302b\"><strong>Noveno.<\/strong>\u00a0Declara la voluntad de inicio de negociaciones para hacer efectivo el mandato democr\u00e1tico de creaci\u00f3n de un Estado catal\u00e1n independiente en forma de rep\u00fablica y, as\u00ed mismo, lo pone en conocimiento del Estado, de la UE y del conjunto de la comunidad internacional.<\/p>\n<\/div>\n<\/div>\n","protected":false},"excerpt":{"rendered":"<p>Junts pel S\u00ed y la CUP dicen que el 27-S legitima la resoluci\u00f3n y toda la oposici\u00f3n lo niega<\/p>\n","protected":false},"author":5842,"featured_media":0,"comment_status":"open","ping_status":"open","sticky":false,"template":"","format":"standard","meta":{"footnotes":""},"categories":[24],"tags":[],"class_list":["post-464510","post","type-post","status-publish","format-standard","hentry","category-mundo"],"_links":{"self":[{"href":"https:\/\/diarioelpopular.com\/index.php\/wp-json\/wp\/v2\/posts\/464510","targetHints":{"allow":["GET"]}}],"collection":[{"href":"https:\/\/diarioelpopular.com\/index.php\/wp-json\/wp\/v2\/posts"}],"about":[{"href":"https:\/\/diarioelpopular.com\/index.php\/wp-json\/wp\/v2\/types\/post"}],"author":[{"embeddable":true,"href":"https:\/\/diarioelpopular.com\/index.php\/wp-json\/wp\/v2\/users\/5842"}],"replies":[{"embeddable":true,"href":"https:\/\/diarioelpopular.com\/index.php\/wp-json\/wp\/v2\/comments?post=464510"}],"version-history":[{"count":1,"href":"https:\/\/diarioelpopular.com\/index.php\/wp-json\/wp\/v2\/posts\/464510\/revisions"}],"predecessor-version":[{"id":464512,"href":"https:\/\/diarioelpopular.com\/index.php\/wp-json\/wp\/v2\/posts\/464510\/revisions\/464512"}],"wp:attachment":[{"href":"https:\/\/diarioelpopular.com\/index.php\/wp-json\/wp\/v2\/media?parent=464510"}],"wp:term":[{"taxonomy":"category","embeddable":true,"href":"https:\/\/diarioelpopular.com\/index.php\/wp-json\/wp\/v2\/categories?post=464510"},{"taxonomy":"post_tag","embeddable":true,"href":"https:\/\/diarioelpopular.com\/index.php\/wp-json\/wp\/v2\/tags?post=464510"}],"curies":[{"name":"wp","href":"https:\/\/api.w.org\/{rel}","templated":true}]}}