{"id":464687,"date":"2015-11-20T00:05:19","date_gmt":"2015-11-20T05:05:19","guid":{"rendered":"http:\/\/diarioelpopular.com\/?p=464687"},"modified":"2015-11-19T22:37:01","modified_gmt":"2015-11-20T03:37:01","slug":"la-ministro-de-inmigracion-de-quebec-dice-a-los-alcaldes-controlar-sus-comentarios-sobre-los-refugiados","status":"publish","type":"post","link":"https:\/\/diarioelpopular.com\/index.php\/2015\/11\/20\/la-ministro-de-inmigracion-de-quebec-dice-a-los-alcaldes-controlar-sus-comentarios-sobre-los-refugiados\/","title":{"rendered":"La Ministro de Inmigraci\u00f3n de Quebec dice a los alcaldes controlar sus comentarios sobre los refugiados"},"content":{"rendered":"<div id=\"attachment_464688\" style=\"width: 570px\" class=\"wp-caption aligncenter\"><a href=\"https:\/\/diarioelpopular.com\/wp-content\/uploads\/2015\/11\/foto-1-breve-1-pagina-42.jpg\"><img loading=\"lazy\" decoding=\"async\" aria-describedby=\"caption-attachment-464688\" class=\"size-large wp-image-464688\" src=\"https:\/\/diarioelpopular.com\/wp-content\/uploads\/2015\/11\/foto-1-breve-1-pagina-42-560x315.jpg\" alt=\"La ministro de Inmigraci\u00f3n en Quebec, Kathleen Weil est\u00e1 esperando datos del gobierno para anunciar el numero total de refugiados que llegaran a la provincia.\" width=\"560\" height=\"315\" \/><\/a><p id=\"caption-attachment-464688\" class=\"wp-caption-text\">La ministro de Inmigraci\u00f3n en Quebec, Kathleen Weil est\u00e1 esperando datos del gobierno para anunciar el numero total de refugiados que llegaran a la provincia.<\/p><\/div>\n<p><strong><em>QUEBEC.-<\/em><\/strong> La ministro de Inmigraci\u00f3n est\u00e1 recordando a los alcaldes que tienen mucho queatender y preocuparse sobre la llegada de refugiados sirios y que deben prestar atenci\u00f3n al tono de sus comentarios.<\/p>\n<p>Kathleen Weil estaba reaccionando a los comentarios hechos por el alcalde de la ciudad de Quebec, R\u00e9gis Labeaume.<\/p>\n<p>R\u00e9gis Labeaume, dijo que preferir\u00eda dar la bienvenida a las familias y los hu\u00e9rfanos, ya que dan &#8220;menos miedo a la gente que los hombres de 20 a\u00f1os de edad.&#8221;<\/p>\n<p>Weil dice que es importante recordar que estos refugiados est\u00e1n huyendo.<\/p>\n<p>&#8220;Son personas vulnerables que queremos saludar y establecer aqu\u00ed en Quebec&#8221;, dijo Weil.<\/p>\n<p>Quebec ya se ha comprometido a traer a 3.600 refugiados, un n\u00famero que podr\u00eda saltar a 5700 cuando el gobierno federal finalmente libere su plan.<\/p>\n<p>Quebec&#8217;s premier , dice que est\u00e1 a la espera de obtener los detalles en cuesti\u00f3n de d\u00edas para Ottawa, en el objetivo de traer 25.000 a Canad\u00e1 antes de que finalice el a\u00f1o.<\/p>\n","protected":false},"excerpt":{"rendered":"<p>La ministro de Inmigraci\u00f3n est\u00e1 recordando a los alcaldes que tienen mucho queatender y preocuparse sobre la llegada de refugiados sirios.<\/p>\n","protected":false},"author":5842,"featured_media":0,"comment_status":"open","ping_status":"open","sticky":false,"template":"","format":"standard","meta":{"footnotes":""},"categories":[21],"tags":[],"class_list":["post-464687","post","type-post","status-publish","format-standard","hentry","category-canada"],"_links":{"self":[{"href":"https:\/\/diarioelpopular.com\/index.php\/wp-json\/wp\/v2\/posts\/464687","targetHints":{"allow":["GET"]}}],"collection":[{"href":"https:\/\/diarioelpopular.com\/index.php\/wp-json\/wp\/v2\/posts"}],"about":[{"href":"https:\/\/diarioelpopular.com\/index.php\/wp-json\/wp\/v2\/types\/post"}],"author":[{"embeddable":true,"href":"https:\/\/diarioelpopular.com\/index.php\/wp-json\/wp\/v2\/users\/5842"}],"replies":[{"embeddable":true,"href":"https:\/\/diarioelpopular.com\/index.php\/wp-json\/wp\/v2\/comments?post=464687"}],"version-history":[{"count":1,"href":"https:\/\/diarioelpopular.com\/index.php\/wp-json\/wp\/v2\/posts\/464687\/revisions"}],"predecessor-version":[{"id":464689,"href":"https:\/\/diarioelpopular.com\/index.php\/wp-json\/wp\/v2\/posts\/464687\/revisions\/464689"}],"wp:attachment":[{"href":"https:\/\/diarioelpopular.com\/index.php\/wp-json\/wp\/v2\/media?parent=464687"}],"wp:term":[{"taxonomy":"category","embeddable":true,"href":"https:\/\/diarioelpopular.com\/index.php\/wp-json\/wp\/v2\/categories?post=464687"},{"taxonomy":"post_tag","embeddable":true,"href":"https:\/\/diarioelpopular.com\/index.php\/wp-json\/wp\/v2\/tags?post=464687"}],"curies":[{"name":"wp","href":"https:\/\/api.w.org\/{rel}","templated":true}]}}