{"id":464694,"date":"2015-11-21T00:03:45","date_gmt":"2015-11-21T05:03:45","guid":{"rendered":"http:\/\/diarioelpopular.com\/?p=464694"},"modified":"2015-11-19T22:43:16","modified_gmt":"2015-11-20T03:43:16","slug":"alcaldes-hablan-sobre-refugiados-sirios","status":"publish","type":"post","link":"https:\/\/diarioelpopular.com\/index.php\/2015\/11\/21\/alcaldes-hablan-sobre-refugiados-sirios\/","title":{"rendered":"Alcaldes hablan sobre refugiados sirios"},"content":{"rendered":"<div id=\"attachment_464695\" style=\"width: 570px\" class=\"wp-caption aligncenter\"><a href=\"https:\/\/diarioelpopular.com\/wp-content\/uploads\/2015\/11\/foto-1-breve-3-pagina-41.jpg\"><img loading=\"lazy\" decoding=\"async\" aria-describedby=\"caption-attachment-464695\" class=\"size-large wp-image-464695\" src=\"https:\/\/diarioelpopular.com\/wp-content\/uploads\/2015\/11\/foto-1-breve-3-pagina-41-560x315.jpg\" alt=\"Quebec podr\u00eda tener hasta 5700 refugiados.\" width=\"560\" height=\"315\" \/><\/a><p id=\"caption-attachment-464695\" class=\"wp-caption-text\">Quebec podr\u00eda tener hasta 5700 refugiados.<\/p><\/div>\n<p><strong><em>QUEBEC.-<\/em><\/strong> Un grupo de alcaldes de Quebec participaron en una conferencia telef\u00f3nica de emergencia esta semana para hablar sobre los retos de aceptar refugiados sirios.<br \/>\nLos alcaldes, entre ellos los alcaldes de Montreal y Laval, tambi\u00e9n han formado un comit\u00e9 para ayudar a organizar los esfuerzos para recibir a los refugiados sirios a la provincia.<\/p>\n<p>Quebec ya se ha comprometido a traer a 3.600 refugiados, un n\u00famero que podr\u00eda saltar a 5700 cuando el gobierno federal finalmente libera su plan.<\/p>\n<p>Se espera que los trece municipios para acoger a los refugiados en los pr\u00f3ximos meses.<\/p>\n<p>Sin embargo, el grupo convino en que es necesario que haya una mejor comunicaci\u00f3n entre todos los niveles de gobierno a fin de lograr con \u00e9xito m\u00e1s de los refugiados sirios.<\/p>\n<p>&#8220;Tenemos que estar seguros de que estamos listos&#8221;, dijo el alcalde de Longueuil Caroline St-Hilaire.<\/p>\n<p>En la ciudad de Quebec, CFB Valcartier, est\u00e1 preparando para aceptar refugiados sirios como parte del plan de la ciudad para aceptar 200 familias.<\/p>\n<p>La base militar ha notificado a varios militares a abandonar sus alojamientos para dar cabida a los reci\u00e9n llegados.<\/p>\n<p>Quebec ya se ha comprometido a traer a 3.600 refugiados, un n\u00famero que podr\u00eda saltar a 5700 cuando el gobierno federal finalmente libera su plan.<\/p>\n","protected":false},"excerpt":{"rendered":"<p>QUEBEC.- Un grupo de alcaldes de Quebec participaron en una conferencia telef\u00f3nica de emergencia esta semana para hablar sobre los retos de aceptar refugiados sirios.&hellip;<\/p>\n","protected":false},"author":5842,"featured_media":0,"comment_status":"open","ping_status":"open","sticky":false,"template":"","format":"standard","meta":{"footnotes":""},"categories":[21],"tags":[],"class_list":["post-464694","post","type-post","status-publish","format-standard","hentry","category-canada"],"_links":{"self":[{"href":"https:\/\/diarioelpopular.com\/index.php\/wp-json\/wp\/v2\/posts\/464694","targetHints":{"allow":["GET"]}}],"collection":[{"href":"https:\/\/diarioelpopular.com\/index.php\/wp-json\/wp\/v2\/posts"}],"about":[{"href":"https:\/\/diarioelpopular.com\/index.php\/wp-json\/wp\/v2\/types\/post"}],"author":[{"embeddable":true,"href":"https:\/\/diarioelpopular.com\/index.php\/wp-json\/wp\/v2\/users\/5842"}],"replies":[{"embeddable":true,"href":"https:\/\/diarioelpopular.com\/index.php\/wp-json\/wp\/v2\/comments?post=464694"}],"version-history":[{"count":1,"href":"https:\/\/diarioelpopular.com\/index.php\/wp-json\/wp\/v2\/posts\/464694\/revisions"}],"predecessor-version":[{"id":464696,"href":"https:\/\/diarioelpopular.com\/index.php\/wp-json\/wp\/v2\/posts\/464694\/revisions\/464696"}],"wp:attachment":[{"href":"https:\/\/diarioelpopular.com\/index.php\/wp-json\/wp\/v2\/media?parent=464694"}],"wp:term":[{"taxonomy":"category","embeddable":true,"href":"https:\/\/diarioelpopular.com\/index.php\/wp-json\/wp\/v2\/categories?post=464694"},{"taxonomy":"post_tag","embeddable":true,"href":"https:\/\/diarioelpopular.com\/index.php\/wp-json\/wp\/v2\/tags?post=464694"}],"curies":[{"name":"wp","href":"https:\/\/api.w.org\/{rel}","templated":true}]}}