{"id":464701,"date":"2015-11-19T22:51:50","date_gmt":"2015-11-20T03:51:50","guid":{"rendered":"http:\/\/diarioelpopular.com\/?p=464701"},"modified":"2015-11-19T22:51:59","modified_gmt":"2015-11-20T03:51:59","slug":"los-grammy-latinos-premian-a-la-memoria-de-paco-de-lucia","status":"publish","type":"post","link":"https:\/\/diarioelpopular.com\/index.php\/2015\/11\/19\/los-grammy-latinos-premian-a-la-memoria-de-paco-de-lucia\/","title":{"rendered":"Los Grammy Latinos premian a la memoria de Paco de Luc\u00eda"},"content":{"rendered":"<div class=\"columna_texto\">\n<div id=\"cuerpo_noticia\" class=\"cuerpo_noticia\" style=\"color: #333333\">\n<div id=\"attachment_464702\" style=\"width: 570px\" class=\"wp-caption aligncenter\"><a href=\"https:\/\/diarioelpopular.com\/wp-content\/uploads\/2015\/11\/1447978096_594626_1447978281_noticia_normal.jpg\"><img loading=\"lazy\" decoding=\"async\" aria-describedby=\"caption-attachment-464702\" class=\"size-full wp-image-464702\" src=\"https:\/\/diarioelpopular.com\/wp-content\/uploads\/2015\/11\/1447978096_594626_1447978281_noticia_normal.jpg\" alt=\"Paco de Luc\u00eda, en una actuaci\u00f3n en 2010. \" width=\"560\" height=\"309\" \/><\/a><p id=\"caption-attachment-464702\" class=\"wp-caption-text\">Paco de Luc\u00eda, en una actuaci\u00f3n en 2010.<\/p><\/div>\n<p>El disco &#8216;Entre 20 aguas&#8217;, de homenaje al guitarrista espa\u00f1ol\u00a0<a style=\"color: #016ca2\" href=\"http:\/\/elpais.com\/tag\/paco_de_lucia\/a\/\" target=\"_blank\">Paco de Luc\u00eda,<\/a>\u00a0ha ganado este jueves el Grammy Latino al Mejor \u00c1lbum de M\u00fasica Flamenca en la 16 edici\u00f3n de los premios, que se celebra en Las Vegas (EE UU).<\/p>\n<p>Producido por Javier Lim\u00f3n y editado por El Pa\u00eds, Universal y Prisa Radio, el \u00e1lbum incluye diecis\u00e9is versiones de la conocida canci\u00f3n del artista gaditano &#8216;Entre dos aguas&#8217;.<\/p>\n<p>El t\u00edtulo hace referencia a los veinte m\u00fasicos que participaron en el trabajo, entre los que destacan Alejandro Sanz, Chucho Vald\u00e9s, Raimundo Amador y Jos\u00e9 Merc\u00e9.<\/p>\n<div id=\"DvidInText\" class=\"stvidInText\"><\/div>\n<p>En la misma categor\u00eda optaban al premio otros cuatro artistas espa\u00f1oles, a saber: Estrella Morente y Ni\u00f1o Josele, por el disco &#8216;Amar en paz&#8217;; Miguel Poveda, por &#8216;Sonetos y poemas para la libertad&#8217;; y Mar\u00eda Toledo, por el \u00e1lbum &#8216;Consentido&#8217;.<\/p>\n<p>Junto a ellos, Joselito Acedo y Argentina completaron la lista de seis nominados.<\/p>\n<p>Considerado como una de las leyendas de la m\u00fasica flamenca, Paco de Luc\u00eda falleci\u00f3 en febrero de 2014 de un ataque al coraz\u00f3n en M\u00e9xico.<\/p>\n<\/div>\n<\/div>\n","protected":false},"excerpt":{"rendered":"<p>Los Grammy Latinos premian a la memoria de Paco de Luc\u00eda<\/p>\n","protected":false},"author":5842,"featured_media":0,"comment_status":"open","ping_status":"open","sticky":false,"template":"","format":"standard","meta":{"footnotes":""},"categories":[2482,24],"tags":[],"class_list":["post-464701","post","type-post","status-publish","format-standard","hentry","category-espectaculo","category-mundo"],"_links":{"self":[{"href":"https:\/\/diarioelpopular.com\/index.php\/wp-json\/wp\/v2\/posts\/464701","targetHints":{"allow":["GET"]}}],"collection":[{"href":"https:\/\/diarioelpopular.com\/index.php\/wp-json\/wp\/v2\/posts"}],"about":[{"href":"https:\/\/diarioelpopular.com\/index.php\/wp-json\/wp\/v2\/types\/post"}],"author":[{"embeddable":true,"href":"https:\/\/diarioelpopular.com\/index.php\/wp-json\/wp\/v2\/users\/5842"}],"replies":[{"embeddable":true,"href":"https:\/\/diarioelpopular.com\/index.php\/wp-json\/wp\/v2\/comments?post=464701"}],"version-history":[{"count":1,"href":"https:\/\/diarioelpopular.com\/index.php\/wp-json\/wp\/v2\/posts\/464701\/revisions"}],"predecessor-version":[{"id":464703,"href":"https:\/\/diarioelpopular.com\/index.php\/wp-json\/wp\/v2\/posts\/464701\/revisions\/464703"}],"wp:attachment":[{"href":"https:\/\/diarioelpopular.com\/index.php\/wp-json\/wp\/v2\/media?parent=464701"}],"wp:term":[{"taxonomy":"category","embeddable":true,"href":"https:\/\/diarioelpopular.com\/index.php\/wp-json\/wp\/v2\/categories?post=464701"},{"taxonomy":"post_tag","embeddable":true,"href":"https:\/\/diarioelpopular.com\/index.php\/wp-json\/wp\/v2\/tags?post=464701"}],"curies":[{"name":"wp","href":"https:\/\/api.w.org\/{rel}","templated":true}]}}