{"id":464707,"date":"2015-11-19T22:59:45","date_gmt":"2015-11-20T03:59:45","guid":{"rendered":"http:\/\/diarioelpopular.com\/?p=464707"},"modified":"2015-11-19T22:59:55","modified_gmt":"2015-11-20T03:59:55","slug":"muere-el-costarricense-que-defendia-a-las-mujeres-del-acoso-callejero","status":"publish","type":"post","link":"https:\/\/diarioelpopular.com\/index.php\/2015\/11\/19\/muere-el-costarricense-que-defendia-a-las-mujeres-del-acoso-callejero\/","title":{"rendered":"Muere el costarricense que defend\u00eda a las mujeres del acoso callejero"},"content":{"rendered":"<div id=\"attachment_464708\" style=\"width: 570px\" class=\"wp-caption aligncenter\"><a href=\"https:\/\/diarioelpopular.com\/wp-content\/uploads\/2015\/11\/1447986067_929675_1447987968_noticia_normal.jpg\"><img loading=\"lazy\" decoding=\"async\" aria-describedby=\"caption-attachment-464708\" class=\"size-full wp-image-464708\" src=\"https:\/\/diarioelpopular.com\/wp-content\/uploads\/2015\/11\/1447986067_929675_1447987968_noticia_normal.jpg\" alt=\"El activista fallecido Gerardo Cruz Barquero.\" width=\"560\" height=\"397\" \/><\/a><p id=\"caption-attachment-464708\" class=\"wp-caption-text\">El activista fallecido Gerardo Cruz Barquero.<\/p><\/div>\n<p style=\"color: #333333\">El joven que se hab\u00eda convertido en h\u00e9roe de la denuncia contra el acoso callejero en Costa Rica muri\u00f3 esta noche, 43 d\u00edas despu\u00e9s de haber sido\u00a0<a style=\"color: #016ca2\" href=\"http:\/\/internacional.elpais.com\/internacional\/2015\/10\/11\/actualidad\/1444576936_671200.html\" target=\"_blank\">apu\u00f1alado en circunstancias inciertas<\/a>\u00a0para las autoridades.<\/p>\n<p style=\"color: #333333\">Gerardo Cruz Barquero falleci\u00f3 por secuelas de las heridas sufridas con un cuchillo por un desconocido en su barrio, en una zona marginal de San Jos\u00e9, sin que le robaran nada y sin mayores explicaciones. Esto hizo que se sospechara este ataque fuese una venganza por haber publicado en redes sociales el video de un hombre que iba por el principal bulevar capitalino grabando con su m\u00f3vil la entrepierna de una mujer en falda corta.<\/p>\n<p style=\"color: #333333\">La muerte de Gerardo, como acab\u00f3 conoci\u00e9ndosele en Costa Rica, sobrevino al anochecer de este jueves, confirm\u00f3 su madre a los medios de comunicaci\u00f3n locales. \u00c9l sufr\u00eda lesiones cerebrales y hab\u00eda presentado alguna mejor\u00eda. El 28 de octubre abri\u00f3 los ojos y dio esperanzas de recuperaci\u00f3n, pero no resultaron suficientes. Gerardo pas\u00f3 de h\u00e9roe a m\u00e1rtir en la visibilizaci\u00f3n del acoso sexual que a diario sufren las mujeres en la calle.<\/p>\n<p style=\"color: #333333\">El joven, padre de una ni\u00f1a de cinco a\u00f1os y de un beb\u00e9 a\u00fan en gestaci\u00f3n, estaba internado en el hospital capitalino Rafael Calder\u00f3n Guardia, a donde decenas de particulares y representantes de colectivos activistas hab\u00edan llegado a manifestar su solidaridad. Rosas, mensajes y otros s\u00edmbolos quedaron en uno de los costados del centro m\u00e9dico, a donde tambi\u00e9n acudieron personalidades como el embajador de Estados Unidos, Fitzgerald Haney.<\/p>\n<p style=\"color: #333333\">El hombre acusado de acosar a la mujer en falda, un funcionario de Gobierno apellidado Uma\u00f1a, declar\u00f3 semanas atr\u00e1s que nunca us\u00f3 su m\u00f3vil para captar la entrepierna de ella, aunque pidi\u00f3 disculpas por lo que consider\u00f3 \u201cun error\u201d. Tambi\u00e9n rechaz\u00f3 tener responsabilidad alguna en la agresi\u00f3n que sufri\u00f3 Gerardo cuando caminaba cerca de su casa en la colonia Kennedy, en San Sebasti\u00e1n, una zona insegura al sur de San Jos\u00e9. Uma\u00f1a dijo incluso que oraba por la salud del joven. \u201cEsto se sobredimension\u00f3\u201d, alegaba ante la prensa.<\/p>\n<p style=\"color: #333333\">Para otros sectores, este caso fue \u00fatil para visibilizar un problema cotidiano y enquistado en la sociedad machista. En Costa rica se registran cerca de 5.000 denuncias de este tipo por a\u00f1o, aunque quiz\u00e1s las cifras aumenten ahora que Gerardo activ\u00f3 el tema. \u201cMuri\u00f3 un defensor de los derechos de las mujeres, Gerardo Cruz. Paz a sus restos y fortaleza para toda su familia\u201d, ha publicado el Instituto Nacional de las Mujeres (Inamu) en Twitter.<\/p>\n","protected":false},"excerpt":{"rendered":"<p>Gerardo Cruz fue apu\u00f1alado hace mes y medio en el barrio donde viv\u00eda en San Jos\u00e9<\/p>\n","protected":false},"author":5842,"featured_media":0,"comment_status":"open","ping_status":"open","sticky":false,"template":"","format":"standard","meta":{"footnotes":""},"categories":[23],"tags":[],"class_list":["post-464707","post","type-post","status-publish","format-standard","hentry","category-latinoamerica"],"_links":{"self":[{"href":"https:\/\/diarioelpopular.com\/index.php\/wp-json\/wp\/v2\/posts\/464707","targetHints":{"allow":["GET"]}}],"collection":[{"href":"https:\/\/diarioelpopular.com\/index.php\/wp-json\/wp\/v2\/posts"}],"about":[{"href":"https:\/\/diarioelpopular.com\/index.php\/wp-json\/wp\/v2\/types\/post"}],"author":[{"embeddable":true,"href":"https:\/\/diarioelpopular.com\/index.php\/wp-json\/wp\/v2\/users\/5842"}],"replies":[{"embeddable":true,"href":"https:\/\/diarioelpopular.com\/index.php\/wp-json\/wp\/v2\/comments?post=464707"}],"version-history":[{"count":1,"href":"https:\/\/diarioelpopular.com\/index.php\/wp-json\/wp\/v2\/posts\/464707\/revisions"}],"predecessor-version":[{"id":464709,"href":"https:\/\/diarioelpopular.com\/index.php\/wp-json\/wp\/v2\/posts\/464707\/revisions\/464709"}],"wp:attachment":[{"href":"https:\/\/diarioelpopular.com\/index.php\/wp-json\/wp\/v2\/media?parent=464707"}],"wp:term":[{"taxonomy":"category","embeddable":true,"href":"https:\/\/diarioelpopular.com\/index.php\/wp-json\/wp\/v2\/categories?post=464707"},{"taxonomy":"post_tag","embeddable":true,"href":"https:\/\/diarioelpopular.com\/index.php\/wp-json\/wp\/v2\/tags?post=464707"}],"curies":[{"name":"wp","href":"https:\/\/api.w.org\/{rel}","templated":true}]}}