{"id":465607,"date":"2016-02-01T21:21:55","date_gmt":"2016-02-02T02:21:55","guid":{"rendered":"http:\/\/diarioelpopular.com\/?p=465607"},"modified":"2016-02-01T21:22:03","modified_gmt":"2016-02-02T02:22:03","slug":"la-oms-declara-el-virus-del-zika-una-emergencia-global","status":"publish","type":"post","link":"https:\/\/diarioelpopular.com\/index.php\/2016\/02\/01\/la-oms-declara-el-virus-del-zika-una-emergencia-global\/","title":{"rendered":"La OMS declara el virus del zika una emergencia global"},"content":{"rendered":"<p style=\"color: #585858\"><a href=\"https:\/\/diarioelpopular.com\/wp-content\/uploads\/2016\/02\/1454324995_784807_1454336171_noticiarelacionadaprincipal_normal_recorte1.jpg\"><img loading=\"lazy\" decoding=\"async\" class=\"aligncenter size-large wp-image-465608\" src=\"https:\/\/diarioelpopular.com\/wp-content\/uploads\/2016\/02\/1454324995_784807_1454336171_noticiarelacionadaprincipal_normal_recorte1-560x399.jpg\" alt=\"1454324995_784807_1454336171_noticiarelacionadaprincipal_normal_recorte1\" width=\"560\" height=\"399\" \/><\/a>El Comit\u00e9 de Emergencia de la Organizaci\u00f3n Mundial de la Salud (OMS) ha declarado este lunes el virus del zika, presente ya en 24 pa\u00edses de Am\u00e9rica, como una emergencia de salud p\u00fablica de importancia internacional. El virus, que transmite el mosquito\u00a0<em>Aedes aegypti<\/em>\u00a0\u2014el mismo que el dengue y el chikungunya\u2014, normalmente provoca una infecci\u00f3n leve pero se ha asociado a casos de microcefalia en beb\u00e9s de madres infectadas y a algunos casos de s\u00edndrome de Guillain-Barr\u00e9. Una asociaci\u00f3n que ha llevado a la OMS a considerar el zika como una amenaza\u00a0<a style=\"font-style: inherit;color: #016ca2\" href=\"http:\/\/internacional.elpais.com\/internacional\/2016\/01\/28\/actualidad\/1453989176_570383.html\" target=\"_blank\">&#8220;de proporciones alarmantes&#8221;<\/a>, como la defini\u00f3 la directora general, Margaret Chan.<\/p>\n<p style=\"color: #585858\">En la rueda de prensa posterior,\u00a0 Chan, ha insistido en que la emergencia &#8220;no es por el virus del zika en s\u00ed mismo, sino por su asociaci\u00f3n con la microcefalia y otros trastornos neurol\u00f3gicos, como el s\u00edndrome de Guillain-Barr\u00e9&#8221;. Pero ha a\u00f1adido que la declaraci\u00f3n es una medida de &#8220;precauci\u00f3n&#8221;. &#8220;No pod\u00edamos esperar a que se demuestre la relaci\u00f3n&#8221;, ha afirmado.<\/p>\n<p>Eso es lo chocante de esta situaci\u00f3n. No se declara la emergencia por el virus solo, ya que habr\u00eda que haberlo hecho hace a\u00f1os, cuando empez\u00f3 a salir de \u00c1frica, sino por su posible v\u00ednculo con unas complicaciones muy graves. Y el subdirector general de la organizaci\u00f3n, David Heymann, ha a\u00f1adido que no se sabe cu\u00e1nto se tardar\u00e1 en demostrar o negar ese v\u00ednculo.<\/p>\n<p>Declarar una emergencia de salud p\u00fablica internacional, decisi\u00f3n que tom\u00f3 en 2009 con la gripe A y en 2014 con el \u00e9bola, implica poner en marcha mecanismos para coordinar la detecci\u00f3n, la prevenci\u00f3n y la vigilancia del problema; tambi\u00e9n la posibilidad de movilizar a los expertos de la OMS y fondos.<\/p>\n<section id=\"sumario_1|despiece\" class=\"sumario_despiece derecha\"><a style=\"font-style: inherit;color: #016ca2\" name=\"sumario_1\"><\/a><\/p>\n<div class=\"sumario__interior\" style=\"font-style: inherit\">\n<header class=\"sumario-encabezado\" style=\"font-style: inherit\">\n<h4 class=\"sumario-titulo\" style=\"font-style: inherit;color: #111111\"><span class=\"sin_enlace\" style=\"font-weight: inherit;font-style: inherit\">CRISIS DE SALUD P\u00daBLICA<\/span><\/h4>\n<\/header>\n<div class=\"sumario-texto\" style=\"font-style: inherit\">\n<ul class=\"en_contenido\" style=\"font-style: inherit\">\n<li style=\"font-style: inherit\"><strong style=\"font-style: inherit\">2002.<\/strong>Neumon\u00eda asi\u00e1tica. Fue la primera gran crisis sanitaria del siglo XXI. La OMS fue acusada de minimizar el problema para no enfadar a China.<\/li>\n<\/ul>\n<ul class=\"en_contenido\" style=\"font-style: inherit\">\n<li style=\"font-style: inherit\"><strong style=\"font-style: inherit\">2005.<\/strong>\u00a0Gripe aviar. La enfermedad a\u00fan no ha sido controlada, pero no es tan peligrosa en humanos como se tem\u00eda.<\/li>\n<\/ul>\n<ul class=\"en_contenido\" style=\"font-style: inherit\">\n<li style=\"font-style: inherit\"><strong style=\"font-style: inherit\">2009.<\/strong>\u00a0Gripe A. La OMS declar\u00f3 la pandemia por seguir un protocolo que no evaluaba la gravedad de la infecci\u00f3n, sino su extensi\u00f3n. Tuvo que rectificar.<\/li>\n<\/ul>\n<ul class=\"en_contenido\" style=\"font-style: inherit\">\n<li style=\"font-style: inherit\"><strong style=\"font-style: inherit\">2014.<\/strong>\u00a0\u00c9bola. Se tard\u00f3 cuatro meses en declarar el brote y otros cuatro en decretar la emergencia.<\/li>\n<\/ul>\n<\/div>\n<\/div>\n<\/section>\n<p>Jos\u00e9 Mar\u00eda Mart\u00edn Moreno, catedr\u00e1tico de medicina preventiva de la Universidad de Valencia, explica que los expertos de la OMS han establecido esa alerta global bas\u00e1ndose en dos elementos: que existe un riesgo para la salud p\u00fablica de otros Estados a causa de la propagaci\u00f3n internacional del zika y que se necesita una respuesta internacional coordinada. El especialista tambi\u00e9n ha adelantado lo que despu\u00e9s ha acordado el comit\u00e9 de expertos de la OMS: &#8220;Insistir en el fortalecimiento de la vigilancia epidemiol\u00f3gica, la creaci\u00f3n de capacidad de laboratorio para detectar el virus, la colaboraci\u00f3n en la eliminaci\u00f3n de los mosquitos, la formulaci\u00f3n de recomendaciones sobre la atenci\u00f3n cl\u00ednica y el seguimiento de las personas infectadas por el virus del zika y la definici\u00f3n de \u00e1reas de investigaci\u00f3n prioritarias sobre la enfermedad por el virus del zika y sus posibles complicaciones&#8221;, precisa Mart\u00edn Moreno, que tambi\u00e9n es asesor de la OMS para Europa.<\/p>\n<p>Adem\u00e1s, los expertos independientes y los representantes de los Estados pueden tambi\u00e9n pod\u00edan haber hecho otras recomendaciones, como aislamiento, cuarentena, actuaciones en centros de atenci\u00f3n primaria u hospitales, tratamientos. Otra opci\u00f3n es que se hagan recomendaciones sobre los viajes a las zonas afectadas, como ya han realizado Estados Unidos y las autoridades sanitarias europeas, que han aconsejado a las embarazadas \u2014el grupo de mayor riesgo\u2014 que no visiten las regiones donde se han detectado casos. Una decisi\u00f3n delicada, sobre todo para Brasil (el pa\u00eds m\u00e1s afectado por el virus), ya que puede afectar a los carnavales y a los Juegos Ol\u00edmpicos, que se celebran este verano. No ha sido el caso. Chan ha insistido en que no se recomiendan restricciones ni a los viajes ni al comercio, aunque ha admitido que una mujer embarazada &#8220;puede considerar&#8221; retrasar un viaje a la zona si no le urge, aunque, si no, lo que tiene que hacer es &#8220;consultar con su m\u00e9dico&#8221; y tomar las medidas de autoprotecci\u00f3n necesarias.<\/p>\n<p>La gesti\u00f3n del brote del zika va a ser una prueba importante para la OMS, despu\u00e9s de sus actuaciones fallidas en las crisis de la gripe A y el \u00e9bola. La OMS ha reconocido que respondi\u00f3 de manera\u00a0<a style=\"font-style: inherit;color: #016ca2\" href=\"http:\/\/sociedad.elpais.com\/sociedad\/2014\/08\/08\/actualidad\/1407523056_432292.html\" target=\"_blank\">lenta e insuficiente ante \u00e9l \u00e9bola.<\/a>\u00a0Su alerta global no fue lo bastante agresiva, su capacidad de comunicaci\u00f3n de riesgos y de reacci\u00f3n fue limitada y no fue eficaz en la coordinaci\u00f3n con otros organismos. La\u00a0Organizaci\u00f3n Mundial de la Salud tambi\u00e9n recibi\u00f3 duras cr\u00edticas por sus actuaciones poco transparentes y exageradas \u2014como las describ\u00edan dos informes, uno del Consejo de Europa y otro publicado en la prestigiosa revista cient\u00edfica\u00a0<em>British Medical Journal\u2014<\/em>\u00a0durante la pandemia de H1N1.<\/p>\n<p>La del zika es una crisis un poco distinta. Para este virus, que seg\u00fan la OMS puede afectar a tres o cuatro millones de personas, no existe tratamiento ni indemnizaci\u00f3n. Y tampoco hay perspectiva a corto plazo de lograr una vacuna. De momento, hay dos proyectos de investigaci\u00f3n trabajando en ella, pero los ensayos cl\u00ednicos no se prev\u00e9n hasta el verano, como m\u00ednimo, seg\u00fan los responsables del Centro de Prevenci\u00f3n y Control de Enfermedades de Estados Unidos (CDC, por sus siglas en ingl\u00e9s). El \u00fanico modo de luchar contra la infecci\u00f3n es prevenirla: evitar que el mosquito pique y acabar con \u00e9l.<\/p>\n","protected":false},"excerpt":{"rendered":"<p>Se han detectado casos en 24 pa\u00edses de Am\u00e9rica<\/p>\n","protected":false},"author":5842,"featured_media":0,"comment_status":"open","ping_status":"open","sticky":false,"template":"","format":"standard","meta":{"footnotes":""},"categories":[24],"tags":[],"class_list":["post-465607","post","type-post","status-publish","format-standard","hentry","category-mundo"],"_links":{"self":[{"href":"https:\/\/diarioelpopular.com\/index.php\/wp-json\/wp\/v2\/posts\/465607","targetHints":{"allow":["GET"]}}],"collection":[{"href":"https:\/\/diarioelpopular.com\/index.php\/wp-json\/wp\/v2\/posts"}],"about":[{"href":"https:\/\/diarioelpopular.com\/index.php\/wp-json\/wp\/v2\/types\/post"}],"author":[{"embeddable":true,"href":"https:\/\/diarioelpopular.com\/index.php\/wp-json\/wp\/v2\/users\/5842"}],"replies":[{"embeddable":true,"href":"https:\/\/diarioelpopular.com\/index.php\/wp-json\/wp\/v2\/comments?post=465607"}],"version-history":[{"count":1,"href":"https:\/\/diarioelpopular.com\/index.php\/wp-json\/wp\/v2\/posts\/465607\/revisions"}],"predecessor-version":[{"id":465609,"href":"https:\/\/diarioelpopular.com\/index.php\/wp-json\/wp\/v2\/posts\/465607\/revisions\/465609"}],"wp:attachment":[{"href":"https:\/\/diarioelpopular.com\/index.php\/wp-json\/wp\/v2\/media?parent=465607"}],"wp:term":[{"taxonomy":"category","embeddable":true,"href":"https:\/\/diarioelpopular.com\/index.php\/wp-json\/wp\/v2\/categories?post=465607"},{"taxonomy":"post_tag","embeddable":true,"href":"https:\/\/diarioelpopular.com\/index.php\/wp-json\/wp\/v2\/tags?post=465607"}],"curies":[{"name":"wp","href":"https:\/\/api.w.org\/{rel}","templated":true}]}}