{"id":465792,"date":"2016-02-11T13:45:22","date_gmt":"2016-02-11T18:45:22","guid":{"rendered":"http:\/\/diarioelpopular.com\/?p=465792"},"modified":"2016-02-11T13:45:32","modified_gmt":"2016-02-11T18:45:32","slug":"descubierta-la-primera-senal-de-ondas-gravitacionales","status":"publish","type":"post","link":"https:\/\/diarioelpopular.com\/index.php\/2016\/02\/11\/descubierta-la-primera-senal-de-ondas-gravitacionales\/","title":{"rendered":"Descubierta la primera se\u00f1al de ondas gravitacionales"},"content":{"rendered":"<div id=\"attachment_465793\" style=\"width: 570px\" class=\"wp-caption aligncenter\"><a href=\"https:\/\/diarioelpopular.com\/wp-content\/uploads\/2016\/02\/1455187667_608086_1455189770_noticia_normal_recorte1.jpg\"><img loading=\"lazy\" decoding=\"async\" aria-describedby=\"caption-attachment-465793\" class=\"size-large wp-image-465793\" src=\"https:\/\/diarioelpopular.com\/wp-content\/uploads\/2016\/02\/1455187667_608086_1455189770_noticia_normal_recorte1-560x420.jpg\" alt=\"Un trabajador comprueba el funcionamiento del instrumento LIGO.\" width=\"560\" height=\"420\" \/><\/a><p id=\"caption-attachment-465793\" class=\"wp-caption-text\">Un trabajador comprueba el funcionamiento del instrumento LIGO.<\/p><\/div>\n<p dir=\"ltr\" style=\"color: #444444\">La \u00faltima gran predicci\u00f3n de Albert Einstein sobre el universo se acaba de confirmar un siglo despu\u00e9s: las\u00a0<a style=\"font-style: inherit;color: #016ca2\" href=\"http:\/\/elpais.com\/elpais\/2016\/02\/10\/ciencia\/1455124978_980574.html\">ondas gravitacionales<\/a>\u00a0existen y un experimento en EE UU las ha detectado por primera vez.<\/p>\n<p dir=\"ltr\" style=\"color: #444444\">Seg\u00fan la\u00a0<a style=\"font-style: inherit;color: #016ca2\" href=\"http:\/\/elpais.com\/agr\/100_anos_de_relatividad\/a\/\">Teor\u00eda General de la Relatividad<\/a>\u00a0hay objetos que convierten parte de su masa en energ\u00eda y la desprenden en forma de ondas que viajan a la velocidad de la luz y deforman a su paso el espacio y el tiempo. La fuente de ondas gravitacionales por antonomasia es la fusi\u00f3n de dos agujeros negros supermasivos, uno de los eventos m\u00e1s violentos que han existido despu\u00e9s del Big Bang.\u00a0<a style=\"font-style: inherit;color: #016ca2\" href=\"http:\/\/elpais.com\/elpais\/2016\/01\/12\/ciencia\/1452606799_703547.html\" target=\"_blank\">El genio alem\u00e1n las predijo en 1916<\/a>\u00a0pero tambi\u00e9n advirti\u00f3 de que, si realmente hay fusiones de este tipo, suceden tan lejos que sus vibraciones ser\u00edan indetectables desde la Tierra.<\/p>\n<p dir=\"ltr\" style=\"color: #444444\">Los responsables del Observatorio de Interferometr\u00eda L\u00e1ser de Ondas Gravitacionales (LIGO), en EE UU, han anunciado hoy que han captado las ondas producidas por el choque de dos agujeros negros, la primera detecci\u00f3n directa que confirma la teor\u00eda de Einstein. El anuncio se ha hecho en una conferencia de prensa celebrada en Washington y retransmitida por Internet. Los resultados cient\u00edficos han sido aceptados para su publicaci\u00f3n en\u00a0<em>Physical Review Letters<\/em>, seg\u00fan ha informado en una nota en Instituto Tecnol\u00f3gico de California (Caltech).<\/p>\n<p>&#8220;Se\u00f1oras y se\u00f1ores, hemos detectado las ondas gravitacionales. Lo hemos conseguido&#8221;, ha exclamado el director ejecutivo del LIGO, David Reitze. &#8220;Hemos tardado meses en ver que realmente eran las ondas gravitacionales, pero lo que es verdaderamente emocionante es lo que viene despu\u00e9s, abrimos una nueva ventana al Universo&#8221;, a\u00f1adi\u00f3.<\/p>\n<section id=\"sumario_1|html\" class=\"sumario_html derecha\"><a style=\"font-style: inherit;color: #016ca2\" name=\"sumario_1\"><\/a><\/p>\n<div class=\"sumario__interior\" style=\"font-style: inherit\">\n<div class=\"sumario-texto\" style=\"font-style: inherit\">\n<blockquote style=\"font-weight: bold;color: #000000\">\n<p style=\"font-weight: inherit;font-style: inherit\">\u201cEs un descubrimiento hist\u00f3rico, que abre una nueva era en la comprensi\u00f3n del cosmos<\/p>\n<\/blockquote>\n<\/div>\n<\/div>\n<\/section>\n<p dir=\"ltr\">La primera se\u00f1al se capt\u00f3 el 14 de septiembre en los dos detectores id\u00e9nticos de este experimento, situados uno a 3.000 kil\u00f3metros del otro. La se\u00f1al ven\u00eda de una fusi\u00f3n que sucedi\u00f3 hace 1.300 millones de a\u00f1os y consisti\u00f3 en el violento abrazo de dos agujeros negros cuya masa es entre 29 y 36 veces mayor a la del Sol. Los dos agujeros se fundieron en uno liberando una energ\u00eda equivalente a tres masas solares, que sali\u00f3 despedida en forma de ondas gravitacionales en una fracci\u00f3n de segundo. Y todo este proceso de masa transform\u00e1ndose en energ\u00eda en fracciones de segundo lo describe a la perfecci\u00f3n la ecuaci\u00f3n m\u00e1s famosa del mundo E=mc<span style=\"font-style: inherit\">2<\/span>\u00a0[La energ\u00eda es igual a la masa por la velocidad de la luz al cuadrado].<\/p>\n<p dir=\"ltr\">El hallazgo abre un nuevo camino en astronom\u00eda. Hasta el momento esta se ha centrado en la luz en todas sus variantes conocidas, pero estas ondas son comparables al sonido y permiten estudiar objetos que eran totalmente invisibles hasta ahora, especialmente los agujeros negros.<\/p>\n<p dir=\"ltr\">Nuestros o\u00eddos empiezan a escuchar \u201cla sinfon\u00eda del universo\u201d, en palabras de Alicia Sintes, f\u00edsica de la Universitat de les Iles Balears (UIB) y\u00a0<a style=\"font-style: inherit;color: #016ca2\" href=\"http:\/\/grg.uib.es\/ligo\/index.php\/miembros\/\">l\u00edder del \u00fanico grupo espa\u00f1ol que ha participado en el hallazgo<\/a>. \u201cEs un descubrimiento hist\u00f3rico, que abre una nueva era en la comprensi\u00f3n del cosmos\u201d, ha resaltado.<\/p>\n<section id=\"sumario_2|html\" class=\"sumario_html izquierda\"><a style=\"font-style: inherit;color: #016ca2\" name=\"sumario_2\"><\/a><\/p>\n<div class=\"sumario__interior\" style=\"font-style: inherit\">\n<div class=\"sumario-texto\" style=\"font-style: inherit\">\n<p class=\"texto_grande\" style=\"font-weight: bold;font-style: inherit;color: #000000\">Este hallazgo abre ahora la posibilidad de usar estas ondas para estudiar el universo de una forma totalmente nueva<\/p>\n<p class=\"texto_grande\" style=\"font-weight: bold;font-style: inherit;color: #000000\">\n<\/div>\n<\/div>\n<\/section>\n<p dir=\"ltr\">Su equipo ha realizado simulaciones con superordenadores que reproducen, seg\u00fan la ley de la relatividad, todos los fen\u00f3menos que podr\u00edan producir estas ondas: parejas de estrellas de neutrones, supernovas, agujeros negros&#8230; Esas simulaciones se han comparado con la frecuencia de la se\u00f1al real que capta el LIGO y as\u00ed se sabe qu\u00e9 ha pasado exactamente, cu\u00e1l es la fuente de las ondas, c\u00f3mo est\u00e1 de lejos, etc.<\/p>\n<p dir=\"ltr\">\u201cEs parecido a esas aplicaciones que escuchan una canci\u00f3n en un bar y te dicen el artista y el nombre del tema aunque haya mucho ruido alrededor\u201d, explica Sascha Husa, investigador de la UIB y desarrollador de las simulaciones. \u201cAparte del Big Bang, las fusiones de agujeros negros son los sucesos m\u00e1s luminosos del universo\u201d, asegura.<\/p>\n<p dir=\"ltr\">Confirmar a Einstein no es lo m\u00e1s importante. Este hallazgo abre ahora la posibilidad de usar estas ondas para estudiar el universo de una forma totalmente nueva. Las ondas gravitacionales permitir\u00e1n estudiar \u201cc\u00f3mo se forman los agujeros negros, cu\u00e1ntos hay y tambi\u00e9n conocer en m\u00e1s detalle el ciclo vital de las estrellas y del universo\u201d, resalta Husa. M\u00e1s a\u00fan, este tipo de se\u00f1ales mostrar\u00e1n si estos violent\u00edsimos sucesos ocurren tal y como predice la teor\u00eda de la relatividad de Einstein o si debemos buscar otra nueva para entenderlos.<\/p>\n<h3 style=\"color: #111111\">Detector LIGO<\/h3>\n<p dir=\"ltr\">Los objetos que producen ondas gravitacionales est\u00e1n a millones de a\u00f1os luz, tan lejos de la Tierra que al llegar a nuestro planeta son \u00ednfimas ondulaciones del espacio y el tiempo. Para captarlas ha sido necesario construir el LIGO avanzado, liderado por los institutos tecnol\u00f3gicos de California y Massachusetts, Caltech y MIT, y en el que participa una colaboraci\u00f3n de unos 1.000 cient\u00edficos de 15 pa\u00edses.<\/p>\n<p dir=\"ltr\"><a style=\"font-style: inherit;color: #016ca2\" href=\"https:\/\/www.ligo.caltech.edu\/\">El LIGO<\/a>\u00a0es el instrumento \u00f3ptico de precisi\u00f3n m\u00e1s grande del mundo, con dos detectores separados por 3.000 kil\u00f3metros, uno en Luisiana y el otro en el Estado de Washington, en el noroeste de EE UU. Ambos est\u00e1n compuestos por dos haces de luz l\u00e1ser cuya longitud exacta de cuatro kil\u00f3metros ser\u00eda modificada al paso por una onda gravitacional. El instrumento es capaz de detectar una variaci\u00f3n equivalente a la diezmil\u00e9sima parte del di\u00e1metro de un n\u00facleo at\u00f3mico, la medida m\u00e1s precisa hecha nunca por un instrumento cient\u00edfico, seg\u00fan sus responsables.La construcci\u00f3n de este experimento fue propuesta por primera vez en 1980 por\u00a0<a style=\"font-style: inherit;color: #016ca2\" href=\"http:\/\/elpais.com\/elpais\/2015\/12\/23\/ciencia\/1450889653_103804.html\" target=\"_blank\">Kip Thorne<\/a>\u00a0y Ronald Drever, de Caltech, y Rainer Weiss, profesor de f\u00ed<\/p>\n<p dir=\"ltr\" style=\"color: #444444\">sica en el MIT. Es muy probable que este descubrimiento les suponga un premio Nobel pr\u00f3ximamente.<\/p>\n<p dir=\"ltr\" style=\"color: #444444\">A partir de ahora habr\u00e1 que confirmar esta primera detecci\u00f3n de LIGO y captar se\u00f1ales de eventos diferentes. En ello est\u00e1n muchos equipos cient\u00edficos alrededor del mundo. Aparte de LIGO, este a\u00f1o comenzar\u00e1 a funcionar una versi\u00f3n mejorada de otro gran observatorio de ondas gravitatorias en Europa, VIRGO. Adem\u00e1s se acaba de lanzar LISA Pathfinder, una misi\u00f3n de demostraci\u00f3n para un futuro observatorio espacial de este tipo de fen\u00f3menos.<\/p>\n<p dir=\"ltr\" style=\"color: #444444\">Qu\u00e9 son las ondas gravitacionales?<\/p>\n<p dir=\"ltr\">Las\u00a0<a style=\"font-style: inherit;color: #016ca2\" href=\"http:\/\/elpais.com\/elpais\/2016\/01\/12\/ciencia\/1452606799_703547.html\" target=\"_blank\">ondas gravitacionales<\/a>\u00a0son vibraciones en el espacio-tiempo, el material del que est\u00e1 hecho el universo. En 1916, Albert Einstein reconoci\u00f3 que, seg\u00fan su<a style=\"font-style: inherit;color: #016ca2\" href=\"http:\/\/elpais.com\/agr\/100_anos_de_relatividad\/a\/\" target=\"_blank\">Teor\u00eda General de la Relatividad<\/a>, los cuerpos m\u00e1s violentos del cosmos liberan parte de su masa en forma de energ\u00eda a trav\u00e9s de estas ondas. El f\u00edsico alem\u00e1n pens\u00f3 que no ser\u00eda posible detectarlas debido a que se originan demasiado lejos y ser\u00edan imperceptibles al llegar a la Tierra. Hoy,\u00a0<a style=\"font-style: inherit;color: #016ca2\" href=\"http:\/\/elpais.com\/elpais\/2016\/02\/11\/ciencia\/1455201194_750459.html\" target=\"_blank\">un grupo de investigadores ha hecho p\u00fablica la detecci\u00f3n por primera vez de estas ondas<\/a>.<\/p>\n<p dir=\"ltr\"><strong style=\"font-style: inherit\">\u00bfC\u00f3mo se comportan las ondas gravitacionales?<\/strong><\/p>\n<p dir=\"ltr\" style=\"color: #444444\">Las\u00a0<a style=\"font-style: inherit;color: #016ca2\" href=\"http:\/\/elpais.com\/elpais\/2016\/01\/12\/ciencia\/1452606799_703547.html\" target=\"_blank\">ondas gravitacionales<\/a>\u00a0son vibraciones en el espacio-tiempo, el material del que est\u00e1 hecho el universo. En 1916, Albert Einstein reconoci\u00f3 que, seg\u00fan su<a style=\"font-style: inherit;color: #016ca2\" href=\"http:\/\/elpais.com\/agr\/100_anos_de_relatividad\/a\/\" target=\"_blank\">Teor\u00eda General de la Relatividad<\/a>, los cuerpos m\u00e1s violentos del cosmos liberan parte de su masa en forma de energ\u00eda a trav\u00e9s de estas ondas. El f\u00edsico alem\u00e1n pens\u00f3 que no ser\u00eda posible detectarlas debido a que se originan demasiado lejos y ser\u00edan imperceptibles al llegar a la Tierra. Hoy,\u00a0<a style=\"font-style: inherit;color: #016ca2\" href=\"http:\/\/elpais.com\/elpais\/2016\/02\/11\/ciencia\/1455201194_750459.html\" target=\"_blank\">un grupo de investigadores ha hecho p\u00fablica la detecci\u00f3n por primera vez de estas ondas<\/a>.<\/p>\n<p dir=\"ltr\" style=\"color: #444444\"><strong style=\"font-style: inherit\">\u00bfC\u00f3mo se comportan las ondas gravitacionales?<\/strong><\/p>\n","protected":false},"excerpt":{"rendered":"<p>Un experimento en EE UU asegura ser el primero en confirmar la existencia del &#8220;sonido del universo&#8221; predicho por Albert Einstein<\/p>\n","protected":false},"author":5842,"featured_media":0,"comment_status":"open","ping_status":"open","sticky":false,"template":"","format":"standard","meta":{"footnotes":""},"categories":[24],"tags":[],"class_list":["post-465792","post","type-post","status-publish","format-standard","hentry","category-mundo"],"_links":{"self":[{"href":"https:\/\/diarioelpopular.com\/index.php\/wp-json\/wp\/v2\/posts\/465792","targetHints":{"allow":["GET"]}}],"collection":[{"href":"https:\/\/diarioelpopular.com\/index.php\/wp-json\/wp\/v2\/posts"}],"about":[{"href":"https:\/\/diarioelpopular.com\/index.php\/wp-json\/wp\/v2\/types\/post"}],"author":[{"embeddable":true,"href":"https:\/\/diarioelpopular.com\/index.php\/wp-json\/wp\/v2\/users\/5842"}],"replies":[{"embeddable":true,"href":"https:\/\/diarioelpopular.com\/index.php\/wp-json\/wp\/v2\/comments?post=465792"}],"version-history":[{"count":1,"href":"https:\/\/diarioelpopular.com\/index.php\/wp-json\/wp\/v2\/posts\/465792\/revisions"}],"predecessor-version":[{"id":465794,"href":"https:\/\/diarioelpopular.com\/index.php\/wp-json\/wp\/v2\/posts\/465792\/revisions\/465794"}],"wp:attachment":[{"href":"https:\/\/diarioelpopular.com\/index.php\/wp-json\/wp\/v2\/media?parent=465792"}],"wp:term":[{"taxonomy":"category","embeddable":true,"href":"https:\/\/diarioelpopular.com\/index.php\/wp-json\/wp\/v2\/categories?post=465792"},{"taxonomy":"post_tag","embeddable":true,"href":"https:\/\/diarioelpopular.com\/index.php\/wp-json\/wp\/v2\/tags?post=465792"}],"curies":[{"name":"wp","href":"https:\/\/api.w.org\/{rel}","templated":true}]}}