{"id":465816,"date":"2016-02-16T10:07:53","date_gmt":"2016-02-16T15:07:53","guid":{"rendered":"http:\/\/diarioelpopular.com\/?p=465816"},"modified":"2016-02-16T10:08:02","modified_gmt":"2016-02-16T15:08:02","slug":"taylor-swift-a-todas-las-mujeres-no-dejes-que-te-confundan","status":"publish","type":"post","link":"https:\/\/diarioelpopular.com\/index.php\/2016\/02\/16\/taylor-swift-a-todas-las-mujeres-no-dejes-que-te-confundan\/","title":{"rendered":"Taylor Swift: \u201cA todas las mujeres, no dejes que te confundan\u201d"},"content":{"rendered":"<div id=\"attachment_465817\" style=\"width: 570px\" class=\"wp-caption aligncenter\"><a href=\"https:\/\/diarioelpopular.com\/wp-content\/uploads\/2016\/02\/1455607780_289462_1455615626_noticiarelacionadaprincipal_normal_recorte1.jpg\"><img loading=\"lazy\" decoding=\"async\" aria-describedby=\"caption-attachment-465817\" class=\"size-large wp-image-465817\" src=\"https:\/\/diarioelpopular.com\/wp-content\/uploads\/2016\/02\/1455607780_289462_1455615626_noticiarelacionadaprincipal_normal_recorte1-560x399.jpg\" alt=\"Taylor Swift y Ed Sheeran coronan el pop en los premios Grammy\" width=\"560\" height=\"399\" \/><\/a><p id=\"caption-attachment-465817\" class=\"wp-caption-text\">Taylor Swift y Ed Sheeran coronan el pop en los premios Grammy<\/p><\/div>\n<p style=\"color: #444444\">Pasaban las ocho y media de la tarde en Los \u00c1ngeles cuando\u00a0<a style=\"font-style: inherit;color: #016ca2\" href=\"http:\/\/elpais.com\/cultura\/2016\/02\/15\/actualidad\/1455569620_147899.html\">Taylor Swift fue coronada<\/a>\u00a0en el escenario del Staples Center como la autora del mejor disco del a\u00f1o seg\u00fan la industria de la m\u00fasica,\u00a0<em>1989<\/em>. Hasta ese momento no estaba nada claro su triunfo, pues de las seis nominaciones previas solo hab\u00eda conseguido dos y hab\u00eda tenido que compartir los premios de la categor\u00eda pop, su h\u00e1bitat natural, con su amigo Ed Sheeran. La explosi\u00f3n de alegr\u00eda parec\u00eda sincera cuando subi\u00f3 al escenario. Tiene 26 a\u00f1os y es la \u00fanica mujer en la historia en conseguir este premio dos veces.<\/p>\n<p style=\"color: #444444\">En el escenario dio la impresi\u00f3n de tener muy claro lo que quer\u00eda decir. Estas fueron sus palabras: \u201cQuiero decir a todas las mujeres j\u00f3venes: habr\u00e1 gente en el camino que tratar\u00e1 de despreciar vuestro \u00e9xito o llevarse el cr\u00e9dito por vuestros logros o vuestra fama. Pero si te centras en el trabajo y no dejas que esa gente te confunda, alg\u00fan d\u00eda llegaras a tu destino, mirar\u00e1s a tu alrededor y sabr\u00e1s que fuiste t\u00fa y la gente que te quiere los que te pusieron aqu\u00ed arriba, y ser\u00e1 el mejor sentimiento del mundo\u201d.<\/p>\n<p style=\"color: #444444\">Las palabras de Swift no son solo de \u00e1nimo para las mujeres de su generaci\u00f3n. Se producen en un contexto un tanto particular. El pasado 11 de febrero, el rapero Kanye West present\u00f3 su nuevo disco,\u00a0<em>The Life of Pablo<\/em>. En \u00e9l hay una canci\u00f3n llamada\u00a0<em>Famous<\/em>\u00a0donde rapea: \u201cCreo que Taylor y yo todav\u00eda podemos tener sexo. \u00bfPor qu\u00e9? Yo hice famosa a esa puta\u201d. La frase literal en ingl\u00e9s es\u00a0<em>&#8220;I made that bitch famous&#8221;.<\/em><\/p>\n<p style=\"color: #444444\">Seg\u00fan West, \u00e9l avis\u00f3 a Swift de la letra de la canci\u00f3n. Un representante de la artista ha negado esta versi\u00f3n a los medios especializados y ha asegurado que West intent\u00f3 que Swift promocionara la canci\u00f3n en su cuenta de Twitter. Ella se neg\u00f3 y adem\u00e1s le advirti\u00f3 de que no sacara una canci\u00f3n con un mensaje \u201cmis\u00f3gino\u201d, seg\u00fan esta versi\u00f3n.<\/p>\n<p style=\"color: #444444\">El discurso de Taylor Swift fue interpretado como una respuesta directa a West, que de esta forma logra colarse una vez m\u00e1s en unos premios que no son suyos. Durante la ceremonia de los Video Music Awards de 2009, West subi\u00f3 al escenario e interrumpi\u00f3 a Taylor Swift cuando esta agradec\u00eda el premio a su videoclip\u00a0<em>You Belong to Me.<\/em>\u00a0El rapero reivindic\u00f3 de una manera verdaderamente inc\u00f3moda que videoclip de Beyonc\u00e9 era mejor con Swift en el escenario. En\u00a0<a style=\"font-style: inherit;color: #016ca2\" href=\"http:\/\/cultura.elpais.com\/cultura\/2015\/02\/09\/actualidad\/1423455509_789666.html\">los Grammy del pasado<\/a>, cuando Beck gan\u00f3 contra pron\u00f3stico el premio al disco del a\u00f1o por\u00a0<em>Morning Phase<\/em>, Kanye West volvi\u00f3 a subir al escenario a interrumpirle y a reivindicar que el disco de Beyonc\u00e9 estaba m\u00e1s trabajado. Kanye West no estuvo en los Grammy de este lunes, pero consigui\u00f3 hacerse presente de nuevo.<\/p>\n<p style=\"color: #444444\">\n","protected":false},"excerpt":{"rendered":"<p>La triunfadora de los Grammy hace en su discurso una reivindicaci\u00f3n feminista tras ser insultada por Kanye West.<\/p>\n","protected":false},"author":5842,"featured_media":0,"comment_status":"open","ping_status":"open","sticky":false,"template":"","format":"standard","meta":{"footnotes":""},"categories":[2482,24],"tags":[],"class_list":["post-465816","post","type-post","status-publish","format-standard","hentry","category-espectaculo","category-mundo"],"_links":{"self":[{"href":"https:\/\/diarioelpopular.com\/index.php\/wp-json\/wp\/v2\/posts\/465816","targetHints":{"allow":["GET"]}}],"collection":[{"href":"https:\/\/diarioelpopular.com\/index.php\/wp-json\/wp\/v2\/posts"}],"about":[{"href":"https:\/\/diarioelpopular.com\/index.php\/wp-json\/wp\/v2\/types\/post"}],"author":[{"embeddable":true,"href":"https:\/\/diarioelpopular.com\/index.php\/wp-json\/wp\/v2\/users\/5842"}],"replies":[{"embeddable":true,"href":"https:\/\/diarioelpopular.com\/index.php\/wp-json\/wp\/v2\/comments?post=465816"}],"version-history":[{"count":1,"href":"https:\/\/diarioelpopular.com\/index.php\/wp-json\/wp\/v2\/posts\/465816\/revisions"}],"predecessor-version":[{"id":465818,"href":"https:\/\/diarioelpopular.com\/index.php\/wp-json\/wp\/v2\/posts\/465816\/revisions\/465818"}],"wp:attachment":[{"href":"https:\/\/diarioelpopular.com\/index.php\/wp-json\/wp\/v2\/media?parent=465816"}],"wp:term":[{"taxonomy":"category","embeddable":true,"href":"https:\/\/diarioelpopular.com\/index.php\/wp-json\/wp\/v2\/categories?post=465816"},{"taxonomy":"post_tag","embeddable":true,"href":"https:\/\/diarioelpopular.com\/index.php\/wp-json\/wp\/v2\/tags?post=465816"}],"curies":[{"name":"wp","href":"https:\/\/api.w.org\/{rel}","templated":true}]}}