{"id":465882,"date":"2016-02-18T13:55:14","date_gmt":"2016-02-18T18:55:14","guid":{"rendered":"http:\/\/diarioelpopular.com\/?p=465882"},"modified":"2016-02-18T13:55:45","modified_gmt":"2016-02-18T18:55:45","slug":"el-papa-francisco-dice-que-donald-trump-no-es-cristiano","status":"publish","type":"post","link":"https:\/\/diarioelpopular.com\/index.php\/2016\/02\/18\/el-papa-francisco-dice-que-donald-trump-no-es-cristiano\/","title":{"rendered":"El papa Francisco dice que Donald Trump no es cristiano"},"content":{"rendered":"<p style=\"color: #444444\"><a href=\"https:\/\/diarioelpopular.com\/wp-content\/uploads\/2016\/02\/1455815694_361393_1455817729_noticia_normal_recorte1.jpg\"><img loading=\"lazy\" decoding=\"async\" class=\"aligncenter size-large wp-image-465883\" src=\"https:\/\/diarioelpopular.com\/wp-content\/uploads\/2016\/02\/1455815694_361393_1455817729_noticia_normal_recorte1-560x370.jpg\" alt=\"1455815694_361393_1455817729_noticia_normal_recorte1\" width=\"560\" height=\"370\" \/><\/a>El Papa ha criticado este jueves a Donald Trump. Y Donald Trump ha contraatacado -de otra manera, no ser\u00eda Donald Trump-. Poco importa si es el Papa. A bordo del avi\u00f3n que le traslada de vuelta a Roma, el Pont\u00edfice dijo que \u201cuna persona que piensa s\u00f3lo en hacer muros, sea donde sea, y no hacer puentes, no es cristiano&#8221;. El titular estaba servido. El Papa no considera cristiano a Trump -quien estos d\u00edas ondea una Biblia all\u00e1 donde va para ganar el voto m\u00e1s religioso en las pr\u00f3ximas primarias de Carolina del Sur, anclada en pleno\u00a0<em>Bible Belt<\/em>\u00a0 (cintur\u00f3n b\u00edblico que engloba estados sure\u00f1os).<\/p>\n<p style=\"color: #444444\">&#8220;Sobre si aconsejar\u00eda votar o no votar, no me meto&#8221;, prosigui\u00f3 Francisco. &#8220;Solo digo: este hombre no es cristiano\u201d.<\/p>\n<p style=\"color: #444444\">Incre\u00edble la rapidez con la que Trump reaccion\u00f3 y adem\u00e1s emiti\u00f3 un comunicado, una declaraci\u00f3n de guerra en toda regla al jefe de la Iglesia. El encabezado de tal comunicado rezaba as\u00ed: &#8220;Donald J. Trump responde al Papa&#8221;. Grandilocuencia para un personaje grandilocuente. &#8220;El Papa desear\u00eda y rezar\u00eda por que yo fuera presidente si el Vaticano fuera atacado por el Estado Isl\u00e1mico&#8221;, ha dicho el magnate neoyorquino esta ma\u00f1ana en un acto en Kiawah Island (Carolina del Sur), mientras era jaleado por sus seguidores.&#8221;Que un l\u00edder religioso cuestione la fe de una persona es vergonzoso&#8221;, ha declarado Trump. &#8220;Estoy orgulloso de ser cristiano y como presidente no tolerar\u00e9 que se debilite y ataque de forma constante a la cristiandad, como sucede ahora, con nuestro actual presidente&#8221;, proclam\u00f3 Trump en referencia a Barack Obama.<\/p>\n<p>En opini\u00f3n de Trump, &#8220;el Gobierno mexicano y sus l\u00edderes han hecho al Papa comentarios en los que me menosprecian, porque su intenci\u00f3n es seguir saqueando a Estados Unidos, tanto en el \u00e1rea comercial como en la frontera&#8221;. El Papa acaba de poner fin a casi una semana de viaje por el continente americano que le llev\u00f3 de Cuba a M\u00e9xico.<\/p>\n<p>&#8220;Est\u00e1n usando al Papa como un pe\u00f3n y deber\u00edan de estar avergonzados por ello, sobre todo cuando hay tantas vidas en juego y la inmigraci\u00f3n ilegal no para de crecer&#8221;, asegura en su comunicado Trump respecto a M\u00e9xico.<\/p>\n<p>Dentro de sus bravatas y ataques, el magnate estadounidense ha asegurado a lo largo de la campa\u00f1a que, de ganar la presidencia de los Estados Unidos, construir\u00e1 un muro de 2.500 kil\u00f3metros a lo largo de la frontera con M\u00e9xico y deportar\u00e1 a 11 millones de inmigrantes.<\/p>\n<p>El \u00faltimo acto del Papa en M\u00e9xico fue la celebraci\u00f3n de una misa justo en la frontera entre Ciudad Ju\u00e1rez y El Paso.<\/p>\n","protected":false},"excerpt":{"rendered":"<p>Trump contesta: &#8220;El Papa desear\u00eda y rezar\u00eda por que yo fuera presidente si el Vaticano fuera atacado por el Estado Isl\u00e1mico&#8221;<\/p>\n","protected":false},"author":5842,"featured_media":0,"comment_status":"open","ping_status":"open","sticky":false,"template":"","format":"standard","meta":{"footnotes":""},"categories":[24],"tags":[],"class_list":["post-465882","post","type-post","status-publish","format-standard","hentry","category-mundo"],"_links":{"self":[{"href":"https:\/\/diarioelpopular.com\/index.php\/wp-json\/wp\/v2\/posts\/465882","targetHints":{"allow":["GET"]}}],"collection":[{"href":"https:\/\/diarioelpopular.com\/index.php\/wp-json\/wp\/v2\/posts"}],"about":[{"href":"https:\/\/diarioelpopular.com\/index.php\/wp-json\/wp\/v2\/types\/post"}],"author":[{"embeddable":true,"href":"https:\/\/diarioelpopular.com\/index.php\/wp-json\/wp\/v2\/users\/5842"}],"replies":[{"embeddable":true,"href":"https:\/\/diarioelpopular.com\/index.php\/wp-json\/wp\/v2\/comments?post=465882"}],"version-history":[{"count":1,"href":"https:\/\/diarioelpopular.com\/index.php\/wp-json\/wp\/v2\/posts\/465882\/revisions"}],"predecessor-version":[{"id":465884,"href":"https:\/\/diarioelpopular.com\/index.php\/wp-json\/wp\/v2\/posts\/465882\/revisions\/465884"}],"wp:attachment":[{"href":"https:\/\/diarioelpopular.com\/index.php\/wp-json\/wp\/v2\/media?parent=465882"}],"wp:term":[{"taxonomy":"category","embeddable":true,"href":"https:\/\/diarioelpopular.com\/index.php\/wp-json\/wp\/v2\/categories?post=465882"},{"taxonomy":"post_tag","embeddable":true,"href":"https:\/\/diarioelpopular.com\/index.php\/wp-json\/wp\/v2\/tags?post=465882"}],"curies":[{"name":"wp","href":"https:\/\/api.w.org\/{rel}","templated":true}]}}